{"id":4032,"date":"2024-03-03T18:09:53","date_gmt":"2024-03-03T18:09:53","guid":{"rendered":"https:\/\/concernedcitizens.ro\/?p=4032"},"modified":"2024-04-27T12:05:04","modified_gmt":"2024-04-27T12:05:04","slug":"guvernare-loacala-responsabila","status":"publish","type":"post","link":"https:\/\/concernedcitizens.ro\/?p=4032&lang=ro","title":{"rendered":"Guvernare local\u0103 responsabil\u0103"},"content":{"rendered":"\n<p>2024 este un an de importan\u021b\u0103 major\u0103, marc\u00e2nd alegerile locale, parlamentare, pentru Parlamentul European \u0219i preziden\u021bialele. \u00cen ultimii patru ani, am fost martorii unor schimb\u0103ri structurale \u0219i de mentalitate, iar accentuarea schimb\u0103rilor climatice a devenit evident\u0103, cu efectele sale integrate \u00een via\u021ba noastr\u0103 de zi cu zi. Viitorul genera\u021biilor urm\u0103toare este influen\u021bat de deciziile liderilor politici actuali \u0219i viitori, fie ele pozitive sau negative. De aceea, este esen\u021bial ca liderii comunit\u0103\u021bilor &#8211; indiferent de dimensiunea acestora &#8211; s\u0103 fie con\u0219tien\u021bi de impactul ac\u021biunilor lor \u0219i s\u0103 fie motiva\u021bi de viitorul comunit\u0103\u021bii lor \u00een detrimentul c\u00e2\u0219tigurilor pe termen scurt.<\/p>\n\n\n\n<p>Chestionarul \u00eentocmit de grupul C.C. con\u021bine \u00eentreb\u0103ri concepute pentru a orienta spre o guvernare responsabil\u0103. Prin aceste \u00eentreb\u0103ri \u0219i r\u0103spunsurile asociate, dorim s\u0103 ar\u0103t\u0103m aleg\u0103torilor care sunt provoc\u0103rile cu care se confrunt\u0103 liderii administra\u021biilor locale \u0219i jude\u021bene, ce realiz\u0103ri au ob\u021binut, de ce doresc s\u0103 candideze din nou la alegeri (dac\u0103 este cazul), ce planuri au pentru dezvoltarea localit\u0103\u021bii \u0219i a comunit\u0103\u021bii, \u0219i c\u00e2t de important\u0103 este pentru ei soarta prezentului \u0219i viitorul localit\u0103\u021bii lor.<\/p>\n\n\n\n<p>R\u0103spunsurile la \u00eentreb\u0103rile din chestionar ofer\u0103, pe de o parte, posibilitatea ca un primar sau consilier s\u0103 fac\u0103 o evaluare sincer\u0103 a realiz\u0103rilor \u0219i e\u0219ecurilor din ultimii patru ani \u0219i s\u0103 le prezinte aleg\u0103torilor \u00een mod transparent. Pe de alt\u0103 parte, aceste r\u0103spunsuri ajut\u0103 aleg\u0103torii s\u0103 \u00ee\u0219i aleag\u0103 cu \u00eencredere liderii comunit\u0103\u021bii, av\u00e2nd acces la informa\u021bii esen\u021biale \u0219i responsabile. Prin intermediul r\u0103spunsurilor lor, candida\u021bii au oportunitatea de a-\u0219i prezenta \u00een mod structurat programul electoral \u0219i proiectele de viitor. Chestionarul pentru Guvernare Responsabil\u0103 \u0219i r\u0103spunsurile vor fi publicate pe site-ul nostru, <a href=\"https:\/\/concernedcitizens.ro\/\">https:\/\/concernedcitizens.ro<\/a>, \u00eentr-un efort de transparen\u021b\u0103 \u0219i responsabilitate fa\u021b\u0103 de comunitate.<\/p>\n\n\n\n<div class=\"wp-block-uagb-countdown uagb-block-aa1bf037 felelossegteljes_onkormanyzas_countdown\"><div class=\"wp-block-uagb-countdown__box wp-block-uagb-countdown__box-days\"><div role=\"timer\" aria-live=\"off\" class=\"wp-block-uagb-countdown__time wp-block-uagb-countdown__time-days\">&#8211;<\/div><div class=\"wp-block-uagb-countdown__label\">zile<\/div><\/div><div class=\"wp-block-uagb-countdown__box wp-block-uagb-countdown__box-hours\"><div role=\"timer\" aria-live=\"off\" class=\"wp-block-uagb-countdown__time wp-block-uagb-countdown__time-hours\">&#8211;<\/div><div class=\"wp-block-uagb-countdown__label\">ore<\/div><\/div><div class=\"wp-block-uagb-countdown__box wp-block-uagb-countdown__box-minutes\"><div role=\"timer\" aria-live=\"off\" class=\"wp-block-uagb-countdown__time wp-block-uagb-countdown__time-minutes\">&#8211;<\/div><div class=\"wp-block-uagb-countdown__label\">minute<\/div><\/div><div class=\"wp-block-uagb-countdown__box wp-block-uagb-countdown__box-seconds\"><div role=\"timer\" aria-live=\"off\" class=\"wp-block-uagb-countdown__time wp-block-uagb-countdown__time-seconds\">&#8211;<\/div><div class=\"wp-block-uagb-countdown__label\">secunde<\/div><\/div><\/div>\n\n\n\n<div class=\"wp-block-uagb-tabs uagb-block-ef772e33 uagb-tabs__wrap uagb-tabs__hstyle1-desktop uagb-tabs__vstyle6-tablet uagb-tabs__stack1-mobile demo-contact-form-7\" data-tab-active=\"0\"><ul class=\"uagb-tabs__panel uagb-tabs__align-left\" role=\"tablist\"><li class=\"uagb-tab uagb-tabs__active\" role=\"none\"><a href=\"#uagb-tabs__tab0\" class=\"uagb-tabs-list uagb-tabs__icon-position-left\" data-tab=\"0\" role=\"tab\"><div>Primari<\/div><\/a><\/li><li class=\"uagb-tab \" role=\"none\"><a href=\"#uagb-tabs__tab1\" class=\"uagb-tabs-list uagb-tabs__icon-position-left\" data-tab=\"1\" role=\"tab\"><div>Consilieri locali<\/div><\/a><\/li><li class=\"uagb-tab \" role=\"none\"><a href=\"#uagb-tabs__tab2\" class=\"uagb-tabs-list uagb-tabs__icon-position-left\" data-tab=\"2\" role=\"tab\"><div>Consilieri jude\u021beni<\/div><\/a><\/li><li class=\"uagb-tab \" role=\"none\"><a href=\"#uagb-tabs__tab3\" class=\"uagb-tabs-list uagb-tabs__icon-position-left\" data-tab=\"3\" role=\"tab\"><div>Pre\u0219edin\u021bi de consilii jude\u021bene<\/div><\/a><\/li><\/ul><div class=\"uagb-tabs__body-wrap\">\n<div class=\"wp-block-uagb-tabs-child uagb-tabs__body-container uagb-inner-tab-0 demo-contact-form-7\" aria-labelledby=\"uagb-tabs__tab0\">\n<div class=\"wp-block-contact-form-7-contact-form-selector\"><div class=\"cf7sg-container\"><div id=\"cf7sg-form-glr_polga\" class=\"cf7-smart-grid has-table has-grid key_glr_polga\">\n<div class=\"wpcf7 no-js\" id=\"wpcf7-f4119-o1\" lang=\"ro-RO\" dir=\"ltr\">\n<div class=\"screen-reader-response\"><p role=\"status\" aria-live=\"polite\" aria-atomic=\"true\"><\/p> <ul><\/ul><\/div>\n<form action=\"\/index.php?rest_route=%2Fwp%2Fv2%2Fposts%2F4032#wpcf7-f4119-o1\" method=\"post\" class=\"wpcf7-form init\" aria-label=\"Formular de contact\" enctype=\"multipart\/form-data\" novalidate=\"novalidate\" data-status=\"init\"><fieldset >\n<div style=\"display: none;\">\n<input type=\"hidden\" name=\"_wpcf7\" value=\"4119\" \/>\n<input type=\"hidden\" name=\"_wpcf7_version\" value=\"5.8.7\" \/>\n<input type=\"hidden\" name=\"_wpcf7_locale\" value=\"ro_RO\" \/>\n<input type=\"hidden\" name=\"_wpcf7_unit_tag\" value=\"wpcf7-f4119-o1\" \/>\n<input type=\"hidden\" name=\"_wpcf7_container_post\" value=\"0\" \/>\n<input type=\"hidden\" name=\"_wpcf7_posted_data_hash\" value=\"\" \/>\n<input type=\"hidden\" name=\"_wpcf7_key\" value=\"glr_polga\" \/>\n<input type=\"hidden\" name=\"_cf7sg_toggles\" value=\"\" \/>\n<input type=\"hidden\" name=\"_cf7sg_version\" value=\"4.15.7\" \/>\n<input type=\"hidden\" name=\"_wpnonce\" value=\"ff2ee20e15\" \/>\n<input type=\"hidden\" name=\"_wpcf7_lang\" value=\"\" \/>\n<input type=\"hidden\" name=\"_map_author\" value=\"1\" \/>\n<input type=\"hidden\" name=\"_c2p_nonce\" value=\"3a1938e47f\" \/>\n<\/div>\n<div class=\"container\">\n  <div class=\"row\">\n    <div class=\"columns full\">\n      <div class=\"container\">\n        <div class=\"row\">\n          <div class=\"columns full\">\n            <div class=\"field textarea required\"><label for=\"\">V\u0103 rug\u0103m s\u0103 prezenta\u021bi pe scurt trei proiecte municipale remarcabile din perspectiva comunit\u0103\u021bii, care au fost realizate \u00een ultimii 4 ani:<em>*<\/em><\/label><span class=\"wpcf7-form-control-wrap\" data-name=\"projektek\"><textarea cols=\"40\" rows=\"5\" class=\"wpcf7-form-control wpcf7-textarea wpcf7-validates-as-required\" aria-required=\"true\" aria-invalid=\"false\" name=\"projektek\"><\/textarea><\/span>\n              <p class=\"info-tip\"><\/p>\n            <\/div>\n          <\/div>\n        <\/div>\n      <\/div>\n      <div class=\"container\">\n        <div class=\"row\">\n          <div class=\"columns full\">\n            <div class=\"field textarea required\"><label for=\"\">Dac\u0103 ve\u021bi candida din nou pentru func\u021bia de primar \u00een acest an superelectoral, care sunt obiectivele dumneavoastr\u0103? Ce dori\u021bi s\u0103 dezvolta\u021bi \u00een cadrul comunit\u0103\u021bii locale? V\u0103 rug\u0103m s\u0103 descrie\u021bi cele trei obiective principale:<em>*<\/em><\/label><span class=\"wpcf7-form-control-wrap\" data-name=\"celok\"><textarea cols=\"40\" rows=\"5\" class=\"wpcf7-form-control wpcf7-textarea wpcf7-validates-as-required\" aria-required=\"true\" aria-invalid=\"false\" name=\"celok\"><\/textarea><\/span>\n              <p class=\"info-tip\"><\/p>\n            <\/div>\n          <\/div>\n        <\/div>\n      <\/div>\n      <div class=\"container\">\n        <div class=\"row\">\n          <div class=\"columns full\">\n            <div class=\"field textarea required\"><label for=\"\">\u00cen ultimii 4 ani, c\u00e2te audien\u021be publice a\u021bi organizat? Pe ce teme, c\u00e2\u021bi participan\u021bi au fost prezen\u021bi, cum a\u021bi anun\u021bat audien\u021ba public\u0103, au fost realizate procese-verbale, unde pot fi accesate?<em>*<\/em><\/label><span class=\"wpcf7-form-control-wrap\" data-name=\"kozmeghallgatasok\"><textarea cols=\"40\" rows=\"5\" class=\"wpcf7-form-control wpcf7-textarea wpcf7-validates-as-required\" aria-required=\"true\" aria-invalid=\"false\" name=\"kozmeghallgatasok\"><\/textarea><\/span>\n              <p class=\"info-tip\"><\/p>\n            <\/div>\n          <\/div>\n        <\/div>\n      <\/div>\n      <div class=\"container\">\n        <div class=\"row\">\n          <div class=\"columns full\">\n            <div class=\"field textarea required\"><label for=\"\">\u00cen ultimii 4 ani, c\u00e2te ore de audien\u021b\u0103 a\u021bi avut \u0219i c\u00e2\u021bi locuitori a\u021bi primit? Care au fost cele trei principale pl\u00e2ngeri ale locuitorilor \u00een timpul audien\u021belor? V\u0103 rug\u0103m s\u0103 le enumera\u021bi:<em>*<\/em><\/label><span class=\"wpcf7-form-control-wrap\" data-name=\"fogadoorak\"><textarea cols=\"40\" rows=\"5\" class=\"wpcf7-form-control wpcf7-textarea wpcf7-validates-as-required\" aria-required=\"true\" aria-invalid=\"false\" name=\"fogadoorak\"><\/textarea><\/span>\n              <p class=\"info-tip\"><\/p>\n            <\/div>\n          <\/div>\n        <\/div>\n      <\/div>\n      <div class=\"container\">\n        <div class=\"row\">\n          <div class=\"columns full\">\n            <div class=\"field textarea required\"><label for=\"\">\u00cen ultimii 4 ani, c\u00e2te solicit\u0103ri de informa\u021bii de interes public au fost depuse la birou? (Legea nr. 544 din 2001) V\u0103 rug\u0103m s\u0103 ata\u0219a\u021bi linkul c\u0103tre rezumatele anuale ale solicit\u0103rilor de informa\u021bii depuse:<em>*<\/em><\/label><span class=\"wpcf7-form-control-wrap\" data-name=\"adatigenylesek\"><textarea cols=\"40\" rows=\"5\" class=\"wpcf7-form-control wpcf7-textarea wpcf7-validates-as-required\" aria-required=\"true\" aria-invalid=\"false\" name=\"adatigenylesek\"><\/textarea><\/span>\n              <p class=\"info-tip\"><\/p>\n            <\/div>\n          <\/div>\n        <\/div>\n      <\/div>\n      <div class=\"container\">\n        <div class=\"row\">\n          <div class=\"columns full\">\n            <div class=\"field textarea required\"><label for=\"\">\u00cen localitatea (ora\u0219\/comun\u0103) dumneavoastr\u0103, \u00een ultimii 4 ani, au fost denumite institu\u021bii, str\u0103zi sau pie\u021be dup\u0103 persoane de na\u021bionalitate rom\u00e2n\u0103, maghiar\u0103, sau de alte na\u021bionalit\u0103\u021bi? Care sunt acestea, ce nume au primit \u0219i de ce?<em>*<\/em><\/label><span class=\"wpcf7-form-control-wrap\" data-name=\"kozteruletek\"><textarea cols=\"40\" rows=\"5\" class=\"wpcf7-form-control wpcf7-textarea wpcf7-validates-as-required\" aria-required=\"true\" aria-invalid=\"false\" name=\"kozteruletek\"><\/textarea><\/span>\n              <p class=\"info-tip\"><\/p>\n            <\/div>\n          <\/div>\n        <\/div>\n      <\/div>\n      <div class=\"container\">\n        <div class=\"row\">\n          <div class=\"columns full\">\n            <div class=\"field textarea required\"><label for=\"\">Cum au fost aplicate articolele din Codul Administrativ (Ordonan\u021ba de Urgen\u021b\u0103 a Guvernului nr. 57 din 2019) referitoare la utilizarea limbii maghiare \u00een ultimii 4 ani?<em>*<\/em><\/label><span class=\"wpcf7-form-control-wrap\" data-name=\"kodex\"><textarea cols=\"40\" rows=\"5\" class=\"wpcf7-form-control wpcf7-textarea wpcf7-validates-as-required\" aria-required=\"true\" aria-invalid=\"false\" name=\"kodex\"><\/textarea><\/span>\n              <p class=\"info-tip\"><\/p>\n            <\/div>\n          <\/div>\n        <\/div>\n      <\/div>\n      <div class=\"container\">\n        <div class=\"row\">\n          <div class=\"columns eleven offset-one\">\n            <div class=\"field textarea required\"><label for=\"\">\u00cen ce limb\u0103 sau limbi se desf\u0103\u0219oar\u0103 \u0219edin\u021bele consiliului?<em>*<\/em><\/label><span class=\"wpcf7-form-control-wrap\" data-name=\"tanacsulesek\"><textarea cols=\"40\" rows=\"5\" class=\"wpcf7-form-control wpcf7-textarea wpcf7-validates-as-required\" aria-required=\"true\" aria-invalid=\"false\" name=\"tanacsulesek\"><\/textarea><\/span>\n              <p class=\"info-tip\"><\/p>\n            <\/div>\n          <\/div>\n        <\/div>\n      <\/div>\n      <div class=\"container\">\n        <div class=\"row\">\n          <div class=\"columns eleven offset-one\">\n            <div class=\"field textarea required\"><label for=\"\">Pe panoul de anun\u021buri al prim\u0103riei, \u00een ce limbi sunt afi\u0219ate informa\u021biile de interes public?<em>*<\/em><\/label><span class=\"wpcf7-form-control-wrap\" data-name=\"hirdetotablak\"><textarea cols=\"40\" rows=\"5\" class=\"wpcf7-form-control wpcf7-textarea wpcf7-validates-as-required\" aria-required=\"true\" aria-invalid=\"false\" name=\"hirdetotablak\"><\/textarea><\/span>\n              <p class=\"info-tip\"><\/p>\n            <\/div>\n          <\/div>\n        <\/div>\n      <\/div>\n      <div class=\"container\">\n        <div class=\"row\">\n          <div class=\"columns eleven offset-one\">\n            <div class=\"field textarea required\"><label for=\"\">Sunt traduse hot\u0103r\u00e2rile consiliului cu caracter normativ \u00een limba maghiar\u0103?<em>*<\/em><\/label><span class=\"wpcf7-form-control-wrap\" data-name=\"hatarozatok\"><textarea cols=\"40\" rows=\"5\" class=\"wpcf7-form-control wpcf7-textarea wpcf7-validates-as-required\" aria-required=\"true\" aria-invalid=\"false\" name=\"hatarozatok\"><\/textarea><\/span>\n              <p class=\"info-tip\"><\/p>\n            <\/div>\n          <\/div>\n        <\/div>\n      <\/div>\n      <div class=\"container\">\n        <div class=\"row\">\n          <div class=\"columns eleven offset-one\">\n            <div class=\"field textarea required\"><label for=\"\">\u00cen ce limb\u0103 sunt inscrip\u021biile de pe u\u0219ile birourilor? Fotografii.<em>*<\/em><\/label><span class=\"wpcf7-form-control-wrap\" data-name=\"irodak\"><textarea cols=\"40\" rows=\"5\" class=\"wpcf7-form-control wpcf7-textarea wpcf7-validates-as-required\" aria-required=\"true\" aria-invalid=\"false\" name=\"irodak\"><\/textarea><\/span>\n              <p class=\"info-tip\"><\/p>\n            <\/div>\n          <\/div>\n        <\/div>\n      <\/div>\n      <div class=\"container cf7-sg-table\" id=\"cf7-sg-table-1708375398746\" data-button=\"Adaug\u0103 fotografie\">\n        <div class=\"row cf7-sg-table\">\n          <div class=\"columns eleven offset-one\">\n            <div class=\"field file\"><label for=\"\"><\/label><span class=\"wpcf7-form-control-wrap\" data-name=\"kepek\"><input size=\"40\" class=\"wpcf7-form-control wpcf7-file\" accept=\"image\/*\" aria-invalid=\"false\" type=\"file\" name=\"kepek\" \/><\/span>\n              <p class=\"info-tip\"><\/p>\n            <\/div>\n          <\/div>\n        <\/div>\n      <\/div>\n      <div class=\"container\">\n        <div class=\"row\">\n          <div class=\"columns eleven offset-one\">\n            <div class=\"field textarea required\"><label for=\"\">C\u00e2te cereri\/peti\u021bii \u00een limba maghiar\u0103 au fost depuse \u00een ultimii 4 ani?<em>*<\/em><\/label><span class=\"wpcf7-form-control-wrap\" data-name=\"beadvanyok\"><textarea cols=\"40\" rows=\"5\" class=\"wpcf7-form-control wpcf7-textarea wpcf7-validates-as-required\" aria-required=\"true\" aria-invalid=\"false\" name=\"beadvanyok\"><\/textarea><\/span>\n              <p class=\"info-tip\"><\/p>\n            <\/div>\n          <\/div>\n        <\/div>\n      <\/div>\n      <div class=\"container\">\n        <div class=\"row\">\n          <div class=\"columns eleven offset-one\">\n            <div class=\"field textarea required\"><label for=\"\">Exist\u0103 angaja\u021bi la serviciul clien\u021bi care cunosc limba maghiar\u0103 \u0219i vorbesc \u00een maghiar\u0103 cu locuitorii maghiari?<em>*<\/em><\/label><span class=\"wpcf7-form-control-wrap\" data-name=\"ugyfelszolgalat\"><textarea cols=\"40\" rows=\"5\" class=\"wpcf7-form-control wpcf7-textarea wpcf7-validates-as-required\" aria-required=\"true\" aria-invalid=\"false\" name=\"ugyfelszolgalat\"><\/textarea><\/span>\n              <p class=\"info-tip\"><\/p>\n            <\/div>\n          <\/div>\n        <\/div>\n      <\/div>\n      <div class=\"container\">\n        <div class=\"row\">\n          <div class=\"columns full\">\n            <div class=\"field textarea required\"><label for=\"\">Pe baza experien\u021belor din ultimii 4 ani, locuitorii localit\u0103\u021bii pe care o conduce\u021bi sunt con\u0219tien\u021bi de drepturile lor? Minorit\u0103\u021bile na\u021bionale care locuiesc \u00een localitate \u00ee\u0219i cunosc drepturile lingvistice? Particip\u0103 la \u0219edin\u021bele consiliului, urm\u0103resc consecin\u021bele deciziilor \u0219i hot\u0103r\u00e2rilor luate \u00een cadrul acestor \u0219edin\u021be (de exemplu, investi\u021bii importante)?<em>*<\/em><\/label><span class=\"wpcf7-form-control-wrap\" data-name=\"civizmus\"><textarea cols=\"40\" rows=\"5\" class=\"wpcf7-form-control wpcf7-textarea wpcf7-validates-as-required\" aria-required=\"true\" aria-invalid=\"false\" name=\"civizmus\"><\/textarea><\/span>\n              <p class=\"info-tip\"><\/p>\n            <\/div>\n          <\/div>\n        <\/div>\n      <\/div>\n      <div class=\"container\">\n        <div class=\"row\">\n          <div class=\"columns full\">\n            <div class=\"field textarea required\"><label for=\"\">Care este rata \u0219omajului \u00een localitatea dumneavoastr\u0103, \u0219i ce a\u021bi f\u0103cut pentru a \u00eembun\u0103t\u0103\u021bi situa\u021bia?<em>*<\/em><\/label><span class=\"wpcf7-form-control-wrap\" data-name=\"munkanelkuliseg\"><textarea cols=\"40\" rows=\"5\" class=\"wpcf7-form-control wpcf7-textarea wpcf7-validates-as-required\" aria-required=\"true\" aria-invalid=\"false\" name=\"munkanelkuliseg\"><\/textarea><\/span>\n              <p class=\"info-tip\"><\/p>\n            <\/div>\n          <\/div>\n        <\/div>\n      <\/div>\n      <div class=\"container\">\n        <div class=\"row\">\n          <div class=\"columns full\">\n            <div class=\"field textarea required\"><label for=\"\">\u00cen ultimii 4 ani, situa\u021bia financiar\u0103 \u0219i economic\u0103 a locuitorilor localit\u0103\u021bii dumneavoastr\u0103 s-a \u00eembun\u0103t\u0103\u021bit sau s-a \u00eenr\u0103ut\u0103\u021bit? Care sunt statisticile desf\u0103\u0219urate pe na\u021bionalit\u0103\u021bi \u0219i etnii?<em>*<\/em><\/label><span class=\"wpcf7-form-control-wrap\" data-name=\"szocialis\"><textarea cols=\"40\" rows=\"5\" class=\"wpcf7-form-control wpcf7-textarea wpcf7-validates-as-required\" aria-required=\"true\" aria-invalid=\"false\" name=\"szocialis\"><\/textarea><\/span>\n              <p class=\"info-tip\"><\/p>\n            <\/div>\n          <\/div>\n        <\/div>\n      <\/div>\n      <div class=\"container\">\n        <div class=\"row\">\n          <div class=\"columns full\">\n            <div class=\"field textarea required\"><label for=\"\">\u00cen ultimii 4 ani, care a fost propor\u021bia de b\u0103rba\u021bi \u0219i femei \u00een consiliul local? \u00cen cadrul forma\u021biunii politice din care face\u021bi parte? Pl\u0103nui\u021bi schimb\u0103ri \u00een acest domeniu (de exemplu, cre\u0219terea num\u0103rului de consilieri de gen feminin)?<em>*<\/em><\/label><span class=\"wpcf7-form-control-wrap\" data-name=\"nok\"><textarea cols=\"40\" rows=\"5\" class=\"wpcf7-form-control wpcf7-textarea wpcf7-validates-as-required\" aria-required=\"true\" aria-invalid=\"false\" name=\"nok\"><\/textarea><\/span>\n              <p class=\"info-tip\"><\/p>\n            <\/div>\n          <\/div>\n        <\/div>\n      <\/div>\n      <div class=\"container\">\n        <div class=\"row\">\n          <div class=\"columns full\">\n            <div class=\"field textarea required\"><label for=\"\">\u00cen afara de minoritatea maghiar\u0103, exist\u0103 alte minorit\u0103\u021bi etnice (de exemplu, romi) \u00een localitate? Exist\u0103 consilieri de etnie rom\u0103 \u00een consiliul local? \/ Minoritatea rom\u0103 care tr\u0103ie\u0219te \u00een comun\u0103\/ora\u0219 are reprezentan\u021bi ale\u0219i \u00een consiliul local?<em>*<\/em><\/label><span class=\"wpcf7-form-control-wrap\" data-name=\"romak\"><textarea cols=\"40\" rows=\"5\" class=\"wpcf7-form-control wpcf7-textarea wpcf7-validates-as-required\" aria-required=\"true\" aria-invalid=\"false\" name=\"romak\"><\/textarea><\/span>\n              <p class=\"info-tip\"><\/p>\n            <\/div>\n          <\/div>\n        <\/div>\n      <\/div>\n      <div class=\"container\">\n        <div class=\"row\">\n          <div class=\"columns full\">\n            <div class=\"field textarea required\"><label for=\"\">\u00cen ultimii 4 ani, ce m\u0103suri a\u021bi luat pentru a atenua daunele cauzate de schimb\u0103rile climatice (gestionarea inunda\u021biilor, lupta \u00eempotriva secetei, re\u00eemp\u0103durirea etc.)?:<em>*<\/em><\/label><span class=\"wpcf7-form-control-wrap\" data-name=\"klimavaltozas\"><textarea cols=\"40\" rows=\"5\" class=\"wpcf7-form-control wpcf7-textarea wpcf7-validates-as-required\" aria-required=\"true\" aria-invalid=\"false\" name=\"klimavaltozas\"><\/textarea><\/span>\n              <p class=\"info-tip\"><\/p>\n            <\/div>\n          <\/div>\n        <\/div>\n      <\/div>\n      <div class=\"container\">\n        <div class=\"row\">\n          <div class=\"columns full\">\n            <div class=\"field textarea required\"><label for=\"\">\u00cen ultimii 4 ani, prim\u0103ria a s\u0103rb\u0103torit Ziua P\u0103m\u00e2ntului? A\u021bi organizat campanii de con\u0219tientizare privind poluarea p\u00e2r\u00e2urilor \u0219i r\u00e2urilor, calitatea apei potabile, drepturile \u0219i obliga\u021biile administra\u021biei locale \u0219i ale locuitorilor \u00een contextul schimb\u0103rilor climatice?<em>*<\/em><\/label><span class=\"wpcf7-form-control-wrap\" data-name=\"kampanyok\"><textarea cols=\"40\" rows=\"5\" class=\"wpcf7-form-control wpcf7-textarea wpcf7-validates-as-required\" aria-required=\"true\" aria-invalid=\"false\" name=\"kampanyok\"><\/textarea><\/span>\n              <p class=\"info-tip\"><\/p>\n            <\/div>\n          <\/div>\n        <\/div>\n      <\/div>\n      <div class=\"container\">\n        <div class=\"row\">\n          <div class=\"columns full\">\n            <div class=\"field textarea required\"><label for=\"\">Dac\u0103 candida\u021bi din nou la alegeri, v\u0103 considera\u021bi un bun gospodar? De ce?<em>*<\/em><\/label><span class=\"wpcf7-form-control-wrap\" data-name=\"gazda\"><textarea cols=\"40\" rows=\"5\" class=\"wpcf7-form-control wpcf7-textarea wpcf7-validates-as-required\" aria-required=\"true\" aria-invalid=\"false\" name=\"gazda\"><\/textarea><\/span>\n              <p class=\"info-tip\"><\/p>\n            <\/div>\n          <\/div>\n        <\/div>\n      <\/div>\n      <div class=\"container only-active-contact-form-7\">\n        <div class=\"row\">\n          <div class=\"columns full\">\n            <div class=\"field file\"><label for=\"\">V\u0103 suger\u0103m s\u0103 \u00eenc\u0103rca\u021bi aici o fotografie pe care dori\u021bi s\u0103 o folosi\u021bi \u00een campania electoral\u0103 de anul acesta, care va ap\u0103rea pe paginile dvs. de socializare atunci c\u00e2nd partaja\u021bi r\u0103spunsurile la chestionar. Pe acest site web, aceast\u0103 fotografie destinat\u0103 re\u021belelor sociale NU va ap\u0103rea.<\/label><span class=\"wpcf7-form-control-wrap\" data-name=\"ogimage\"><input size=\"40\" class=\"wpcf7-form-control wpcf7-file\" accept=\"image\/*\" aria-invalid=\"false\" type=\"file\" name=\"ogimage\" \/><\/span>\n              <p class=\"info-tip\"><\/p>\n            <\/div>\n          <\/div>\n        <\/div>\n      <\/div>\n      <input class=\"wpcf7-form-control wpcf7-hidden\" value=\"\" type=\"hidden\" name=\"v\" \/> <input class=\"wpcf7-form-control wpcf7-hidden\" value=\"\" type=\"hidden\" name=\"t\" \/><input class=\"wpcf7-form-control wpcf7-hidden\" value=\"\" type=\"hidden\" name=\"your-name\" \/>\n      <div class=\"container\">\n        <div class=\"row\">\n          <div class=\"columns one-half\">\n            <div class=\"field\"><label for=\"\"><\/label><input class=\"wpcf7-form-control wpcf7-save wpcf7-submit cf7_2_post_save\" type=\"submit\" value=\"Salvare ca ciorn\u0103\" \/>\n<input type=\"hidden\" name=\"save_cf7_2_post\" class=\"cf7_2_post_draft\" value=\"false\"\/>\n              <p class=\"info-tip\"><\/p>\n            <\/div>\n          <\/div>\n          <div class=\"columns one-half\">\n            <div class=\"field\"><label for=\"\"><\/label><input class=\"wpcf7-form-control wpcf7-submit has-spinner\" type=\"submit\" value=\"Salvare versiune final\u0103\" \/>\n              <p class=\"info-tip\"><\/p>\n            <\/div>\n          <\/div>\n        <\/div>\n      <\/div>\n    <\/div>\n  <\/div>\n<\/div><div class=\"wpcf7-response-output\" aria-hidden=\"true\"><\/div>\n<\/fieldset><\/form>\n<\/div>\n<\/div><\/div><\/div>\n<\/div>\n\n\n\n<div class=\"wp-block-uagb-tabs-child uagb-tabs__body-container uagb-inner-tab-1 demo-contact-form-7\" aria-labelledby=\"uagb-tabs__tab1\">\n<div class=\"wp-block-contact-form-7-contact-form-selector\"><div class=\"cf7sg-container\"><div id=\"cf7sg-form-glr_hetan\" class=\"cf7-smart-grid has-grid key_glr_hetan\">\n<div class=\"wpcf7 no-js\" id=\"wpcf7-f4125-o2\" lang=\"ro-RO\" dir=\"ltr\">\n<div class=\"screen-reader-response\"><p role=\"status\" aria-live=\"polite\" aria-atomic=\"true\"><\/p> <ul><\/ul><\/div>\n<form action=\"\/index.php?rest_route=%2Fwp%2Fv2%2Fposts%2F4032#wpcf7-f4125-o2\" method=\"post\" class=\"wpcf7-form init\" aria-label=\"Formular de contact\" enctype=\"multipart\/form-data\" novalidate=\"novalidate\" data-status=\"init\"><fieldset >\n<div style=\"display: none;\">\n<input type=\"hidden\" name=\"_wpcf7\" value=\"4125\" \/>\n<input type=\"hidden\" name=\"_wpcf7_version\" value=\"5.8.7\" \/>\n<input type=\"hidden\" name=\"_wpcf7_locale\" value=\"ro_RO\" \/>\n<input type=\"hidden\" name=\"_wpcf7_unit_tag\" value=\"wpcf7-f4125-o2\" \/>\n<input type=\"hidden\" name=\"_wpcf7_container_post\" value=\"0\" \/>\n<input type=\"hidden\" name=\"_wpcf7_posted_data_hash\" value=\"\" \/>\n<input type=\"hidden\" name=\"_wpcf7_key\" value=\"glr_hetan\" \/>\n<input type=\"hidden\" name=\"_cf7sg_toggles\" value=\"\" \/>\n<input type=\"hidden\" name=\"_cf7sg_version\" value=\"4.15.7\" \/>\n<input type=\"hidden\" name=\"_wpnonce\" value=\"ff2ee20e15\" \/>\n<input type=\"hidden\" name=\"_wpcf7_lang\" value=\"\" \/>\n<input type=\"hidden\" name=\"_map_author\" value=\"1\" \/>\n<input type=\"hidden\" name=\"_c2p_nonce\" value=\"3a1938e47f\" \/>\n<\/div>\n<div class=\"container\">\n  <div class=\"row\">\n    <div class=\"columns full\">\n      <div class=\"container\">\n        <div class=\"row\">\n          <div class=\"columns full\">\n            <div class=\"field textarea required\"><label for=\"\">\u00cen ultimii 4 ani, ce proiecte remarcabile din perspectiva comunit\u0103\u021bii au fost propuse prin hot\u0103r\u00e2ri ale consiliului, \u0219i de care sunte\u021bi cel mai m\u00e2ndru?<em>*<\/em><\/label><span class=\"wpcf7-form-control-wrap\" data-name=\"projektek\"><textarea cols=\"40\" rows=\"5\" class=\"wpcf7-form-control wpcf7-textarea wpcf7-validates-as-required\" aria-required=\"true\" aria-invalid=\"false\" name=\"projektek\"><\/textarea><\/span>\n              <p class=\"info-tip\"><\/p>\n            <\/div>\n          <\/div>\n        <\/div>\n      <\/div>\n      <div class=\"container\">\n        <div class=\"row\">\n          <div class=\"columns full\">\n            <div class=\"field textarea required\"><label for=\"\">Dac\u0103 candida\u021bi din nou pentru un post de consilier municipal\/or\u0103\u0219enesc \u00een acest an de alegeri importante, care sunt obiectivele dumneavoastr\u0103? Ce dori\u021bi s\u0103 dezvolta\u021bi \u00een comunitatea local\u0103?<em>*<\/em><\/label><span class=\"wpcf7-form-control-wrap\" data-name=\"celok\"><textarea cols=\"40\" rows=\"5\" class=\"wpcf7-form-control wpcf7-textarea wpcf7-validates-as-required\" aria-required=\"true\" aria-invalid=\"false\" name=\"celok\"><\/textarea><\/span>\n              <p class=\"info-tip\"><\/p>\n            <\/div>\n          <\/div>\n        <\/div>\n      <\/div>\n      <div class=\"container\">\n        <div class=\"row\">\n          <div class=\"columns full\">\n            <div class=\"field textarea required\"><label for=\"\">\u00cen ultimii 4 ani, c\u00e2te ore de audien\u021b\u0103 a\u021bi avut \u0219i c\u00e2\u021bi locuitori a\u021bi primit? Care au fost cele mai importante pl\u00e2ngeri ale locuitorilor \u00een timpul audien\u021belor? V\u0103 rug\u0103m s\u0103 enumera\u021bi trei:<em>*<\/em><\/label><span class=\"wpcf7-form-control-wrap\" data-name=\"fogadoorak\"><textarea cols=\"40\" rows=\"5\" class=\"wpcf7-form-control wpcf7-textarea wpcf7-validates-as-required\" aria-required=\"true\" aria-invalid=\"false\" name=\"fogadoorak\"><\/textarea><\/span>\n              <p class=\"info-tip\"><\/p>\n            <\/div>\n          <\/div>\n        <\/div>\n      <\/div>\n      <div class=\"container\">\n        <div class=\"row\">\n          <div class=\"columns full\">\n            <div class=\"field textarea required\"><label for=\"\">\u00cen localitatea (ora\u0219\/sat) dumneavoastr\u0103, \u00een ultimii 4 ani au fost denumite institu\u021bii, str\u0103zi, pie\u021be dup\u0103 persoane de etnie maghiar\u0103, rom\u00e2n\u0103 sau alte etnii? Care sunt acestea, ce nume au primit \u0219i de ce?<em>*<\/em><\/label><span class=\"wpcf7-form-control-wrap\" data-name=\"kozteruletek\"><textarea cols=\"40\" rows=\"5\" class=\"wpcf7-form-control wpcf7-textarea wpcf7-validates-as-required\" aria-required=\"true\" aria-invalid=\"false\" name=\"kozteruletek\"><\/textarea><\/span>\n              <p class=\"info-tip\"><\/p>\n            <\/div>\n          <\/div>\n        <\/div>\n      <\/div>\n      <div class=\"container\">\n        <div class=\"row\">\n          <div class=\"columns full\">\n            <div class=\"field textarea required\"><label for=\"\">\u00cen ultimii 4 ani, ce a\u021bi f\u0103cut pentru ca articolele din Codul Administrativ (Ordonan\u021ba de Urgen\u021b\u0103 a Guvernului nr. 57 din 2019) privind utilizarea limbii maghiare s\u0103 fie aplicate \u00een mod real \u00een localitatea dumneavoastr\u0103? \u00cen ce limb\u0103 a\u021bi vorbit la \u0219edin\u021bele consiliului?<em>*<\/em><\/label><span class=\"wpcf7-form-control-wrap\" data-name=\"kodex\"><textarea cols=\"40\" rows=\"5\" class=\"wpcf7-form-control wpcf7-textarea wpcf7-validates-as-required\" aria-required=\"true\" aria-invalid=\"false\" name=\"kodex\"><\/textarea><\/span>\n              <p class=\"info-tip\"><\/p>\n            <\/div>\n          <\/div>\n        <\/div>\n      <\/div>\n      <div class=\"container\">\n        <div class=\"row\">\n          <div class=\"columns full\">\n            <div class=\"field textarea required\"><label for=\"\">Pe baza experien\u021belor din ultimii 4 ani, locuitorii localit\u0103\u021bii dumneavoastr\u0103 sunt con\u0219tien\u021bi de drepturile lor? Cunosc drepturile lor lingvistice? Particip\u0103 la \u0219edin\u021bele consiliului, urm\u0103resc consecin\u021bele deciziilor \u0219i hot\u0103r\u00e2rilor luate (de exemplu, investi\u021bii importante)?<em>*<\/em><\/label><span class=\"wpcf7-form-control-wrap\" data-name=\"civizmus\"><textarea cols=\"40\" rows=\"5\" class=\"wpcf7-form-control wpcf7-textarea wpcf7-validates-as-required\" aria-required=\"true\" aria-invalid=\"false\" name=\"civizmus\"><\/textarea><\/span>\n              <p class=\"info-tip\"><\/p>\n            <\/div>\n          <\/div>\n        <\/div>\n      <\/div>\n      <div class=\"container\">\n        <div class=\"row\">\n          <div class=\"columns full\">\n            <div class=\"field textarea required\"><label for=\"\">Care este rata \u0219omajului \u00een localitatea dumneavoastr\u0103 \u0219i ce ini\u021biative a\u021bi avut pentru \u00eembun\u0103t\u0103\u021birea situa\u021biei?<em>*<\/em><\/label><span class=\"wpcf7-form-control-wrap\" data-name=\"munkanelkuliseg\"><textarea cols=\"40\" rows=\"5\" class=\"wpcf7-form-control wpcf7-textarea wpcf7-validates-as-required\" aria-required=\"true\" aria-invalid=\"false\" name=\"munkanelkuliseg\"><\/textarea><\/span>\n              <p class=\"info-tip\"><\/p>\n            <\/div>\n          <\/div>\n        <\/div>\n      <\/div>\n      <div class=\"container\">\n        <div class=\"row\">\n          <div class=\"columns full\">\n            <div class=\"field textarea required\"><label for=\"\">\u00cen ultimii 4 ani, situa\u021bia material\u0103 a locuitorilor localit\u0103\u021bii dumneavoastr\u0103 s-a \u00eembun\u0103t\u0103\u021bit sau a sc\u0103zut? Desf\u0103\u0219ura\u021bi statisticile pe na\u021bionalit\u0103\u021bi \u0219i etnii?<em>*<\/em><\/label><span class=\"wpcf7-form-control-wrap\" data-name=\"szocialis\"><textarea cols=\"40\" rows=\"5\" class=\"wpcf7-form-control wpcf7-textarea wpcf7-validates-as-required\" aria-required=\"true\" aria-invalid=\"false\" name=\"szocialis\"><\/textarea><\/span>\n              <p class=\"info-tip\"><\/p>\n            <\/div>\n          <\/div>\n        <\/div>\n      <\/div>\n      <div class=\"container\">\n        <div class=\"row\">\n          <div class=\"columns full\">\n            <div class=\"field textarea required\"><label for=\"\">\u00cen ultimii 4 ani, care a fost propor\u021bia dintre b\u0103rba\u021bi \u0219i femei \u00een consiliul local? \u0218i \u00een cadrul forma\u021biunii politice din care face\u021bi parte? Inten\u021biona\u021bi s\u0103 face\u021bi schimb\u0103ri \u00een acest domeniu (de exemplu, s\u0103 cre\u0219te\u021bi propor\u021bia consilierelor femei)?<em>*<\/em><\/label><span class=\"wpcf7-form-control-wrap\" data-name=\"nok\"><textarea cols=\"40\" rows=\"5\" class=\"wpcf7-form-control wpcf7-textarea wpcf7-validates-as-required\" aria-required=\"true\" aria-invalid=\"false\" name=\"nok\"><\/textarea><\/span>\n              <p class=\"info-tip\"><\/p>\n            <\/div>\n          <\/div>\n        <\/div>\n      <\/div>\n      <div class=\"container\">\n        <div class=\"row\">\n          <div class=\"columns full\">\n            <div class=\"field textarea required\"><label for=\"\">Exist\u0103 \u00een localitate alte minorit\u0103\u021bi etnice (de exemplu, romi), exist\u0103 consilieri de etnie rom\u0103 \u00een consiliul local? \/ Minoritatea rom\u0103 care tr\u0103ie\u0219te \u00een jude\u021b\/ora\u0219 are reprezentan\u021bi ale\u0219i \u00een consiliul jude\u021bean\/or\u0103\u0219enesc?<em>*<\/em><\/label><span class=\"wpcf7-form-control-wrap\" data-name=\"romak\"><textarea cols=\"40\" rows=\"5\" class=\"wpcf7-form-control wpcf7-textarea wpcf7-validates-as-required\" aria-required=\"true\" aria-invalid=\"false\" name=\"romak\"><\/textarea><\/span>\n              <p class=\"info-tip\"><\/p>\n            <\/div>\n          <\/div>\n        <\/div>\n      <\/div>\n      <div class=\"container\">\n        <div class=\"row\">\n          <div class=\"columns full\">\n            <div class=\"field textarea required\"><label for=\"\">\u00cen ultimii 4 ani, ce ini\u021biative a\u021bi avut pentru a diminua daunele cauzate de schimb\u0103rile climatice (gestionarea inunda\u021biilor, lupta \u00eempotriva secetei, re\u00eemp\u0103durirea etc.)?:<em>*<\/em><\/label><span class=\"wpcf7-form-control-wrap\" data-name=\"klimavaltozas\"><textarea cols=\"40\" rows=\"5\" class=\"wpcf7-form-control wpcf7-textarea wpcf7-validates-as-required\" aria-required=\"true\" aria-invalid=\"false\" name=\"klimavaltozas\"><\/textarea><\/span>\n              <p class=\"info-tip\"><\/p>\n            <\/div>\n          <\/div>\n        <\/div>\n      <\/div>\n      <div class=\"container only-active-contact-form-7\">\n        <div class=\"row\">\n          <div class=\"columns full\">\n            <div class=\"field file\"><label for=\"\">V\u0103 suger\u0103m s\u0103 \u00eenc\u0103rca\u021bi aici o fotografie pe care dori\u021bi s\u0103 o folosi\u021bi \u00een campania electoral\u0103 de anul acesta, care va ap\u0103rea pe paginile dvs. de socializare atunci c\u00e2nd partaja\u021bi r\u0103spunsurile la chestionar. Pe acest site web, aceast\u0103 fotografie destinat\u0103 re\u021belelor sociale NU va ap\u0103rea.<\/label><span class=\"wpcf7-form-control-wrap\" data-name=\"ogimage\"><input size=\"40\" class=\"wpcf7-form-control wpcf7-file\" accept=\"image\/*\" aria-invalid=\"false\" type=\"file\" name=\"ogimage\" \/><\/span>\n              <p class=\"info-tip\"><\/p>\n            <\/div>\n          <\/div>\n        <\/div>\n      <\/div>\n      <input class=\"wpcf7-form-control wpcf7-hidden\" value=\"\" type=\"hidden\" name=\"v\" \/> <input class=\"wpcf7-form-control wpcf7-hidden\" value=\"\" type=\"hidden\" name=\"t\" \/><input class=\"wpcf7-form-control wpcf7-hidden\" value=\"\" type=\"hidden\" name=\"your-name\" \/>\n      <div class=\"container\">\n        <div class=\"row\">\n          <div class=\"columns one-half\">\n            <div class=\"field\"><label for=\"\"><\/label><input class=\"wpcf7-form-control wpcf7-save wpcf7-submit cf7_2_post_save\" type=\"submit\" value=\"Salvare ca ciorn\u0103\" \/>\n<input type=\"hidden\" name=\"save_cf7_2_post\" class=\"cf7_2_post_draft\" value=\"false\"\/>\n              <p class=\"info-tip\"><\/p>\n            <\/div>\n          <\/div>\n          <div class=\"columns one-half\">\n            <div class=\"field\"><label for=\"\"><\/label><input class=\"wpcf7-form-control wpcf7-submit has-spinner\" type=\"submit\" value=\"Salvare versiune final\u0103\" \/>\n              <p class=\"info-tip\"><\/p>\n            <\/div>\n          <\/div>\n        <\/div>\n      <\/div>\n    <\/div>\n  <\/div>\n<\/div><div class=\"wpcf7-response-output\" aria-hidden=\"true\"><\/div>\n<\/fieldset><\/form>\n<\/div>\n<\/div><\/div><\/div>\n<\/div>\n\n\n\n<div class=\"wp-block-uagb-tabs-child uagb-tabs__body-container uagb-inner-tab-2 demo-contact-form-7\" aria-labelledby=\"uagb-tabs__tab2\">\n<div class=\"wp-block-contact-form-7-contact-form-selector\"><div class=\"cf7sg-container\"><div id=\"cf7sg-form-glr_metan\" class=\"cf7-smart-grid has-grid key_glr_metan\">\n<div class=\"wpcf7 no-js\" id=\"wpcf7-f4008-o3\" lang=\"ro-RO\" dir=\"ltr\">\n<div class=\"screen-reader-response\"><p role=\"status\" aria-live=\"polite\" aria-atomic=\"true\"><\/p> <ul><\/ul><\/div>\n<form action=\"\/index.php?rest_route=%2Fwp%2Fv2%2Fposts%2F4032#wpcf7-f4008-o3\" method=\"post\" class=\"wpcf7-form init\" aria-label=\"Formular de contact\" enctype=\"multipart\/form-data\" novalidate=\"novalidate\" data-status=\"init\"><fieldset >\n<div style=\"display: none;\">\n<input type=\"hidden\" name=\"_wpcf7\" value=\"4008\" \/>\n<input type=\"hidden\" name=\"_wpcf7_version\" value=\"5.8.7\" \/>\n<input type=\"hidden\" name=\"_wpcf7_locale\" value=\"ro_RO\" \/>\n<input type=\"hidden\" name=\"_wpcf7_unit_tag\" value=\"wpcf7-f4008-o3\" \/>\n<input type=\"hidden\" name=\"_wpcf7_container_post\" value=\"0\" \/>\n<input type=\"hidden\" name=\"_wpcf7_posted_data_hash\" value=\"\" \/>\n<input type=\"hidden\" name=\"_wpcf7_key\" value=\"glr_metan\" \/>\n<input type=\"hidden\" name=\"_cf7sg_toggles\" value=\"\" \/>\n<input type=\"hidden\" name=\"_cf7sg_version\" value=\"4.15.7\" \/>\n<input type=\"hidden\" name=\"_wpnonce\" value=\"ff2ee20e15\" \/>\n<input type=\"hidden\" name=\"_wpcf7_lang\" value=\"\" \/>\n<input type=\"hidden\" name=\"_map_author\" value=\"1\" \/>\n<input type=\"hidden\" name=\"_c2p_nonce\" value=\"3a1938e47f\" \/>\n<\/div>\n<div class=\"container\">\n  <div class=\"row\">\n    <div class=\"columns full\">\n      <div class=\"container\">\n        <div class=\"row\">\n          <div class=\"columns full\">\n            <div class=\"field textarea required\"><label for=\"\">\u00cen ultimii 4 ani, ce propuneri de hot\u0103r\u00e2ri ale consiliului jude\u021bean, av\u00e2nd ca scop realizarea unor proiecte remarcabile din perspectiva comunit\u0103\u021bii, a\u021bi depus \u0219i de care sunte\u021bi cel mai m\u00e2ndru?<em>*<\/em><\/label><span class=\"wpcf7-form-control-wrap\" data-name=\"projektek\"><textarea cols=\"40\" rows=\"5\" class=\"wpcf7-form-control wpcf7-textarea wpcf7-validates-as-required\" aria-required=\"true\" aria-invalid=\"false\" name=\"projektek\"><\/textarea><\/span>\n              <p class=\"info-tip\"><\/p>\n            <\/div>\n          <\/div>\n        <\/div>\n      <\/div>\n      <div class=\"container\">\n        <div class=\"row\">\n          <div class=\"columns full\">\n            <div class=\"field textarea required\"><label for=\"\">Dac\u0103 ve\u021bi candida din nou pentru pozi\u021bia de consilier jude\u021bean \u00een acest an electoral important, care sunt obiectivele dumneavoastr\u0103? Ce dori\u021bi s\u0103 dezvolta\u021bi \u00een comunitatea local\u0103?<em>*<\/em><\/label><span class=\"wpcf7-form-control-wrap\" data-name=\"celok\"><textarea cols=\"40\" rows=\"5\" class=\"wpcf7-form-control wpcf7-textarea wpcf7-validates-as-required\" aria-required=\"true\" aria-invalid=\"false\" name=\"celok\"><\/textarea><\/span>\n              <p class=\"info-tip\"><\/p>\n            <\/div>\n          <\/div>\n        <\/div>\n      <\/div>\n      <div class=\"container\">\n        <div class=\"row\">\n          <div class=\"columns full\">\n            <div class=\"field textarea required\"><label for=\"\">\u00cen ultimii 4 ani, c\u00e2te ore de audien\u021b\u0103 a\u021bi avut \u0219i c\u00e2\u021bi locuitori a\u021bi primit? Care au fost cele mai importante trei pl\u00e2ngeri ale cet\u0103\u021benilor primite \u00een timpul audien\u021belor? V\u0103 rug\u0103m s\u0103 le enumera\u021bi:<em>*<\/em><\/label><span class=\"wpcf7-form-control-wrap\" data-name=\"fogadoorak\"><textarea cols=\"40\" rows=\"5\" class=\"wpcf7-form-control wpcf7-textarea wpcf7-validates-as-required\" aria-required=\"true\" aria-invalid=\"false\" name=\"fogadoorak\"><\/textarea><\/span>\n              <p class=\"info-tip\"><\/p>\n            <\/div>\n          <\/div>\n        <\/div>\n      <\/div>\n      <div class=\"container\">\n        <div class=\"row\">\n          <div class=\"columns full\">\n            <div class=\"field textarea required\"><label for=\"\">\u00cen ultimii 4 ani, ce a\u021bi f\u0103cut pentru ca articolele referitoare la utilizarea limbii maghiare din Codul Administrativ (Ordonan\u021ba de Urgen\u021b\u0103 a Guvernului nr. 57 din 2019) s\u0103 fie aplicate \u00een mod real \u00een jude\u021bul dumneavoastr\u0103 \/ la institu\u021biile subordonate consiliului jude\u021bean? \u00cen ce limb\u0103 a\u021bi vorbit \u00een cadrul \u0219edin\u021belor consiliului?<em>*<\/em><\/label><span class=\"wpcf7-form-control-wrap\" data-name=\"kodex\"><textarea cols=\"40\" rows=\"5\" class=\"wpcf7-form-control wpcf7-textarea wpcf7-validates-as-required\" aria-required=\"true\" aria-invalid=\"false\" name=\"kodex\"><\/textarea><\/span>\n              <p class=\"info-tip\"><\/p>\n            <\/div>\n          <\/div>\n        <\/div>\n      <\/div>\n      <div class=\"container\">\n        <div class=\"row\">\n          <div class=\"columns full\">\n            <div class=\"field textarea required\"><label for=\"\">Pe baza experien\u021belor din ultimii 4 ani, locuitorii jude\u021bului sunt con\u0219tien\u021bi de drepturile lor? Membrii comunit\u0103\u021bi maghiare \u00ee\u0219i cunosc drepturile lingvistice? Particip\u0103 la \u0219edin\u021bele consiliului jude\u021bean, urm\u0103resc urm\u0103rile deciziilor \u0219i hot\u0103r\u00e2rilor luate \u00een cadrul \u0219edin\u021belor consiliului (de exemplu, investi\u021bii importante)?<em>*<\/em><\/label><span class=\"wpcf7-form-control-wrap\" data-name=\"civizmus\"><textarea cols=\"40\" rows=\"5\" class=\"wpcf7-form-control wpcf7-textarea wpcf7-validates-as-required\" aria-required=\"true\" aria-invalid=\"false\" name=\"civizmus\"><\/textarea><\/span>\n              <p class=\"info-tip\"><\/p>\n            <\/div>\n          <\/div>\n        <\/div>\n      <\/div>\n      <div class=\"container\">\n        <div class=\"row\">\n          <div class=\"columns full\">\n            <div class=\"field textarea required\"><label for=\"\">Care este rata \u0219omajului \u00een jude\u021bul dumneavoastr\u0103 \u0219i ce ini\u021biative a\u021bi avut pentru \u00eembun\u0103t\u0103\u021birea situa\u021biei?<em>*<\/em><\/label><span class=\"wpcf7-form-control-wrap\" data-name=\"munkanelkuliseg\"><textarea cols=\"40\" rows=\"5\" class=\"wpcf7-form-control wpcf7-textarea wpcf7-validates-as-required\" aria-required=\"true\" aria-invalid=\"false\" name=\"munkanelkuliseg\"><\/textarea><\/span>\n              <p class=\"info-tip\"><\/p>\n            <\/div>\n          <\/div>\n        <\/div>\n      <\/div>\n      <div class=\"container\">\n        <div class=\"row\">\n          <div class=\"columns full\">\n            <div class=\"field textarea required\"><label for=\"\">\u00cen ultimii 4 ani, situa\u021bia material\u0103 a locuitorilor jude\u021bului s-a \u00eembun\u0103t\u0103\u021bit sau s-a \u00eenr\u0103ut\u0103\u021bit? Care sunt statisticile desf\u0103\u0219urate pe na\u021bionalit\u0103\u021bi \u0219i etnii?<em>*<\/em><\/label><span class=\"wpcf7-form-control-wrap\" data-name=\"szocialis\"><textarea cols=\"40\" rows=\"5\" class=\"wpcf7-form-control wpcf7-textarea wpcf7-validates-as-required\" aria-required=\"true\" aria-invalid=\"false\" name=\"szocialis\"><\/textarea><\/span>\n              <p class=\"info-tip\"><\/p>\n            <\/div>\n          <\/div>\n        <\/div>\n      <\/div>\n      <div class=\"container\">\n        <div class=\"row\">\n          <div class=\"columns full\">\n            <div class=\"field textarea required\"><label for=\"\">\u00cen ultimii 4 ani, care a fost propor\u021bia de b\u0103rba\u021bi \u0219i femei \u00een consiliul local? \u00cen cadrul forma\u021biunii politice din care face\u021bi parte? Pl\u0103nui\u021bi schimb\u0103ri \u00een acest domeniu (de exemplu, cre\u0219terea num\u0103rului de consilieri de gen feminin)?<em>*<\/em><\/label><span class=\"wpcf7-form-control-wrap\" data-name=\"nok\"><textarea cols=\"40\" rows=\"5\" class=\"wpcf7-form-control wpcf7-textarea wpcf7-validates-as-required\" aria-required=\"true\" aria-invalid=\"false\" name=\"nok\"><\/textarea><\/span>\n              <p class=\"info-tip\"><\/p>\n            <\/div>\n          <\/div>\n        <\/div>\n      <\/div>\n      <div class=\"container\">\n        <div class=\"row\">\n          <div class=\"columns full\">\n            <div class=\"field textarea required\"><label for=\"\">Minoritatea rom\u0103 din jude\u021b are reprezentan\u021bi ale\u0219i \u00een consiliul jude\u021bean?<em>*<\/em><\/label><span class=\"wpcf7-form-control-wrap\" data-name=\"romak\"><textarea cols=\"40\" rows=\"5\" class=\"wpcf7-form-control wpcf7-textarea wpcf7-validates-as-required\" aria-required=\"true\" aria-invalid=\"false\" name=\"romak\"><\/textarea><\/span>\n              <p class=\"info-tip\"><\/p>\n            <\/div>\n          <\/div>\n        <\/div>\n      <\/div>\n      <div class=\"container\">\n        <div class=\"row\">\n          <div class=\"columns full\">\n            <div class=\"field textarea required\"><label for=\"\">\u00cen ultimii 4 ani, ce ini\u021biative a\u021bi avut pentru a atenua daunele cauzate de schimb\u0103rile climatice (gestionarea inunda\u021biilor, lupta \u00eempotriva secetei, re\u00eemp\u0103durire etc.)?:<em>*<\/em><\/label><span class=\"wpcf7-form-control-wrap\" data-name=\"klimavaltozas\"><textarea cols=\"40\" rows=\"5\" class=\"wpcf7-form-control wpcf7-textarea wpcf7-validates-as-required\" aria-required=\"true\" aria-invalid=\"false\" name=\"klimavaltozas\"><\/textarea><\/span>\n              <p class=\"info-tip\"><\/p>\n            <\/div>\n          <\/div>\n        <\/div>\n      <\/div>\n      <div class=\"container only-active-contact-form-7\">\n        <div class=\"row\">\n          <div class=\"columns full\">\n            <div class=\"field file\"><label for=\"\">V\u0103 suger\u0103m s\u0103 \u00eenc\u0103rca\u021bi aici o fotografie pe care dori\u021bi s\u0103 o folosi\u021bi \u00een campania electoral\u0103 de anul acesta, care va ap\u0103rea pe paginile dvs. de socializare atunci c\u00e2nd partaja\u021bi r\u0103spunsurile la chestionar. Pe acest site web, aceast\u0103 fotografie destinat\u0103 re\u021belelor sociale NU va ap\u0103rea.<\/label><span class=\"wpcf7-form-control-wrap\" data-name=\"ogimage\"><input size=\"40\" class=\"wpcf7-form-control wpcf7-file\" accept=\"image\/*\" aria-invalid=\"false\" type=\"file\" name=\"ogimage\" \/><\/span>\n              <p class=\"info-tip\"><\/p>\n            <\/div>\n          <\/div>\n        <\/div>\n      <\/div>\n      <input class=\"wpcf7-form-control wpcf7-hidden\" value=\"\" type=\"hidden\" name=\"v\" \/> <input class=\"wpcf7-form-control wpcf7-hidden\" value=\"\" type=\"hidden\" name=\"t\" \/><input class=\"wpcf7-form-control wpcf7-hidden\" value=\"\" type=\"hidden\" name=\"your-name\" \/>\n      <div class=\"container\">\n        <div class=\"row\">\n          <div class=\"columns one-half\">\n            <div class=\"field\"><label for=\"\"><\/label><input class=\"wpcf7-form-control wpcf7-save wpcf7-submit cf7_2_post_save\" type=\"submit\" value=\"Salvare ca ciorn\u0103\" \/>\n<input type=\"hidden\" name=\"save_cf7_2_post\" class=\"cf7_2_post_draft\" value=\"false\"\/>\n              <p class=\"info-tip\"><\/p>\n            <\/div>\n          <\/div>\n          <div class=\"columns one-half\">\n            <div class=\"field\"><label for=\"\"><\/label><input class=\"wpcf7-form-control wpcf7-submit has-spinner\" type=\"submit\" value=\"Salvare versiune final\u0103\" \/>\n              <p class=\"info-tip\"><\/p>\n            <\/div>\n          <\/div>\n        <\/div>\n      <\/div>\n    <\/div>\n  <\/div>\n<\/div><div class=\"wpcf7-response-output\" aria-hidden=\"true\"><\/div>\n<\/fieldset><\/form>\n<\/div>\n<\/div><\/div><\/div>\n<\/div>\n\n\n\n<div class=\"wp-block-uagb-tabs-child uagb-tabs__body-container uagb-inner-tab-3 demo-contact-form-7\" aria-labelledby=\"uagb-tabs__tab3\">\n<div class=\"wp-block-contact-form-7-contact-form-selector\"><div class=\"cf7sg-container\"><div id=\"cf7sg-form-glr_meeln\" class=\"cf7-smart-grid has-grid key_glr_meeln\">\n<div class=\"wpcf7 no-js\" id=\"wpcf7-f4121-o4\" lang=\"ro-RO\" dir=\"ltr\">\n<div class=\"screen-reader-response\"><p role=\"status\" aria-live=\"polite\" aria-atomic=\"true\"><\/p> <ul><\/ul><\/div>\n<form action=\"\/index.php?rest_route=%2Fwp%2Fv2%2Fposts%2F4032#wpcf7-f4121-o4\" method=\"post\" class=\"wpcf7-form init\" aria-label=\"Formular de contact\" enctype=\"multipart\/form-data\" novalidate=\"novalidate\" data-status=\"init\"><fieldset >\n<div style=\"display: none;\">\n<input type=\"hidden\" name=\"_wpcf7\" value=\"4121\" \/>\n<input type=\"hidden\" name=\"_wpcf7_version\" value=\"5.8.7\" \/>\n<input type=\"hidden\" name=\"_wpcf7_locale\" value=\"ro_RO\" \/>\n<input type=\"hidden\" name=\"_wpcf7_unit_tag\" value=\"wpcf7-f4121-o4\" \/>\n<input type=\"hidden\" name=\"_wpcf7_container_post\" value=\"0\" \/>\n<input type=\"hidden\" name=\"_wpcf7_posted_data_hash\" value=\"\" \/>\n<input type=\"hidden\" name=\"_wpcf7_key\" value=\"glr_meeln\" \/>\n<input type=\"hidden\" name=\"_cf7sg_toggles\" value=\"\" \/>\n<input type=\"hidden\" name=\"_cf7sg_version\" value=\"4.15.7\" \/>\n<input type=\"hidden\" name=\"_wpnonce\" value=\"ff2ee20e15\" \/>\n<input type=\"hidden\" name=\"_wpcf7_lang\" value=\"\" \/>\n<input type=\"hidden\" name=\"_map_author\" value=\"1\" \/>\n<input type=\"hidden\" name=\"_c2p_nonce\" value=\"3a1938e47f\" \/>\n<\/div>\n<div class=\"container\">\n  <div class=\"row\">\n    <div class=\"columns full\">\n      <div class=\"container\">\n        <div class=\"row\">\n          <div class=\"columns full\">\n            <div class=\"field textarea required\"><label for=\"\">V\u0103 rug\u0103m s\u0103 prezenta\u021bi pe scurt trei proiecte jude\u021bene remarcabile din perspectiva comunit\u0103\u021bii, care au fost realizate \u00een ultimii 4 ani sub conducerea consiliului jude\u021bean pe care \u00eel conduce\u021bi:<em>*<\/em><\/label><span class=\"wpcf7-form-control-wrap\" data-name=\"projektek\"><textarea cols=\"40\" rows=\"5\" class=\"wpcf7-form-control wpcf7-textarea wpcf7-validates-as-required\" aria-required=\"true\" aria-invalid=\"false\" name=\"projektek\"><\/textarea><\/span>\n              <p class=\"info-tip\"><\/p>\n            <\/div>\n          <\/div>\n        <\/div>\n      <\/div>\n      <div class=\"container\">\n        <div class=\"row\">\n          <div class=\"columns full\">\n            <div class=\"field textarea required\"><label for=\"\">Dac\u0103 ve\u021bi candida din nou pentru func\u021bia de pre\u0219edinte al consiliului jude\u021bean \u00een acest an superelectoral, care sunt obiectivele dumneavoastr\u0103? Ce dori\u021bi s\u0103 dezvolta\u021bi \u00een jude\u021b? V\u0103 rug\u0103m s\u0103 descrie\u021bi cele trei obiective principale:<em>*<\/em><\/label><span class=\"wpcf7-form-control-wrap\" data-name=\"celok\"><textarea cols=\"40\" rows=\"5\" class=\"wpcf7-form-control wpcf7-textarea wpcf7-validates-as-required\" aria-required=\"true\" aria-invalid=\"false\" name=\"celok\"><\/textarea><\/span>\n              <p class=\"info-tip\"><\/p>\n            <\/div>\n          <\/div>\n        <\/div>\n      <\/div>\n      <div class=\"container\">\n        <div class=\"row\">\n          <div class=\"columns full\">\n            <div class=\"field textarea required\"><label for=\"\">\u00cen ultimii 4 ani, c\u00e2te audien\u021be publice a\u021bi organizat? Pe ce teme, c\u00e2\u021bi participan\u021bi au fost prezen\u021bi, cum a\u021bi anun\u021bat audien\u021ba public\u0103, au fost realizate procese-verbale, unde pot fi accesate?<em>*<\/em><\/label><span class=\"wpcf7-form-control-wrap\" data-name=\"kozmeghallgatasok\"><textarea cols=\"40\" rows=\"5\" class=\"wpcf7-form-control wpcf7-textarea wpcf7-validates-as-required\" aria-required=\"true\" aria-invalid=\"false\" name=\"kozmeghallgatasok\"><\/textarea><\/span>\n              <p class=\"info-tip\"><\/p>\n            <\/div>\n          <\/div>\n        <\/div>\n      <\/div>\n      <div class=\"container\">\n        <div class=\"row\">\n          <div class=\"columns full\">\n            <div class=\"field textarea required\"><label for=\"\">\u00cen ultimii 4 ani, c\u00e2te ore de audien\u021b\u0103 a\u021bi avut \u0219i c\u00e2\u021bi locuitori a\u021bi primit? Care au fost cele trei principale pl\u00e2ngeri ale locuitorilor \u00een timpul audien\u021belor? V\u0103 rug\u0103m s\u0103 le enumera\u021bi:<em>*<\/em><\/label><span class=\"wpcf7-form-control-wrap\" data-name=\"fogadoorak\"><textarea cols=\"40\" rows=\"5\" class=\"wpcf7-form-control wpcf7-textarea wpcf7-validates-as-required\" aria-required=\"true\" aria-invalid=\"false\" name=\"fogadoorak\"><\/textarea><\/span>\n              <p class=\"info-tip\"><\/p>\n            <\/div>\n          <\/div>\n        <\/div>\n      <\/div>\n      <div class=\"container\">\n        <div class=\"row\">\n          <div class=\"columns full\">\n            <div class=\"field textarea required\"><label for=\"\">\u00cen ultimii 4 ani, c\u00e2te solicit\u0103ri de informa\u021bii de interes public au fost depuse la consiliul jude\u021bean? (Legea nr. 544 din 2001) V\u0103 rug\u0103m s\u0103 ata\u0219a\u021bi linkul c\u0103tre rezumatele anuale ale solicit\u0103rilor de informa\u021bii depuse:<em>*<\/em><\/label><span class=\"wpcf7-form-control-wrap\" data-name=\"adatigenylesek\"><textarea cols=\"40\" rows=\"5\" class=\"wpcf7-form-control wpcf7-textarea wpcf7-validates-as-required\" aria-required=\"true\" aria-invalid=\"false\" name=\"adatigenylesek\"><\/textarea><\/span>\n              <p class=\"info-tip\"><\/p>\n            <\/div>\n          <\/div>\n        <\/div>\n      <\/div>\n      <div class=\"container\">\n        <div class=\"row\">\n          <div class=\"columns full\">\n            <div class=\"field textarea required\"><label for=\"\">\u00cen ultimii 4 ani, cum au fost aplicate articolele din Codul Administrativ (Ordonan\u021ba de Urgen\u021b\u0103 a Guvernului nr. 57 din 2019) referitoare la utilizarea limbii maghiare?<em>*<\/em><\/label><span class=\"wpcf7-form-control-wrap\" data-name=\"kodex\"><textarea cols=\"40\" rows=\"5\" class=\"wpcf7-form-control wpcf7-textarea wpcf7-validates-as-required\" aria-required=\"true\" aria-invalid=\"false\" name=\"kodex\"><\/textarea><\/span>\n              <p class=\"info-tip\"><\/p>\n            <\/div>\n          <\/div>\n        <\/div>\n      <\/div>\n      <div class=\"container\">\n        <div class=\"row\">\n          <div class=\"columns eleven offset-one\">\n            <div class=\"field textarea required\"><label for=\"\">\u00cen ce limb\u0103 sau limbi se desf\u0103\u0219oar\u0103 \u0219edin\u021bele consiliului?<em>*<\/em><\/label><span class=\"wpcf7-form-control-wrap\" data-name=\"tanacsulesek\"><textarea cols=\"40\" rows=\"5\" class=\"wpcf7-form-control wpcf7-textarea wpcf7-validates-as-required\" aria-required=\"true\" aria-invalid=\"false\" name=\"tanacsulesek\"><\/textarea><\/span>\n              <p class=\"info-tip\"><\/p>\n            <\/div>\n          <\/div>\n        <\/div>\n      <\/div>\n      <div class=\"container\">\n        <div class=\"row\">\n          <div class=\"columns eleven offset-one\">\n            <div class=\"field textarea required\"><label for=\"\">Pe panourile de anun\u021buri ale consiliului jude\u021bean, \u00een ce limbi sunt afi\u0219ate informa\u021biile de interes public?<em>*<\/em><\/label><span class=\"wpcf7-form-control-wrap\" data-name=\"hirdetotablak\"><textarea cols=\"40\" rows=\"5\" class=\"wpcf7-form-control wpcf7-textarea wpcf7-validates-as-required\" aria-required=\"true\" aria-invalid=\"false\" name=\"hirdetotablak\"><\/textarea><\/span>\n              <p class=\"info-tip\"><\/p>\n            <\/div>\n          <\/div>\n        <\/div>\n      <\/div>\n      <div class=\"container\">\n        <div class=\"row\">\n          <div class=\"columns eleven offset-one\">\n            <div class=\"field textarea required\"><label for=\"\">Sunt traduse hot\u0103r\u00e2rile consiliului de caracter normativ \u00een limba maghiar\u0103?<em>*<\/em><\/label><span class=\"wpcf7-form-control-wrap\" data-name=\"hatarozatok\"><textarea cols=\"40\" rows=\"5\" class=\"wpcf7-form-control wpcf7-textarea wpcf7-validates-as-required\" aria-required=\"true\" aria-invalid=\"false\" name=\"hatarozatok\"><\/textarea><\/span>\n              <p class=\"info-tip\"><\/p>\n            <\/div>\n          <\/div>\n        <\/div>\n      <\/div>\n      <div class=\"container\">\n        <div class=\"row\">\n          <div class=\"columns eleven offset-one\">\n            <div class=\"field textarea required\"><label for=\"\">\u00cen ce limb\u0103 sunt inscrip\u021biile de pe u\u0219ile birourilor? Fotografii.<em>*<\/em><\/label><span class=\"wpcf7-form-control-wrap\" data-name=\"irodak\"><textarea cols=\"40\" rows=\"5\" class=\"wpcf7-form-control wpcf7-textarea wpcf7-validates-as-required\" aria-required=\"true\" aria-invalid=\"false\" name=\"irodak\"><\/textarea><\/span>\n              <p class=\"info-tip\"><\/p>\n            <\/div>\n          <\/div>\n        <\/div>\n      <\/div>\n      <div class=\"container\">\n        <div class=\"row\">\n          <div class=\"columns eleven offset-one\">\n            <div class=\"field textarea required\"><label for=\"\">C\u00e2te cereri\/peti\u021bii \u00een limba maghiar\u0103 au fost depuse \u00een ultimii 4 ani?<em>*<\/em><\/label><span class=\"wpcf7-form-control-wrap\" data-name=\"beadvanyok\"><textarea cols=\"40\" rows=\"5\" class=\"wpcf7-form-control wpcf7-textarea wpcf7-validates-as-required\" aria-required=\"true\" aria-invalid=\"false\" name=\"beadvanyok\"><\/textarea><\/span>\n              <p class=\"info-tip\"><\/p>\n            <\/div>\n          <\/div>\n        <\/div>\n      <\/div>\n      <div class=\"container\">\n        <div class=\"row\">\n          <div class=\"columns eleven offset-one\">\n            <div class=\"field textarea required\"><label for=\"\">Exist\u0103 angaja\u021bi la serviciul clien\u021bi care cunosc limba maghiar\u0103 \u0219i vorbesc \u00een maghiar\u0103 cu locuitorii maghiari?<em>*<\/em><\/label><span class=\"wpcf7-form-control-wrap\" data-name=\"ugyfelszolgalat\"><textarea cols=\"40\" rows=\"5\" class=\"wpcf7-form-control wpcf7-textarea wpcf7-validates-as-required\" aria-required=\"true\" aria-invalid=\"false\" name=\"ugyfelszolgalat\"><\/textarea><\/span>\n              <p class=\"info-tip\"><\/p>\n            <\/div>\n          <\/div>\n        <\/div>\n      <\/div>\n      <div class=\"container\">\n        <div class=\"row\">\n          <div class=\"columns full\">\n            <div class=\"field textarea required\"><label for=\"\">Pe baza experien\u021belor din ultimii 4 ani, locuitorii jude\u021bului pe care \u00eel conduce\u021bi sunt con\u0219tien\u021bi de drepturile lor? Minorit\u0103\u021bile na\u021bionale din jude\u021b cunosc drepturile lor lingvistice? Particip\u0103 la \u0219edin\u021bele consiliului jude\u021bean, urm\u0103resc consecin\u021bele deciziilor \u0219i hot\u0103r\u00e2rilor luate \u00een cadrul acestor \u0219edin\u021be (de exemplu, investi\u021bii importante)?<em>*<\/em><\/label><span class=\"wpcf7-form-control-wrap\" data-name=\"civizmus\"><textarea cols=\"40\" rows=\"5\" class=\"wpcf7-form-control wpcf7-textarea wpcf7-validates-as-required\" aria-required=\"true\" aria-invalid=\"false\" name=\"civizmus\"><\/textarea><\/span>\n              <p class=\"info-tip\"><\/p>\n            <\/div>\n          <\/div>\n        <\/div>\n      <\/div>\n      <div class=\"container\">\n        <div class=\"row\">\n          <div class=\"columns full\">\n            <div class=\"field textarea required\"><label for=\"\">Care este rata \u0219omajului \u00een jude\u021b, care este salariul mediu comparativ cu alte jude\u021be conduse de dumneavoastr\u0103, \u0219i ce a\u021bi f\u0103cut pentru a \u00eembun\u0103t\u0103\u021bi situa\u021bia?<em>*<\/em><\/label><span class=\"wpcf7-form-control-wrap\" data-name=\"munkanelkuliseg\"><textarea cols=\"40\" rows=\"5\" class=\"wpcf7-form-control wpcf7-textarea wpcf7-validates-as-required\" aria-required=\"true\" aria-invalid=\"false\" name=\"munkanelkuliseg\"><\/textarea><\/span>\n              <p class=\"info-tip\"><\/p>\n            <\/div>\n          <\/div>\n        <\/div>\n      <\/div>\n      <div class=\"container\">\n        <div class=\"row\">\n          <div class=\"columns full\">\n            <div class=\"field textarea required\"><label for=\"\">\u00cen ultimii 4 ani, situa\u021bia material\u0103 a locuitorilor jude\u021bului s-a \u00eembun\u0103t\u0103\u021bit sau s-a \u00eenr\u0103ut\u0103\u021bit? Care sunt statisticile desf\u0103\u0219urate pe na\u021bionalit\u0103\u021bi \u0219i etnii?<em>*<\/em><\/label><span class=\"wpcf7-form-control-wrap\" data-name=\"szocialis\"><textarea cols=\"40\" rows=\"5\" class=\"wpcf7-form-control wpcf7-textarea wpcf7-validates-as-required\" aria-required=\"true\" aria-invalid=\"false\" name=\"szocialis\"><\/textarea><\/span>\n              <p class=\"info-tip\"><\/p>\n            <\/div>\n          <\/div>\n        <\/div>\n      <\/div>\n      <div class=\"container\">\n        <div class=\"row\">\n          <div class=\"columns full\">\n            <div class=\"field textarea required\"><label for=\"\">\u00cen ultimii 4 ani, care a fost propor\u021bia de b\u0103rba\u021bi \u0219i femei \u00een consiliul local? \u00cen cadrul forma\u021biunii politice din care face\u021bi parte? Pl\u0103nui\u021bi schimb\u0103ri \u00een acest domeniu (de exemplu, cre\u0219terea num\u0103rului de consilieri de gen feminin)?<em>*<\/em><\/label><span class=\"wpcf7-form-control-wrap\" data-name=\"nok\"><textarea cols=\"40\" rows=\"5\" class=\"wpcf7-form-control wpcf7-textarea wpcf7-validates-as-required\" aria-required=\"true\" aria-invalid=\"false\" name=\"nok\"><\/textarea><\/span>\n              <p class=\"info-tip\"><\/p>\n            <\/div>\n          <\/div>\n        <\/div>\n      <\/div>\n      <div class=\"container\">\n        <div class=\"row\">\n          <div class=\"columns full\">\n            <div class=\"field textarea required\"><label for=\"\">Minoritatea rom\u0103 din jude\u021b are reprezentan\u021bi ale\u0219i \u00een consiliul jude\u021bean?<em>*<\/em><\/label><span class=\"wpcf7-form-control-wrap\" data-name=\"romak\"><textarea cols=\"40\" rows=\"5\" class=\"wpcf7-form-control wpcf7-textarea wpcf7-validates-as-required\" aria-required=\"true\" aria-invalid=\"false\" name=\"romak\"><\/textarea><\/span>\n              <p class=\"info-tip\"><\/p>\n            <\/div>\n          <\/div>\n        <\/div>\n      <\/div>\n      <div class=\"container\">\n        <div class=\"row\">\n          <div class=\"columns full\">\n            <div class=\"field textarea required\"><label for=\"\">\u00cen ultimii 4 ani, ce m\u0103suri a\u021bi luat pentru a atenua daunele cauzate de schimb\u0103rile climatice (gestionarea inunda\u021biilor, lupta \u00eempotriva secetei, re\u00eemp\u0103durirea etc.):<em>*<\/em><\/label><span class=\"wpcf7-form-control-wrap\" data-name=\"klimavaltozas\"><textarea cols=\"40\" rows=\"5\" class=\"wpcf7-form-control wpcf7-textarea wpcf7-validates-as-required\" aria-required=\"true\" aria-invalid=\"false\" name=\"klimavaltozas\"><\/textarea><\/span>\n              <p class=\"info-tip\"><\/p>\n            <\/div>\n          <\/div>\n        <\/div>\n      <\/div>\n      <div class=\"container\">\n        <div class=\"row\">\n          <div class=\"columns full\">\n            <div class=\"field textarea required\"><label for=\"\">\u00cen ultimii 4 ani, consiliul jude\u021bean a s\u0103rb\u0103torit Ziua P\u0103m\u00e2ntului? A\u021bi organizat campanii de con\u0219tientizare privind poluarea p\u00e2r\u00e2urilor \u0219i r\u00e2urilor, calitatea apei potabile, drepturile \u0219i obliga\u021biile administra\u021biei locale \u0219i ale locuitorilor \u00een contextul schimb\u0103rilor climatice?<em>*<\/em><\/label><span class=\"wpcf7-form-control-wrap\" data-name=\"kampanyok\"><textarea cols=\"40\" rows=\"5\" class=\"wpcf7-form-control wpcf7-textarea wpcf7-validates-as-required\" aria-required=\"true\" aria-invalid=\"false\" name=\"kampanyok\"><\/textarea><\/span>\n              <p class=\"info-tip\"><\/p>\n            <\/div>\n          <\/div>\n        <\/div>\n      <\/div>\n      <div class=\"container\">\n        <div class=\"row\">\n          <div class=\"columns full\">\n            <div class=\"field textarea required\"><label for=\"\">Dac\u0103 ve\u021bi candida din nou la alegeri, v\u0103 considera\u021bi un bun gospodar? De ce?<em>*<\/em><\/label><span class=\"wpcf7-form-control-wrap\" data-name=\"gazda\"><textarea cols=\"40\" rows=\"5\" class=\"wpcf7-form-control wpcf7-textarea wpcf7-validates-as-required\" aria-required=\"true\" aria-invalid=\"false\" name=\"gazda\"><\/textarea><\/span>\n              <p class=\"info-tip\"><\/p>\n            <\/div>\n          <\/div>\n        <\/div>\n      <\/div>\n      <div class=\"container only-active-contact-form-7\">\n        <div class=\"row\">\n          <div class=\"columns full\">\n            <div class=\"field file\"><label for=\"\">V\u0103 suger\u0103m s\u0103 \u00eenc\u0103rca\u021bi aici o fotografie pe care dori\u021bi s\u0103 o folosi\u021bi \u00een campania electoral\u0103 de anul acesta, care va ap\u0103rea pe paginile dvs. de socializare atunci c\u00e2nd partaja\u021bi r\u0103spunsurile la chestionar. Pe acest site web, aceast\u0103 fotografie destinat\u0103 re\u021belelor sociale NU va ap\u0103rea.<\/label><span class=\"wpcf7-form-control-wrap\" data-name=\"ogimage\"><input size=\"40\" class=\"wpcf7-form-control wpcf7-file\" accept=\"image\/*\" aria-invalid=\"false\" type=\"file\" name=\"ogimage\" \/><\/span>\n              <p class=\"info-tip\"><\/p>\n            <\/div>\n          <\/div>\n        <\/div>\n      <\/div>\n      <input class=\"wpcf7-form-control wpcf7-hidden\" value=\"\" type=\"hidden\" name=\"v\" \/> <input class=\"wpcf7-form-control wpcf7-hidden\" value=\"\" type=\"hidden\" name=\"t\" \/><input class=\"wpcf7-form-control wpcf7-hidden\" value=\"\" type=\"hidden\" name=\"your-name\" \/>\n      <div class=\"container\">\n        <div class=\"row\">\n          <div class=\"columns one-half\">\n            <div class=\"field\"><label for=\"\"><\/label><input class=\"wpcf7-form-control wpcf7-save wpcf7-submit cf7_2_post_save\" type=\"submit\" value=\"Salvare ca ciorn\u0103\" \/>\n<input type=\"hidden\" name=\"save_cf7_2_post\" class=\"cf7_2_post_draft\" value=\"false\"\/>\n              <p class=\"info-tip\"><\/p>\n            <\/div>\n          <\/div>\n          <div class=\"columns one-half\">\n            <div class=\"field\"><label for=\"\"><\/label><input class=\"wpcf7-form-control wpcf7-submit has-spinner\" type=\"submit\" value=\"Salvare versiune final\u0103\" \/>\n              <p class=\"info-tip\"><\/p>\n            <\/div>\n          <\/div>\n        <\/div>\n      <\/div>\n    <\/div>\n  <\/div>\n<\/div><div class=\"wpcf7-response-output\" aria-hidden=\"true\"><\/div>\n<\/fieldset><\/form>\n<\/div>\n<\/div><\/div><\/div>\n<\/div>\n<\/div><\/div>\n","protected":false},"excerpt":{"rendered":"<p>2024 este un an de importan\u021b\u0103 major\u0103, marc\u00e2nd alegerile locale, parlamentare, pentru Parlamentul European \u0219i preziden\u021bialele. \u00cen ultimii patru ani, am fost martorii unor schimb\u0103ri structurale \u0219i de mentalitate, iar accentuarea schimb\u0103rilor climatice a devenit evident\u0103, cu efectele sale integrate \u00een via\u021ba noastr\u0103 de zi cu zi. Viitorul genera\u021biilor urm\u0103toare este influen\u021bat de deciziile liderilor [&hellip;]<\/p>\n","protected":false},"author":1,"featured_media":0,"comment_status":"closed","ping_status":"open","sticky":false,"template":"","format":"standard","meta":{"_uag_custom_page_level_css":"","footnotes":""},"categories":[69,67],"tags":[],"class_list":["post-4032","post","type-post","status-publish","format-standard","hentry","category-sistem-democratic-monopartid","category-tk-ro"],"yoast_head":"<!-- This site is optimized with the Yoast SEO plugin v22.3 - https:\/\/yoast.com\/wordpress\/plugins\/seo\/ -->\n<title>Guvernare local\u0103 responsabil\u0103 - Concerned Citizens group<\/title>\n<meta name=\"robots\" content=\"index, follow, max-snippet:-1, max-image-preview:large, max-video-preview:-1\" \/>\n<link rel=\"canonical\" href=\"https:\/\/concernedcitizens.ro\/?p=4032&lang=ro\" \/>\n<meta property=\"og:locale\" content=\"en_US\" \/>\n<meta property=\"og:type\" content=\"article\" \/>\n<meta property=\"og:title\" content=\"Guvernare local\u0103 responsabil\u0103 - Concerned Citizens group\" \/>\n<meta property=\"og:description\" content=\"2024 este un an de importan\u021b\u0103 major\u0103, marc\u00e2nd alegerile locale, parlamentare, pentru Parlamentul European \u0219i preziden\u021bialele. \u00cen ultimii patru ani, am fost martorii unor schimb\u0103ri structurale \u0219i de mentalitate, iar accentuarea schimb\u0103rilor climatice a devenit evident\u0103, cu efectele sale integrate \u00een via\u021ba noastr\u0103 de zi cu zi. Viitorul genera\u021biilor urm\u0103toare este influen\u021bat de deciziile liderilor [&hellip;]\" \/>\n<meta property=\"og:url\" content=\"https:\/\/concernedcitizens.ro\/?p=4032&amp;lang=ro\" \/>\n<meta property=\"og:site_name\" content=\"Concerned Citizens group\" \/>\n<meta property=\"article:published_time\" content=\"2024-03-03T18:09:53+00:00\" \/>\n<meta property=\"article:modified_time\" content=\"2024-04-27T12:05:04+00:00\" \/>\n<meta name=\"author\" content=\"Concerned Citizens\" \/>\n<meta name=\"twitter:card\" content=\"summary_large_image\" \/>\n<meta name=\"twitter:label1\" content=\"Written by\" \/>\n\t<meta name=\"twitter:data1\" content=\"Concerned Citizens\" \/>\n\t<meta name=\"twitter:label2\" content=\"Est. reading time\" \/>\n\t<meta name=\"twitter:data2\" content=\"2 minutes\" \/>\n<!-- \/ Yoast SEO plugin. -->","yoast_head_json":{"title":"Guvernare local\u0103 responsabil\u0103 - Concerned Citizens group","robots":{"index":"index","follow":"follow","max-snippet":"max-snippet:-1","max-image-preview":"max-image-preview:large","max-video-preview":"max-video-preview:-1"},"canonical":"https:\/\/concernedcitizens.ro\/?p=4032&lang=ro","og_locale":"en_US","og_type":"article","og_title":"Guvernare local\u0103 responsabil\u0103 - Concerned Citizens group","og_description":"2024 este un an de importan\u021b\u0103 major\u0103, marc\u00e2nd alegerile locale, parlamentare, pentru Parlamentul European \u0219i preziden\u021bialele. \u00cen ultimii patru ani, am fost martorii unor schimb\u0103ri structurale \u0219i de mentalitate, iar accentuarea schimb\u0103rilor climatice a devenit evident\u0103, cu efectele sale integrate \u00een via\u021ba noastr\u0103 de zi cu zi. Viitorul genera\u021biilor urm\u0103toare este influen\u021bat de deciziile liderilor [&hellip;]","og_url":"https:\/\/concernedcitizens.ro\/?p=4032&lang=ro","og_site_name":"Concerned Citizens group","article_published_time":"2024-03-03T18:09:53+00:00","article_modified_time":"2024-04-27T12:05:04+00:00","author":"Concerned Citizens","twitter_card":"summary_large_image","twitter_misc":{"Written by":"Concerned Citizens","Est. reading time":"2 minutes"},"schema":{"@context":"https:\/\/schema.org","@graph":[{"@type":"Article","@id":"https:\/\/concernedcitizens.ro\/?p=4032&lang=ro#article","isPartOf":{"@id":"https:\/\/concernedcitizens.ro\/?p=4032&lang=ro"},"author":{"name":"Concerned Citizens","@id":"https:\/\/concernedcitizens.ro\/#\/schema\/person\/5a96341ea4f932a6bbd61bd76d51dcf8"},"headline":"Guvernare local\u0103 responsabil\u0103","datePublished":"2024-03-03T18:09:53+00:00","dateModified":"2024-04-27T12:05:04+00:00","mainEntityOfPage":{"@id":"https:\/\/concernedcitizens.ro\/?p=4032&lang=ro"},"wordCount":376,"publisher":{"@id":"https:\/\/concernedcitizens.ro\/#organization"},"articleSection":["Sistem democratic monopartid","TK ro"],"inLanguage":"en-US"},{"@type":"WebPage","@id":"https:\/\/concernedcitizens.ro\/?p=4032&lang=ro","url":"https:\/\/concernedcitizens.ro\/?p=4032&lang=ro","name":"Guvernare local\u0103 responsabil\u0103 - Concerned Citizens group","isPartOf":{"@id":"https:\/\/concernedcitizens.ro\/#website"},"datePublished":"2024-03-03T18:09:53+00:00","dateModified":"2024-04-27T12:05:04+00:00","breadcrumb":{"@id":"https:\/\/concernedcitizens.ro\/?p=4032&lang=ro#breadcrumb"},"inLanguage":"en-US","potentialAction":[{"@type":"ReadAction","target":["https:\/\/concernedcitizens.ro\/?p=4032&lang=ro"]}]},{"@type":"BreadcrumbList","@id":"https:\/\/concernedcitizens.ro\/?p=4032&lang=ro#breadcrumb","itemListElement":[{"@type":"ListItem","position":1,"name":"Home","item":"https:\/\/concernedcitizens.ro\/"},{"@type":"ListItem","position":2,"name":"Guvernare local\u0103 responsabil\u0103"}]},{"@type":"WebSite","@id":"https:\/\/concernedcitizens.ro\/#website","url":"https:\/\/concernedcitizens.ro\/","name":"Concerned Citizens group","description":"","publisher":{"@id":"https:\/\/concernedcitizens.ro\/#organization"},"potentialAction":[{"@type":"SearchAction","target":{"@type":"EntryPoint","urlTemplate":"https:\/\/concernedcitizens.ro\/?s={search_term_string}"},"query-input":"required name=search_term_string"}],"inLanguage":"en-US"},{"@type":"Organization","@id":"https:\/\/concernedcitizens.ro\/#organization","name":"Concerned Citizens group","url":"https:\/\/concernedcitizens.ro\/","logo":{"@type":"ImageObject","inLanguage":"en-US","@id":"https:\/\/concernedcitizens.ro\/#\/schema\/logo\/image\/","url":"https:\/\/concernedcitizens.ro\/wp-content\/uploads\/2024\/02\/concerned_citizens-1.webp","contentUrl":"https:\/\/concernedcitizens.ro\/wp-content\/uploads\/2024\/02\/concerned_citizens-1.webp","width":589,"height":616,"caption":"Concerned Citizens group"},"image":{"@id":"https:\/\/concernedcitizens.ro\/#\/schema\/logo\/image\/"}},{"@type":"Person","@id":"https:\/\/concernedcitizens.ro\/#\/schema\/person\/5a96341ea4f932a6bbd61bd76d51dcf8","name":"Concerned Citizens","image":{"@type":"ImageObject","inLanguage":"en-US","@id":"https:\/\/concernedcitizens.ro\/#\/schema\/person\/image\/","url":"https:\/\/secure.gravatar.com\/avatar\/cc17af2fb15212257c85ce2881aa24988b8104bec600d1068ccdf8c9b04bea11?s=96&d=mm&r=g","contentUrl":"https:\/\/secure.gravatar.com\/avatar\/cc17af2fb15212257c85ce2881aa24988b8104bec600d1068ccdf8c9b04bea11?s=96&d=mm&r=g","caption":"Concerned Citizens"},"sameAs":["https:\/\/concernedcitizens.ro"],"url":"https:\/\/concernedcitizens.ro\/?author=1"}]}},"uagb_featured_image_src":{"full":false,"thumbnail":false,"medium":false,"medium_large":false,"large":false,"1536x1536":false,"2048x2048":false},"uagb_author_info":{"display_name":"Concerned Citizens","author_link":"https:\/\/concernedcitizens.ro\/?author=1"},"uagb_comment_info":0,"uagb_excerpt":"2024 este un an de importan\u021b\u0103 major\u0103, marc\u00e2nd alegerile locale, parlamentare, pentru Parlamentul European \u0219i preziden\u021bialele. \u00cen ultimii patru ani, am fost martorii unor schimb\u0103ri structurale \u0219i de mentalitate, iar accentuarea schimb\u0103rilor climatice a devenit evident\u0103, cu efectele sale integrate \u00een via\u021ba noastr\u0103 de zi cu zi. Viitorul genera\u021biilor urm\u0103toare este influen\u021bat de deciziile liderilor&hellip;","_links":{"self":[{"href":"https:\/\/concernedcitizens.ro\/index.php?rest_route=\/wp\/v2\/posts\/4032","targetHints":{"allow":["GET"]}}],"collection":[{"href":"https:\/\/concernedcitizens.ro\/index.php?rest_route=\/wp\/v2\/posts"}],"about":[{"href":"https:\/\/concernedcitizens.ro\/index.php?rest_route=\/wp\/v2\/types\/post"}],"author":[{"embeddable":true,"href":"https:\/\/concernedcitizens.ro\/index.php?rest_route=\/wp\/v2\/users\/1"}],"replies":[{"embeddable":true,"href":"https:\/\/concernedcitizens.ro\/index.php?rest_route=%2Fwp%2Fv2%2Fcomments&post=4032"}],"version-history":[{"count":28,"href":"https:\/\/concernedcitizens.ro\/index.php?rest_route=\/wp\/v2\/posts\/4032\/revisions"}],"predecessor-version":[{"id":5814,"href":"https:\/\/concernedcitizens.ro\/index.php?rest_route=\/wp\/v2\/posts\/4032\/revisions\/5814"}],"wp:attachment":[{"href":"https:\/\/concernedcitizens.ro\/index.php?rest_route=%2Fwp%2Fv2%2Fmedia&parent=4032"}],"wp:term":[{"taxonomy":"category","embeddable":true,"href":"https:\/\/concernedcitizens.ro\/index.php?rest_route=%2Fwp%2Fv2%2Fcategories&post=4032"},{"taxonomy":"post_tag","embeddable":true,"href":"https:\/\/concernedcitizens.ro\/index.php?rest_route=%2Fwp%2Fv2%2Ftags&post=4032"}],"curies":[{"name":"wp","href":"https:\/\/api.w.org\/{rel}","templated":true}]}}