{"id":4014,"date":"2024-03-03T17:36:25","date_gmt":"2024-03-03T17:36:25","guid":{"rendered":"https:\/\/concernedcitizens.ro\/?p=4014"},"modified":"2024-04-27T12:04:33","modified_gmt":"2024-04-27T12:04:33","slug":"felelossegteljes-onkormanyzas","status":"publish","type":"post","link":"https:\/\/concernedcitizens.ro\/?p=4014","title":{"rendered":"Felel\u0151ss\u00e9gteljes \u00d6nkorm\u00e1nyz\u00e1s"},"content":{"rendered":"\n<p>A \u201eDemokratikus egyp\u00e1rtrendszer\u201d projekten bel\u00fcl a 2024 szuperv\u00e1laszt\u00e1si \u00e9v m\u00e1rcius\u00e1ban elind\u00edtottuk a \u201eFelel\u0151ss\u00e9gteljes \u00d6nkorm\u00e1nyz\u00e1s\u201d projekt\u00fcnket, amelynek c\u00e9lja a demokratikus \u00e9s k\u00f6z\u00f6ss\u00e9gcentrikus \u00f6nkorm\u00e1nyz\u00e1s meger\u0151s\u00edt\u00e9se a rom\u00e1niai magyar k\u00f6z\u00f6ss\u00e9gen bel\u00fcl. A projekt keret\u00e9n bel\u00fcl szeretn\u00e9nk felt\u00e9rk\u00e9pezni, hogy az egyes v\u00e1lasztott k\u00e9pvisel\u0151k mennyire azonosulnak a demokratikus \u00e9rt\u00e9kekkel, mennyire fontosak nekik a k\u00f6z\u00f6ss\u00e9g\u00fck jogai, ezeket mennyire k\u00e9pviselt\u00e9k az elm\u00falt n\u00e9gy \u00e9vben \u00e9s a j\u00f6v\u0151beni terveiket.<\/p>\n\n\n\n<p>A projekt els\u0151 f\u00e1zis\u00e1ban \u00f6ssze\u00e1ll\u00edtottunk egy k\u00e9rd\u0151\u00edvet, amelyet elektronikus form\u00e1ban elk\u00fcldt\u00fcnk az RMDSZ \u00e9s m\u00e1s, a magyar k\u00f6z\u00f6ss\u00e9g szempontj\u00e1b\u00f3l relev\u00e1ns p\u00e1rtok v\u00e1lasztott \u00f6nkorm\u00e1nyzati k\u00e9pvisel\u0151inek (polg\u00e1rmesterek, helyi \u00e9s megyei tan\u00e1csosok, megyei tan\u00e1cseln\u00f6k\u00f6k). A k\u00e9rd\u0151\u00edv kit\u00f6lt\u00e9se a concernedcitizens.ro weboldalon kereszt\u00fcl t\u00f6rt\u00e9nik, \u00e9s ugyanezen a platformon megtekinthet\u0151ek lesznek a v\u00e1laszok is. Ez a felm\u00e9r\u00e9s a rom\u00e1niai magyar politikai szerepl\u0151k demokratikus gondolkod\u00e1s\u00e1t \u00e9s a k\u00f6z\u00f6ss\u00e9g ir\u00e1nti tisztelet\u00e9t is m\u00e9ri. A v\u00e1laszad\u00f3k sz\u00e1ma, a k\u00e9rd\u00e9sekre adott v\u00e1laszok tartalma, min\u0151s\u00e9ge kit\u0171n\u0151 l\u00e1tleletet ny\u00fajt majd a jelenlegi politikai szerepl\u0151kr\u0151l.<\/p>\n\n\n\n<p>2024 egy kiemelten fontos \u00e9v: az \u00f6nkorm\u00e1nyzati, parlamenti \u00e9s eur\u00f3pai parlamenti v\u00e1laszt\u00e1sok, tov\u00e1bb\u00e1 az eln\u00f6kv\u00e1laszt\u00e1s \u00e9ve. Az elm\u00falt n\u00e9gy \u00e9vben sz\u00e1mos struktur\u00e1lis \u00e9s mentalit\u00e1sbeli v\u00e1ltoz\u00e1snak voltunk tan\u00fai, \u00e9s a kl\u00edmav\u00e1ltoz\u00e1s felgyorsul\u00e1sa is l\u00e1tv\u00e1nyoss\u00e1 v\u00e1lt, \u00e9s mindennapi \u00e9let\u00fcnk r\u00e9sz\u00e9v\u00e9 v\u00e1lt annak hat\u00e1sa. A j\u00f6v\u0151 gener\u00e1ci\u00f3k sors\u00e1t a jelenlegi \u00e9s a j\u00f6v\u0151beni politikai vezet\u0151k rossz vagy j\u00f3 d\u00f6nt\u00e9sei pecs\u00e9telik meg. K\u00f6vetkez\u00e9sk\u00e9ppen nagyon fontos, hogy olyan vezet\u0151k ker\u00fcljenek a k\u00f6z\u00f6ss\u00e9gek \u00e9l\u00e9re &#8211; legyen az ak\u00e1r kisk\u00f6z\u00f6ss\u00e9g, ak\u00e1r nagy k\u00f6z\u00f6ss\u00e9g -, akik tiszt\u00e1ban vannak a cselekedeteik s\u00faly\u00e1val, \u00e9s akiket r\u00f6vidt\u00e1v\u00fa haszonszerz\u00e9s helyett a k\u00f6z\u00f6ss\u00e9g\u00fck j\u00f6v\u0151je motiv\u00e1l.<\/p>\n\n\n\n<p>A C.C. csoport \u00e1ltal \u00f6ssze\u00e1ll\u00edtott k\u00e9rd\u0151\u00edv olyan k\u00e9rd\u00e9seket tartalmaz, amely a felel\u0151ss\u00e9gteljes \u00f6nkorm\u00e1nyzatis\u00e1ghoz ny\u00fajt t\u00e1mpontokat. A k\u00e9rd\u00e9sekkel \u00e9s az azokra adott v\u00e1laszok seg\u00edts\u00e9g\u00e9vel l\u00e1ttatni szeretn\u00e9nk a v\u00e1laszt\u00f3k sz\u00e1m\u00e1ra, hogy milyen gondokkal k\u00fczdenek telep\u00fcl\u00e9s\u00fck, megy\u00e9j\u00fck \u00f6nkorm\u00e1nyzati vezet\u0151i, milyen eredm\u00e9nyeket \u00e9rtek el, mi\u00e9rt szeretn\u00e9nek \u00fajraindulni a v\u00e1laszt\u00e1sokon (amennyiben szeretn\u00e9nek), milyen telep\u00fcl\u00e9sfejleszt\u00e9si \u00e9s k\u00f6z\u00f6ss\u00e9gfejleszt\u00e9si terveik vannak, mennyire fontos nekik a telep\u00fcl\u00e9s\u00fck jelene \u00e9s a j\u00f6v\u0151 gener\u00e1ci\u00f3 sorsa.<\/p>\n\n\n\n<p>A k\u00e9rd\u00e9sekre adott v\u00e1laszok egyr\u00e9szt lehet\u0151s\u00e9get adnak arra, hogy egy polg\u00e1rmester, tan\u00e1csos sz\u00e1mot vessen az elm\u00falt n\u00e9gy \u00e9v eredm\u00e9nyeivel, kudarcaival, \u00e9s azokat \u0151szint\u00e9n bemutassa a v\u00e1laszt\u00f3knak, m\u00e1sr\u00e9szt seg\u00edts\u00e9get ny\u00fajt a v\u00e1laszt\u00f3knak abban, hogy t\u00e1j\u00e9kozott \u00e9s felel\u0151ss\u00e9gteljes \u00e1llampolg\u00e1rk\u00e9nt v\u00e1laszthass\u00e1k meg telep\u00fcl\u00e9s\u00fck strat\u00e9giai d\u00f6nt\u00e9shoz\u00f3it. \u00d6nkorm\u00e1nyzati el\u00f6lj\u00e1r\u00f3inknak lehet\u0151s\u00e9ge ad\u00f3dik arra, hogy a jelen k\u00e9rd\u00e9sekre adott v\u00e1laszaikkal struktur\u00e1ltan bemutatkozzanak az idei v\u00e1laszt\u00e1si \u00e9v kamp\u00e1ny\u00e1ban. A <a href=\"https:\/\/concernedcitizens.ro\">https:\/\/concernedcitizens.ro<\/a> oldalon k\u00f6zz\u00e9tessz\u00fck a Felel\u0151ss\u00e9gteljes \u00d6nkorm\u00e1nyz\u00e1s k\u00e9rd\u0151\u00edvet \u00e9s az azokra adott v\u00e1laszokat. Ezekkel a v\u00e1laszokkal el\u00f6lj\u00e1r\u00f3ink am\u00fagy is tartoznak a k\u00f6z\u00f6ss\u00e9gnek.<\/p>\n\n\n\n<div class=\"wp-block-uagb-countdown uagb-block-aa1bf037 felelossegteljes_onkormanyzas_countdown\"><div class=\"wp-block-uagb-countdown__box wp-block-uagb-countdown__box-days\"><div role=\"timer\" aria-live=\"off\" class=\"wp-block-uagb-countdown__time wp-block-uagb-countdown__time-days\">&#8211;<\/div><div class=\"wp-block-uagb-countdown__label\">nap<\/div><\/div><div class=\"wp-block-uagb-countdown__box wp-block-uagb-countdown__box-hours\"><div role=\"timer\" aria-live=\"off\" class=\"wp-block-uagb-countdown__time wp-block-uagb-countdown__time-hours\">&#8211;<\/div><div class=\"wp-block-uagb-countdown__label\">\u00f3ra<\/div><\/div><div class=\"wp-block-uagb-countdown__box wp-block-uagb-countdown__box-minutes\"><div role=\"timer\" aria-live=\"off\" class=\"wp-block-uagb-countdown__time wp-block-uagb-countdown__time-minutes\">&#8211;<\/div><div class=\"wp-block-uagb-countdown__label\">perc<\/div><\/div><div class=\"wp-block-uagb-countdown__box wp-block-uagb-countdown__box-seconds\"><div role=\"timer\" aria-live=\"off\" class=\"wp-block-uagb-countdown__time wp-block-uagb-countdown__time-seconds\">&#8211;<\/div><div class=\"wp-block-uagb-countdown__label\">m\u00e1sodperc<\/div><\/div><\/div>\n\n\n\n<p>Amennyiben \u00f6nnek v\u00e1lasztott tiszts\u00e9ge van, \u00e9s nem kapott a concernedcitizens.ro oldalr\u00f3l k\u00f3dot, de szeretne v\u00e1laszolni a k\u00e9rd\u00e9sekre, k\u00e9rj\u00fck, \u00edrjon levelet a concernedcitizens@gmail.com c\u00edmre.<\/p>\n\n\n\n<div class=\"wp-block-uagb-tabs uagb-block-99c7d589 uagb-tabs__wrap uagb-tabs__hstyle3-desktop uagb-tabs__vstyle6-tablet uagb-tabs__stack1-mobile demo-contact-form-7\" data-tab-active=\"0\"><ul class=\"uagb-tabs__panel uagb-tabs__align-left\" role=\"tablist\"><li class=\"uagb-tab uagb-tabs__active\" role=\"none\"><a href=\"#uagb-tabs__tab0\" class=\"uagb-tabs-list uagb-tabs__icon-position-left\" data-tab=\"0\" role=\"tab\"><div>Polg\u00e1rmestereknek<\/div><\/a><\/li><li class=\"uagb-tab \" role=\"none\"><a href=\"#uagb-tabs__tab1\" class=\"uagb-tabs-list uagb-tabs__icon-position-left\" data-tab=\"1\" role=\"tab\"><div>Helyi tan\u00e1csosoknak<\/div><\/a><\/li><li class=\"uagb-tab \" role=\"none\"><a href=\"#uagb-tabs__tab2\" class=\"uagb-tabs-list uagb-tabs__icon-position-left\" data-tab=\"2\" role=\"tab\"><div>Megyei tan\u00e1csosoknak<\/div><\/a><\/li><li class=\"uagb-tab \" role=\"none\"><a href=\"#uagb-tabs__tab3\" class=\"uagb-tabs-list uagb-tabs__icon-position-left\" data-tab=\"3\" role=\"tab\"><div>Megyei tan\u00e1cseln\u00f6k\u00f6knek<\/div><\/a><\/li><\/ul><div class=\"uagb-tabs__body-wrap\">\n<div class=\"wp-block-uagb-tabs-child uagb-tabs__body-container uagb-inner-tab-0 demo-contact-form-7\" aria-labelledby=\"uagb-tabs__tab0\">\n<div class=\"wp-block-contact-form-7-contact-form-selector\"><div class=\"cf7sg-container\"><div id=\"cf7sg-form-felelos_onkorm_polga\" class=\"cf7-smart-grid has-table has-grid key_felelos_onkorm_polga\">\n<div class=\"wpcf7 no-js\" id=\"wpcf7-f650-o1\" lang=\"hu-HU\" dir=\"ltr\">\n<div class=\"screen-reader-response\"><p role=\"status\" aria-live=\"polite\" aria-atomic=\"true\"><\/p> <ul><\/ul><\/div>\n<form action=\"\/index.php?rest_route=%2Fwp%2Fv2%2Fposts%2F4014#wpcf7-f650-o1\" method=\"post\" class=\"wpcf7-form init\" aria-label=\"Kapcsolatfelv\u00e9teli \u0171rlap\" enctype=\"multipart\/form-data\" novalidate=\"novalidate\" data-status=\"init\"><fieldset >\n<div style=\"display: none;\">\n<input type=\"hidden\" name=\"_wpcf7\" value=\"650\" \/>\n<input type=\"hidden\" name=\"_wpcf7_version\" value=\"5.8.7\" \/>\n<input type=\"hidden\" name=\"_wpcf7_locale\" value=\"hu_HU\" \/>\n<input type=\"hidden\" name=\"_wpcf7_unit_tag\" value=\"wpcf7-f650-o1\" \/>\n<input type=\"hidden\" name=\"_wpcf7_container_post\" value=\"0\" \/>\n<input type=\"hidden\" name=\"_wpcf7_posted_data_hash\" value=\"\" \/>\n<input type=\"hidden\" name=\"_wpcf7_key\" value=\"felelos_onkorm_polga\" \/>\n<input type=\"hidden\" name=\"_cf7sg_toggles\" value=\"\" \/>\n<input type=\"hidden\" name=\"_cf7sg_version\" value=\"4.15.7\" \/>\n<input type=\"hidden\" name=\"_wpnonce\" value=\"ff2ee20e15\" \/>\n<input type=\"hidden\" name=\"_wpcf7_lang\" value=\"\" \/>\n<input type=\"hidden\" name=\"_map_author\" value=\"1\" \/>\n<input type=\"hidden\" name=\"_c2p_nonce\" value=\"3a1938e47f\" \/>\n<\/div>\n<div class=\"container\">\n  <div class=\"row\">\n    <div class=\"columns full\">\n      <div class=\"container\">\n        <div class=\"row\">\n          <div class=\"columns full\">\n            <div class=\"field textarea required\"><label for=\"\">K\u00e9rj\u00fck, r\u00f6viden mutasson be a k\u00f6z\u00f6ss\u00e9g szempontj\u00e1b\u00f3l h\u00e1rom kiemelked\u0151 \u00f6nkorm\u00e1nyzati projektet, amelyek az elm\u00falt 4 \u00e9vben ker\u00fcltek megval\u00f3s\u00edt\u00e1sra:<em>*<\/em><\/label><span class=\"wpcf7-form-control-wrap\" data-name=\"projektek\"><textarea cols=\"40\" rows=\"5\" class=\"wpcf7-form-control wpcf7-textarea wpcf7-validates-as-required\" aria-required=\"true\" aria-invalid=\"false\" name=\"projektek\"><\/textarea><\/span>\n              <p class=\"info-tip\"><\/p>\n            <\/div>\n          <\/div>\n        <\/div>\n      <\/div>\n      <div class=\"container\">\n        <div class=\"row\">\n          <div class=\"columns full\">\n            <div class=\"field textarea required\"><label for=\"\">Amennyiben \u00fajb\u00f3l megp\u00e1ly\u00e1zza a polg\u00e1rmesteri poz\u00edci\u00f3t az idei szuperv\u00e1laszt\u00e1si \u00e9vben, milyen c\u00e9ljai vannak? Mit szeretne fejleszteni a helyi k\u00f6z\u00f6ss\u00e9gben? Mutassa be a h\u00e1rom legfontosabb c\u00e9lkit\u0171z\u00e9s\u00e9t:<em>*<\/em><\/label><span class=\"wpcf7-form-control-wrap\" data-name=\"celok\"><textarea cols=\"40\" rows=\"5\" class=\"wpcf7-form-control wpcf7-textarea wpcf7-validates-as-required\" aria-required=\"true\" aria-invalid=\"false\" name=\"celok\"><\/textarea><\/span>\n              <p class=\"info-tip\"><\/p>\n            <\/div>\n          <\/div>\n        <\/div>\n      <\/div>\n      <div class=\"container\">\n        <div class=\"row\">\n          <div class=\"columns full\">\n            <div class=\"field textarea required\"><label for=\"\">Az elm\u00falt 4 \u00e9vben h\u00e1ny k\u00f6zmeghallgat\u00e1st szervezett? Milyen t\u00e9mak\u00f6r\u00f6kben, h\u00e1nyan voltak jelen, hogyan hirdette meg a k\u00f6zmeghallgat\u00e1st, jegyz\u0151k\u00f6nyvek k\u00e9sz\u00fcltek-e, hol \u00e9rhet\u0151k el?<em>*<\/em><\/label><span class=\"wpcf7-form-control-wrap\" data-name=\"kozmeghallgatasok\"><textarea cols=\"40\" rows=\"5\" class=\"wpcf7-form-control wpcf7-textarea wpcf7-validates-as-required\" aria-required=\"true\" aria-invalid=\"false\" name=\"kozmeghallgatasok\"><\/textarea><\/span>\n              <p class=\"info-tip\"><\/p>\n            <\/div>\n          <\/div>\n        <\/div>\n      <\/div>\n      <div class=\"container\">\n        <div class=\"row\">\n          <div class=\"columns full\">\n            <div class=\"field textarea required\"><label for=\"\">Az elm\u00falt 4 \u00e9vben h\u00e1ny fogad\u00f3\u00f3r\u00e1ja volt, \u00e9s h\u00e1ny lakost fogadott? A fogad\u00f3\u00f3r\u00e1kon melyek voltak a legfontosabb lakoss\u00e1gi panaszok, k\u00e9rj\u00fck, soroljon fel h\u00e1rmat:<em>*<\/em><\/label><span class=\"wpcf7-form-control-wrap\" data-name=\"fogadoorak\"><textarea cols=\"40\" rows=\"5\" class=\"wpcf7-form-control wpcf7-textarea wpcf7-validates-as-required\" aria-required=\"true\" aria-invalid=\"false\" name=\"fogadoorak\"><\/textarea><\/span>\n              <p class=\"info-tip\"><\/p>\n            <\/div>\n          <\/div>\n        <\/div>\n      <\/div>\n      <div class=\"container\">\n        <div class=\"row\">\n          <div class=\"columns full\">\n            <div class=\"field textarea required\"><label for=\"\">Az elm\u00falt 4 \u00e9vben h\u00e1ny k\u00f6z\u00e9rdek\u0171 adatig\u00e9nyl\u00e9st ny\u00fajtottak be a hivatalba? (2001. \u00e9vi 544. sz. tv.) A beny\u00fajtott adatig\u00e9nyl\u00e9sekr\u0151l k\u00e9sz\u00edtett \u00e9vi \u00f6sszes\u00edt\u00e9sek linkj\u00e9t k\u00e9rj\u00fck, mell\u00e9kelje:<em>*<\/em><\/label><span class=\"wpcf7-form-control-wrap\" data-name=\"adatigenylesek\"><textarea cols=\"40\" rows=\"5\" class=\"wpcf7-form-control wpcf7-textarea wpcf7-validates-as-required\" aria-required=\"true\" aria-invalid=\"false\" name=\"adatigenylesek\"><\/textarea><\/span>\n              <p class=\"info-tip\"><\/p>\n            <\/div>\n          <\/div>\n        <\/div>\n      <\/div>\n      <div class=\"container\">\n        <div class=\"row\">\n          <div class=\"columns full\">\n            <div class=\"field textarea required\"><label for=\"\">A telep\u00fcl\u00e9sen (v\u00e1ros\/k\u00f6zs\u00e9g) az elm\u00falt 4 \u00e9vben neveztek-e el int\u00e9zm\u00e9nyt, utc\u00e1t, teret magyar, rom\u00e1n ill. m\u00e1s nemzetis\u00e9g\u0171 szem\u00e9lyr\u0151l? Melyek azok, milyen nevet kaptak, \u00e9s mi\u00e9rt?<em>*<\/em><\/label><span class=\"wpcf7-form-control-wrap\" data-name=\"kozteruletek\"><textarea cols=\"40\" rows=\"5\" class=\"wpcf7-form-control wpcf7-textarea wpcf7-validates-as-required\" aria-required=\"true\" aria-invalid=\"false\" name=\"kozteruletek\"><\/textarea><\/span>\n              <p class=\"info-tip\"><\/p>\n            <\/div>\n          <\/div>\n        <\/div>\n      <\/div>\n      <div class=\"container\">\n        <div class=\"row\">\n          <div class=\"columns full\">\n            <div class=\"field textarea required\"><label for=\"\">Az elm\u00falt 4 \u00e9vben hogyan ker\u00fcltek alkalmaz\u00e1sra a K\u00f6zigazgat\u00e1si t\u00f6rv\u00e9nyk\u00f6ny (2019. \u00e9vi 57. sz. s\u00fcrg\u0151ss\u00e9gi korm\u00e1nyhat\u00e1rozat) magyar nyelvhaszn\u00e1latra vonatkoz\u00f3 cikkelyei?<em>*<\/em><\/label><span class=\"wpcf7-form-control-wrap\" data-name=\"kodex\"><textarea cols=\"40\" rows=\"5\" class=\"wpcf7-form-control wpcf7-textarea wpcf7-validates-as-required\" aria-required=\"true\" aria-invalid=\"false\" name=\"kodex\"><\/textarea><\/span>\n              <p class=\"info-tip\"><\/p>\n            <\/div>\n          <\/div>\n        <\/div>\n      <\/div>\n      <div class=\"container\">\n        <div class=\"row\">\n          <div class=\"columns eleven offset-one\">\n            <div class=\"field textarea required\"><label for=\"\">Milyen nyelven - nyelveken zajlanak a tan\u00e1cs\u00fcl\u00e9sek?<em>*<\/em><\/label><span class=\"wpcf7-form-control-wrap\" data-name=\"tanacsulesek\"><textarea cols=\"40\" rows=\"5\" class=\"wpcf7-form-control wpcf7-textarea wpcf7-validates-as-required\" aria-required=\"true\" aria-invalid=\"false\" name=\"tanacsulesek\"><\/textarea><\/span>\n              <p class=\"info-tip\"><\/p>\n            <\/div>\n          <\/div>\n        <\/div>\n      <\/div>\n      <div class=\"container\">\n        <div class=\"row\">\n          <div class=\"columns eleven offset-one\">\n            <div class=\"field textarea required\"><label for=\"\">A polg\u00e1rmesteri hivatal hirdet\u0151t\u00e1bl\u00e1j\u00e1n milyen nyelveken ker\u00fclnek ki a k\u00f6z\u00e9rdek\u0171 inform\u00e1ci\u00f3k?<em>*<\/em><\/label><span class=\"wpcf7-form-control-wrap\" data-name=\"hirdetotablak\"><textarea cols=\"40\" rows=\"5\" class=\"wpcf7-form-control wpcf7-textarea wpcf7-validates-as-required\" aria-required=\"true\" aria-invalid=\"false\" name=\"hirdetotablak\"><\/textarea><\/span>\n              <p class=\"info-tip\"><\/p>\n            <\/div>\n          <\/div>\n        <\/div>\n      <\/div>\n      <div class=\"container\">\n        <div class=\"row\">\n          <div class=\"columns eleven offset-one\">\n            <div class=\"field textarea required\"><label for=\"\">Leford\u00edtj\u00e1k-e a normat\u00edv jelleg\u0171 tan\u00e1cshat\u00e1rozatokat magyar nyelvre?<em>*<\/em><\/label><span class=\"wpcf7-form-control-wrap\" data-name=\"hatarozatok\"><textarea cols=\"40\" rows=\"5\" class=\"wpcf7-form-control wpcf7-textarea wpcf7-validates-as-required\" aria-required=\"true\" aria-invalid=\"false\" name=\"hatarozatok\"><\/textarea><\/span>\n              <p class=\"info-tip\"><\/p>\n            <\/div>\n          <\/div>\n        <\/div>\n      <\/div>\n      <div class=\"container\">\n        <div class=\"row\">\n          <div class=\"columns eleven offset-one\">\n            <div class=\"field textarea required\"><label for=\"\">Milyen nyelv\u0171ek az irod\u00e1k feliratai? K\u00e9pek.<em>*<\/em><\/label><span class=\"wpcf7-form-control-wrap\" data-name=\"irodak\"><textarea cols=\"40\" rows=\"5\" class=\"wpcf7-form-control wpcf7-textarea wpcf7-validates-as-required\" aria-required=\"true\" aria-invalid=\"false\" name=\"irodak\"><\/textarea><\/span>\n              <p class=\"info-tip\"><\/p>\n            <\/div>\n          <\/div>\n        <\/div>\n      <\/div>\n      <div class=\"container cf7-sg-table\" id=\"cf7-sg-table-1708375398746\" data-button=\"\u00daj k\u00e9p hozz\u00e1ad\u00e1sa\">\n        <div class=\"row cf7-sg-table\">\n          <div class=\"columns eleven offset-one\">\n            <div class=\"field file\"><label for=\"\"><\/label><span class=\"wpcf7-form-control-wrap\" data-name=\"kepek\"><input size=\"40\" class=\"wpcf7-form-control wpcf7-file\" accept=\"image\/*\" aria-invalid=\"false\" type=\"file\" name=\"kepek\" \/><\/span>\n              <p class=\"info-tip\"><\/p>\n            <\/div>\n          <\/div>\n        <\/div>\n      <\/div>\n      <div class=\"container\">\n        <div class=\"row\">\n          <div class=\"columns eleven offset-one\">\n            <div class=\"field textarea required\"><label for=\"\">H\u00e1ny magyar nyelv\u0171 beadv\u00e1nyt\/k\u00e9rv\u00e9nyt ny\u00fajtottak be az elm\u00falt 4 \u00e9vben?<em>*<\/em><\/label><span class=\"wpcf7-form-control-wrap\" data-name=\"beadvanyok\"><textarea cols=\"40\" rows=\"5\" class=\"wpcf7-form-control wpcf7-textarea wpcf7-validates-as-required\" aria-required=\"true\" aria-invalid=\"false\" name=\"beadvanyok\"><\/textarea><\/span>\n              <p class=\"info-tip\"><\/p>\n            <\/div>\n          <\/div>\n        <\/div>\n      <\/div>\n      <div class=\"container\">\n        <div class=\"row\">\n          <div class=\"columns eleven offset-one\">\n            <div class=\"field textarea required\"><label for=\"\">Az \u00fcgyf\u00e9lszolg\u00e1laton vannak-e magyar nyelvet ismer\u0151 alkalmazottak, \u00e9s besz\u00e9lnek-e magyarul a magyar lakosokkal?<em>*<\/em><\/label><span class=\"wpcf7-form-control-wrap\" data-name=\"ugyfelszolgalat\"><textarea cols=\"40\" rows=\"5\" class=\"wpcf7-form-control wpcf7-textarea wpcf7-validates-as-required\" aria-required=\"true\" aria-invalid=\"false\" name=\"ugyfelszolgalat\"><\/textarea><\/span>\n              <p class=\"info-tip\"><\/p>\n            <\/div>\n          <\/div>\n        <\/div>\n      <\/div>\n      <div class=\"container\">\n        <div class=\"row\">\n          <div class=\"columns full\">\n            <div class=\"field textarea required\"><label for=\"\">Az elm\u00falt 4 \u00e9v tapasztalatai alapj\u00e1n az \u00f6n \u00e1ltal vezetett telep\u00fcl\u00e9s lak\u00f3i tiszt\u00e1ban vannak a jogaikkal? Ismerik a nyelvi jogaikat? J\u00e1rnak-e tan\u00e1cs\u00fcl\u00e9sre, k\u00f6vetik-e a tan\u00e1cs\u00fcl\u00e9seken megsz\u00fcletett d\u00f6nt\u00e9sek, hat\u00e1rozatok (p\u00e9ld\u00e1ul fontos beruh\u00e1z\u00e1sok) ut\u00f3\u00e9let\u00e9t?<em>*<\/em><\/label><span class=\"wpcf7-form-control-wrap\" data-name=\"civizmus\"><textarea cols=\"40\" rows=\"5\" class=\"wpcf7-form-control wpcf7-textarea wpcf7-validates-as-required\" aria-required=\"true\" aria-invalid=\"false\" name=\"civizmus\"><\/textarea><\/span>\n              <p class=\"info-tip\"><\/p>\n            <\/div>\n          <\/div>\n        <\/div>\n      <\/div>\n      <div class=\"container\">\n        <div class=\"row\">\n          <div class=\"columns full\">\n            <div class=\"field textarea required\"><label for=\"\">Milyen m\u00e9rt\u00e9k\u0171 a munkan\u00e9lk\u00fclis\u00e9g az \u00f6n telep\u00fcl\u00e9s\u00e9n, \u00e9s \u00f6n mit tett a helyzet jav\u00edt\u00e1s\u00e1\u00e9rt?<em>*<\/em><\/label><span class=\"wpcf7-form-control-wrap\" data-name=\"munkanelkuliseg\"><textarea cols=\"40\" rows=\"5\" class=\"wpcf7-form-control wpcf7-textarea wpcf7-validates-as-required\" aria-required=\"true\" aria-invalid=\"false\" name=\"munkanelkuliseg\"><\/textarea><\/span>\n              <p class=\"info-tip\"><\/p>\n            <\/div>\n          <\/div>\n        <\/div>\n      <\/div>\n      <div class=\"container\">\n        <div class=\"row\">\n          <div class=\"columns full\">\n            <div class=\"field textarea required\"><label for=\"\">Az elm\u00falt 4 \u00e9vben a telep\u00fcl\u00e9s lak\u00f3inak az anyagi helyzete javult, vagy gyeng\u00fclt? Nemzetis\u00e9gre, etnikumra lebontva melyek a statisztik\u00e1k?<em>*<\/em><\/label><span class=\"wpcf7-form-control-wrap\" data-name=\"szocialis\"><textarea cols=\"40\" rows=\"5\" class=\"wpcf7-form-control wpcf7-textarea wpcf7-validates-as-required\" aria-required=\"true\" aria-invalid=\"false\" name=\"szocialis\"><\/textarea><\/span>\n              <p class=\"info-tip\"><\/p>\n            <\/div>\n          <\/div>\n        <\/div>\n      <\/div>\n      <div class=\"container\">\n        <div class=\"row\">\n          <div class=\"columns full\">\n            <div class=\"field textarea required\"><label for=\"\">Az elm\u00falt 4 \u00e9vben milyen volt a f\u00e9rfi-n\u0151 ar\u00e1ny a helyi tan\u00e1csban? Ezen bel\u00fcl az \u00f6n politikai alakulat\u00e1ban? Terveznek-e v\u00e1ltoztat\u00e1sokat ezen a t\u00e9ren (p\u00e9ld\u00e1ul n\u00f6velni a n\u0151i tan\u00e1csosok ar\u00e1ny\u00e1t)?<em>*<\/em><\/label><span class=\"wpcf7-form-control-wrap\" data-name=\"nok\"><textarea cols=\"40\" rows=\"5\" class=\"wpcf7-form-control wpcf7-textarea wpcf7-validates-as-required\" aria-required=\"true\" aria-invalid=\"false\" name=\"nok\"><\/textarea><\/span>\n              <p class=\"info-tip\"><\/p>\n            <\/div>\n          <\/div>\n        <\/div>\n      <\/div>\n      <div class=\"container\">\n        <div class=\"row\">\n          <div class=\"columns full\">\n            <div class=\"field textarea required\"><label for=\"\">Vannak-e a telep\u00fcl\u00e9sen m\u00e1s etnikai kisebbs\u00e9gek (p\u00e9ld\u00e1ul rom\u00e1k), vannak-e roma nemzetis\u00e9g\u0171 tan\u00e1csosok a helyi tan\u00e1csban? \/ A megy\u00e9ben\/v\u00e1rosban \u00e9l\u0151 roma kisebbs\u00e9gnek vannak-e v\u00e1lasztott k\u00e9pvisel\u0151i a k\u00f6zs\u00e9gi\/v\u00e1rosi tan\u00e1csban?<em>*<\/em><\/label><span class=\"wpcf7-form-control-wrap\" data-name=\"romak\"><textarea cols=\"40\" rows=\"5\" class=\"wpcf7-form-control wpcf7-textarea wpcf7-validates-as-required\" aria-required=\"true\" aria-invalid=\"false\" name=\"romak\"><\/textarea><\/span>\n              <p class=\"info-tip\"><\/p>\n            <\/div>\n          <\/div>\n        <\/div>\n      <\/div>\n      <div class=\"container\">\n        <div class=\"row\">\n          <div class=\"columns full\">\n            <div class=\"field textarea required\"><label for=\"\">Az elm\u00falt 4 \u00e9vben milyen int\u00e9zked\u00e9seket hozott a kl\u00edmav\u00e1ltoz\u00e1s \u00e1ltal okozott k\u00e1rok m\u00e9rs\u00e9kl\u00e9se \u00e9rdek\u00e9ben (\u00e1rv\u00edzgazd\u00e1lkod\u00e1s, asz\u00e1ly elleni k\u00fczdelem, erd\u0151s\u00edt\u00e9s stb.):<em>*<\/em><\/label><span class=\"wpcf7-form-control-wrap\" data-name=\"klimavaltozas\"><textarea cols=\"40\" rows=\"5\" class=\"wpcf7-form-control wpcf7-textarea wpcf7-validates-as-required\" aria-required=\"true\" aria-invalid=\"false\" name=\"klimavaltozas\"><\/textarea><\/span>\n              <p class=\"info-tip\"><\/p>\n            <\/div>\n          <\/div>\n        <\/div>\n      <\/div>\n      <div class=\"container\">\n        <div class=\"row\">\n          <div class=\"columns full\">\n            <div class=\"field textarea required\"><label for=\"\">Az elm\u00falt 4 \u00e9vben meg\u00fcnnepelte-e a polg\u00e1rmesteri hivatal a F\u00f6ld napj\u00e1t? Szerveztek-e tudatos\u00edt\u00f3 kamp\u00e1nyokat a patakok, foly\u00f3k szennyez\u00e9s\u00e9r\u0151l, az iv\u00f3v\u00edz min\u0151s\u00e9g\u00e9r\u0151l, az \u00f6nkorm\u00e1nyzat \u00e9s a lakoss\u00e1g jogair\u00f3l \u00e9s k\u00f6telezetts\u00e9geir\u0151l a kl\u00edmav\u00e1ltoz\u00e1s kapcs\u00e1n?<em>*<\/em><\/label><span class=\"wpcf7-form-control-wrap\" data-name=\"kampanyok\"><textarea cols=\"40\" rows=\"5\" class=\"wpcf7-form-control wpcf7-textarea wpcf7-validates-as-required\" aria-required=\"true\" aria-invalid=\"false\" name=\"kampanyok\"><\/textarea><\/span>\n              <p class=\"info-tip\"><\/p>\n            <\/div>\n          <\/div>\n        <\/div>\n      <\/div>\n      <div class=\"container\">\n        <div class=\"row\">\n          <div class=\"columns full\">\n            <div class=\"field textarea required\"><label for=\"\">Amennyiben \u00fajraindul a v\u00e1laszt\u00e1sokon, j\u00f3 gazd\u00e1nak tartja-e mag\u00e1t, \u00e9s mi\u00e9rt?<em>*<\/em><\/label><span class=\"wpcf7-form-control-wrap\" data-name=\"gazda\"><textarea cols=\"40\" rows=\"5\" class=\"wpcf7-form-control wpcf7-textarea wpcf7-validates-as-required\" aria-required=\"true\" aria-invalid=\"false\" name=\"gazda\"><\/textarea><\/span>\n              <p class=\"info-tip\"><\/p>\n            <\/div>\n          <\/div>\n        <\/div>\n      <\/div>\n      <div class=\"container only-active-contact-form-7\">\n        <div class=\"row\">\n          <div class=\"columns full\">\n            <div class=\"field file\"><label for=\"\">Azt javasoljuk, hogy itt t\u00f6lts\u00f6n fel egy olyan k\u00e9pet, amelyet az ez \u00e9vi v\u00e1laszt\u00e1si kamp\u00e1ny sor\u00e1n szeretne haszn\u00e1lni, amely, amikor megosztja a k\u00e9rd\u0151\u00edvre adott v\u00e1laszait, meg fog jelenni a k\u00f6z\u00f6ss\u00e9gi oldalain. Ezen a weboldalon ez a k\u00f6z\u00f6ss\u00e9gi oldalra sz\u00e1nt fot\u00f3 NEM fog megjelenni.<\/label><span class=\"wpcf7-form-control-wrap\" data-name=\"ogimage\"><input size=\"40\" class=\"wpcf7-form-control wpcf7-file\" accept=\"image\/*\" aria-invalid=\"false\" type=\"file\" name=\"ogimage\" \/><\/span>\n              <p class=\"info-tip\"><\/p>\n            <\/div>\n          <\/div>\n        <\/div>\n      <\/div>\n      <input class=\"wpcf7-form-control wpcf7-hidden\" value=\"\" type=\"hidden\" name=\"v\" \/> <input class=\"wpcf7-form-control wpcf7-hidden\" value=\"\" type=\"hidden\" name=\"t\" \/><input class=\"wpcf7-form-control wpcf7-hidden\" value=\"\" type=\"hidden\" name=\"your-name\" \/>\n      <div class=\"container\">\n        <div class=\"row\">\n          <div class=\"columns one-half\">\n            <div class=\"field\"><label for=\"\"><\/label><input class=\"wpcf7-form-control wpcf7-save wpcf7-submit cf7_2_post_save\" type=\"submit\" value=\"Ment\u00e9s piszkozatk\u00e9nt\" \/>\n<input type=\"hidden\" name=\"save_cf7_2_post\" class=\"cf7_2_post_draft\" value=\"false\"\/>\n              <p class=\"info-tip\"><\/p>\n            <\/div>\n          <\/div>\n          <div class=\"columns one-half\">\n            <div class=\"field\"><label for=\"\"><\/label><input class=\"wpcf7-form-control wpcf7-submit has-spinner\" type=\"submit\" value=\"V\u00e9gleges v\u00e1ltozat ment\u00e9se\" \/>\n              <p class=\"info-tip\"><\/p>\n            <\/div>\n          <\/div>\n        <\/div>\n      <\/div>\n    <\/div>\n  <\/div>\n<\/div><div class=\"wpcf7-response-output\" aria-hidden=\"true\"><\/div>\n<\/fieldset><\/form>\n<\/div>\n<\/div><\/div><\/div>\n<\/div>\n\n\n\n<div class=\"wp-block-uagb-tabs-child uagb-tabs__body-container uagb-inner-tab-1 demo-contact-form-7\" aria-labelledby=\"uagb-tabs__tab1\">\n<div class=\"wp-block-contact-form-7-contact-form-selector\"><div class=\"cf7sg-container\"><div id=\"cf7sg-form-felelos_onkorm_hetan\" class=\"cf7-smart-grid has-grid key_felelos_onkorm_hetan\">\n<div class=\"wpcf7 no-js\" id=\"wpcf7-f3766-o2\" lang=\"hu-HU\" dir=\"ltr\">\n<div class=\"screen-reader-response\"><p role=\"status\" aria-live=\"polite\" aria-atomic=\"true\"><\/p> <ul><\/ul><\/div>\n<form action=\"\/index.php?rest_route=%2Fwp%2Fv2%2Fposts%2F4014#wpcf7-f3766-o2\" method=\"post\" class=\"wpcf7-form init\" aria-label=\"Kapcsolatfelv\u00e9teli \u0171rlap\" enctype=\"multipart\/form-data\" novalidate=\"novalidate\" data-status=\"init\"><fieldset >\n<div style=\"display: none;\">\n<input type=\"hidden\" name=\"_wpcf7\" value=\"3766\" \/>\n<input type=\"hidden\" name=\"_wpcf7_version\" value=\"5.8.7\" \/>\n<input type=\"hidden\" name=\"_wpcf7_locale\" value=\"hu_HU\" \/>\n<input type=\"hidden\" name=\"_wpcf7_unit_tag\" value=\"wpcf7-f3766-o2\" \/>\n<input type=\"hidden\" name=\"_wpcf7_container_post\" value=\"0\" \/>\n<input type=\"hidden\" name=\"_wpcf7_posted_data_hash\" value=\"\" \/>\n<input type=\"hidden\" name=\"_wpcf7_key\" value=\"felelos_onkorm_hetan\" \/>\n<input type=\"hidden\" name=\"_cf7sg_toggles\" value=\"\" \/>\n<input type=\"hidden\" name=\"_cf7sg_version\" value=\"4.15.7\" \/>\n<input type=\"hidden\" name=\"_wpnonce\" value=\"ff2ee20e15\" \/>\n<input type=\"hidden\" name=\"_wpcf7_lang\" value=\"\" \/>\n<input type=\"hidden\" name=\"_map_author\" value=\"1\" \/>\n<input type=\"hidden\" name=\"_c2p_nonce\" value=\"3a1938e47f\" \/>\n<\/div>\n<div class=\"container\">\n  <div class=\"row\">\n    <div class=\"columns full\">\n      <div class=\"container\">\n        <div class=\"row\">\n          <div class=\"columns full\">\n            <div class=\"field textarea required\"><label for=\"\">Az elm\u00falt 4 \u00e9vben milyen k\u00f6z\u00f6ss\u00e9g szempontj\u00e1b\u00f3l kiemelked\u0151 projektek megval\u00f3s\u00edt\u00e1s\u00e1t c\u00e9lz\u00f3 tan\u00e1csi hat\u00e1rozat-tervezeteket ny\u00fajtott be, \u00e9s melyikre a legb\u00fcszk\u00e9bb?<em>*<\/em><\/label><span class=\"wpcf7-form-control-wrap\" data-name=\"projektek\"><textarea cols=\"40\" rows=\"5\" class=\"wpcf7-form-control wpcf7-textarea wpcf7-validates-as-required\" aria-required=\"true\" aria-invalid=\"false\" name=\"projektek\"><\/textarea><\/span>\n              <p class=\"info-tip\"><\/p>\n            <\/div>\n          <\/div>\n        <\/div>\n      <\/div>\n      <div class=\"container\">\n        <div class=\"row\">\n          <div class=\"columns full\">\n            <div class=\"field textarea required\"><label for=\"\">Amennyiben \u00fajb\u00f3l megp\u00e1ly\u00e1zza a v\u00e1rosi\/k\u00f6zs\u00e9gi tan\u00e1csosi poz\u00edci\u00f3t az idei szuperv\u00e1laszt\u00e1si \u00e9vben, milyen c\u00e9ljai vannak? Mit szeretne fejleszteni a helyi k\u00f6z\u00f6ss\u00e9gben?<em>*<\/em><\/label><span class=\"wpcf7-form-control-wrap\" data-name=\"celok\"><textarea cols=\"40\" rows=\"5\" class=\"wpcf7-form-control wpcf7-textarea wpcf7-validates-as-required\" aria-required=\"true\" aria-invalid=\"false\" name=\"celok\"><\/textarea><\/span>\n              <p class=\"info-tip\"><\/p>\n            <\/div>\n          <\/div>\n        <\/div>\n      <\/div>\n      <div class=\"container\">\n        <div class=\"row\">\n          <div class=\"columns full\">\n            <div class=\"field textarea required\"><label for=\"\">Az elm\u00falt 4 \u00e9vben h\u00e1ny fogad\u00f3\u00f3r\u00e1ja volt, \u00e9s h\u00e1ny lakost fogadott? A fogad\u00f3\u00f3r\u00e1kon melyek voltak a legfontosabb lakoss\u00e1gi panaszok? K\u00e9rj\u00fck, soroljon fel h\u00e1rmat:<em>*<\/em><\/label><span class=\"wpcf7-form-control-wrap\" data-name=\"fogadoorak\"><textarea cols=\"40\" rows=\"5\" class=\"wpcf7-form-control wpcf7-textarea wpcf7-validates-as-required\" aria-required=\"true\" aria-invalid=\"false\" name=\"fogadoorak\"><\/textarea><\/span>\n              <p class=\"info-tip\"><\/p>\n            <\/div>\n          <\/div>\n        <\/div>\n      <\/div>\n      <div class=\"container\">\n        <div class=\"row\">\n          <div class=\"columns full\">\n            <div class=\"field textarea required\"><label for=\"\">A telep\u00fcl\u00e9sen (v\u00e1ros\/k\u00f6zs\u00e9g) az elm\u00falt 4 \u00e9vben neveztek-e el int\u00e9zm\u00e9nyt, utc\u00e1t, teret magyar, rom\u00e1n ill. m\u00e1s nemzetis\u00e9g\u0171 szem\u00e9lyr\u0151l? Melyek azok, milyen nevet kaptak, \u00e9s mi\u00e9rt?<em>*<\/em><\/label><span class=\"wpcf7-form-control-wrap\" data-name=\"kozteruletek\"><textarea cols=\"40\" rows=\"5\" class=\"wpcf7-form-control wpcf7-textarea wpcf7-validates-as-required\" aria-required=\"true\" aria-invalid=\"false\" name=\"kozteruletek\"><\/textarea><\/span>\n              <p class=\"info-tip\"><\/p>\n            <\/div>\n          <\/div>\n        <\/div>\n      <\/div>\n      <div class=\"container\">\n        <div class=\"row\">\n          <div class=\"columns full\">\n            <div class=\"field textarea required\"><label for=\"\">Az elm\u00falt 4 \u00e9vben mit tett az\u00e9rt, hogy a K\u00f6zigazgat\u00e1si t\u00f6rv\u00e9nyk\u00f6nyv (2019. \u00e9vi 57. sz. s\u00fcrg\u0151ss\u00e9gi korm\u00e1nyhat\u00e1rozat) magyar nyelvhaszn\u00e1latra vonatkoz\u00f3 cikkelyei val\u00f3s m\u00f3don alkalmaz\u00e1sra ker\u00fcljenek az \u00f6n telep\u00fcl\u00e9s\u00e9n? \u00d6n milyen nyelven besz\u00e9lt a tan\u00e1cs\u00fcl\u00e9seken?<em>*<\/em><\/label><span class=\"wpcf7-form-control-wrap\" data-name=\"kodex\"><textarea cols=\"40\" rows=\"5\" class=\"wpcf7-form-control wpcf7-textarea wpcf7-validates-as-required\" aria-required=\"true\" aria-invalid=\"false\" name=\"kodex\"><\/textarea><\/span>\n              <p class=\"info-tip\"><\/p>\n            <\/div>\n          <\/div>\n        <\/div>\n      <\/div>\n      <div class=\"container\">\n        <div class=\"row\">\n          <div class=\"columns full\">\n            <div class=\"field textarea required\"><label for=\"\">Az elm\u00falt 4 \u00e9v tapasztalatai alapj\u00e1n telep\u00fcl\u00e9s\u00e9nek lak\u00f3i tiszt\u00e1ban vannak a jogaikkal? Ismerik a nyelvi jogaikat? J\u00e1rnak-e tan\u00e1cs\u00fcl\u00e9sre, k\u00f6vetik-e a tan\u00e1cs\u00fcl\u00e9seken megsz\u00fcletett d\u00f6nt\u00e9sek, hat\u00e1rozatok (p\u00e9ld\u00e1ul fontos beruh\u00e1z\u00e1sok) ut\u00f3\u00e9let\u00e9t?<em>*<\/em><\/label><span class=\"wpcf7-form-control-wrap\" data-name=\"civizmus\"><textarea cols=\"40\" rows=\"5\" class=\"wpcf7-form-control wpcf7-textarea wpcf7-validates-as-required\" aria-required=\"true\" aria-invalid=\"false\" name=\"civizmus\"><\/textarea><\/span>\n              <p class=\"info-tip\"><\/p>\n            <\/div>\n          <\/div>\n        <\/div>\n      <\/div>\n      <div class=\"container\">\n        <div class=\"row\">\n          <div class=\"columns full\">\n            <div class=\"field textarea required\"><label for=\"\">Milyen m\u00e9rt\u00e9k\u0171 a munkan\u00e9lk\u00fclis\u00e9g az \u00f6n telep\u00fcl\u00e9s\u00e9n, milyen kezdem\u00e9nyez\u00e9sei voltak a helyzet jav\u00edt\u00e1s\u00e1\u00e9rt?<em>*<\/em><\/label><span class=\"wpcf7-form-control-wrap\" data-name=\"munkanelkuliseg\"><textarea cols=\"40\" rows=\"5\" class=\"wpcf7-form-control wpcf7-textarea wpcf7-validates-as-required\" aria-required=\"true\" aria-invalid=\"false\" name=\"munkanelkuliseg\"><\/textarea><\/span>\n              <p class=\"info-tip\"><\/p>\n            <\/div>\n          <\/div>\n        <\/div>\n      <\/div>\n      <div class=\"container\">\n        <div class=\"row\">\n          <div class=\"columns full\">\n            <div class=\"field textarea required\"><label for=\"\">Az elm\u00falt 4 \u00e9vben a telep\u00fcl\u00e9s lak\u00f3inak az anyagi helyzete javult, vagy gyeng\u00fclt? Nemzetis\u00e9gre, etnikumra lebontva melyek a statisztik\u00e1k?<em>*<\/em><\/label><span class=\"wpcf7-form-control-wrap\" data-name=\"szocialis\"><textarea cols=\"40\" rows=\"5\" class=\"wpcf7-form-control wpcf7-textarea wpcf7-validates-as-required\" aria-required=\"true\" aria-invalid=\"false\" name=\"szocialis\"><\/textarea><\/span>\n              <p class=\"info-tip\"><\/p>\n            <\/div>\n          <\/div>\n        <\/div>\n      <\/div>\n      <div class=\"container\">\n        <div class=\"row\">\n          <div class=\"columns full\">\n            <div class=\"field textarea required\"><label for=\"\">Az elm\u00falt 4 \u00e9vben milyen volt a f\u00e9rfi-n\u0151 ar\u00e1ny a helyi tan\u00e1csban? Ezen bel\u00fcl az \u00f6n politikai alakulat\u00e1ban? Terveznek-e v\u00e1ltoztat\u00e1sokat ezen a t\u00e9ren (p\u00e9ld\u00e1ul n\u00f6velni a n\u0151i tan\u00e1csosok ar\u00e1ny\u00e1t)?<em>*<\/em><\/label><span class=\"wpcf7-form-control-wrap\" data-name=\"nok\"><textarea cols=\"40\" rows=\"5\" class=\"wpcf7-form-control wpcf7-textarea wpcf7-validates-as-required\" aria-required=\"true\" aria-invalid=\"false\" name=\"nok\"><\/textarea><\/span>\n              <p class=\"info-tip\"><\/p>\n            <\/div>\n          <\/div>\n        <\/div>\n      <\/div>\n      <div class=\"container\">\n        <div class=\"row\">\n          <div class=\"columns full\">\n            <div class=\"field textarea required\"><label for=\"\">Vannak-e a telep\u00fcl\u00e9sen m\u00e1s etnikai kisebbs\u00e9gek (p\u00e9ld\u00e1ul rom\u00e1k), vannak-e roma nemzetis\u00e9g\u0171 tan\u00e1csosok a helyi tan\u00e1csban? \/ A megy\u00e9ben\/v\u00e1rosban \u00e9l\u0151 roma kisebbs\u00e9gnek vannak-e v\u00e1lasztott k\u00e9pvisel\u0151i a megyei\/v\u00e1rosi tan\u00e1csban?<em>*<\/em><\/label><span class=\"wpcf7-form-control-wrap\" data-name=\"romak\"><textarea cols=\"40\" rows=\"5\" class=\"wpcf7-form-control wpcf7-textarea wpcf7-validates-as-required\" aria-required=\"true\" aria-invalid=\"false\" name=\"romak\"><\/textarea><\/span>\n              <p class=\"info-tip\"><\/p>\n            <\/div>\n          <\/div>\n        <\/div>\n      <\/div>\n      <div class=\"container\">\n        <div class=\"row\">\n          <div class=\"columns full\">\n            <div class=\"field textarea required\"><label for=\"\">Az elm\u00falt 4 \u00e9vben milyen kezdem\u00e9nyez\u00e9sei voltak a kl\u00edmav\u00e1ltoz\u00e1s \u00e1ltal okozott k\u00e1rok m\u00e9rs\u00e9kl\u00e9se \u00e9rdek\u00e9ben (\u00e1rv\u00edzgazd\u00e1lkod\u00e1s, asz\u00e1ly elleni k\u00fczdelem, erd\u0151s\u00edt\u00e9s stb.):<em>*<\/em><\/label><span class=\"wpcf7-form-control-wrap\" data-name=\"klimavaltozas\"><textarea cols=\"40\" rows=\"5\" class=\"wpcf7-form-control wpcf7-textarea wpcf7-validates-as-required\" aria-required=\"true\" aria-invalid=\"false\" name=\"klimavaltozas\"><\/textarea><\/span>\n              <p class=\"info-tip\"><\/p>\n            <\/div>\n          <\/div>\n        <\/div>\n      <\/div>\n      <div class=\"container only-active-contact-form-7\">\n        <div class=\"row\">\n          <div class=\"columns full\">\n            <div class=\"field file\"><label for=\"\">Azt javasoljuk, hogy itt t\u00f6lts\u00f6n fel egy olyan k\u00e9pet, amelyet az ez \u00e9vi v\u00e1laszt\u00e1si kamp\u00e1ny sor\u00e1n szeretne haszn\u00e1lni, amely, amikor megosztja a k\u00e9rd\u0151\u00edvre adott v\u00e1laszait, meg fog jelenni a k\u00f6z\u00f6ss\u00e9gi oldalain. Ezen a weboldalon ez a k\u00f6z\u00f6ss\u00e9gi oldalra sz\u00e1nt fot\u00f3 NEM fog megjelenni.<\/label><span class=\"wpcf7-form-control-wrap\" data-name=\"ogimage\"><input size=\"40\" class=\"wpcf7-form-control wpcf7-file\" accept=\"image\/*\" aria-invalid=\"false\" type=\"file\" name=\"ogimage\" \/><\/span>\n              <p class=\"info-tip\"><\/p>\n            <\/div>\n          <\/div>\n        <\/div>\n      <\/div>\n      <input class=\"wpcf7-form-control wpcf7-hidden\" value=\"\" type=\"hidden\" name=\"v\" \/> <input class=\"wpcf7-form-control wpcf7-hidden\" value=\"\" type=\"hidden\" name=\"t\" \/><input class=\"wpcf7-form-control wpcf7-hidden\" value=\"\" type=\"hidden\" name=\"your-name\" \/>\n      <div class=\"container\">\n        <div class=\"row\">\n          <div class=\"columns one-half\">\n            <div class=\"field\"><label for=\"\"><\/label><input class=\"wpcf7-form-control wpcf7-save wpcf7-submit cf7_2_post_save\" type=\"submit\" value=\"Ment\u00e9s piszkozatk\u00e9nt\" \/>\n<input type=\"hidden\" name=\"save_cf7_2_post\" class=\"cf7_2_post_draft\" value=\"false\"\/>\n              <p class=\"info-tip\"><\/p>\n            <\/div>\n          <\/div>\n          <div class=\"columns one-half\">\n            <div class=\"field\"><label for=\"\"><\/label><input class=\"wpcf7-form-control wpcf7-submit has-spinner\" type=\"submit\" value=\"V\u00e9gleges v\u00e1ltozat ment\u00e9se\" \/>\n              <p class=\"info-tip\"><\/p>\n            <\/div>\n          <\/div>\n        <\/div>\n      <\/div>\n    <\/div>\n  <\/div>\n<\/div><div class=\"wpcf7-response-output\" aria-hidden=\"true\"><\/div>\n<\/fieldset><\/form>\n<\/div>\n<\/div><\/div><\/div>\n<\/div>\n\n\n\n<div class=\"wp-block-uagb-tabs-child uagb-tabs__body-container uagb-inner-tab-2 demo-contact-form-7\" aria-labelledby=\"uagb-tabs__tab2\">\n<div class=\"wp-block-contact-form-7-contact-form-selector\"><div class=\"cf7sg-container\"><div id=\"cf7sg-form-felelos_onkorm_metan\" class=\"cf7-smart-grid has-grid key_felelos_onkorm_metan\">\n<div class=\"wpcf7 no-js\" id=\"wpcf7-f3769-o3\" lang=\"hu-HU\" dir=\"ltr\">\n<div class=\"screen-reader-response\"><p role=\"status\" aria-live=\"polite\" aria-atomic=\"true\"><\/p> <ul><\/ul><\/div>\n<form action=\"\/index.php?rest_route=%2Fwp%2Fv2%2Fposts%2F4014#wpcf7-f3769-o3\" method=\"post\" class=\"wpcf7-form init\" aria-label=\"Kapcsolatfelv\u00e9teli \u0171rlap\" enctype=\"multipart\/form-data\" novalidate=\"novalidate\" data-status=\"init\"><fieldset >\n<div style=\"display: none;\">\n<input type=\"hidden\" name=\"_wpcf7\" value=\"3769\" \/>\n<input type=\"hidden\" name=\"_wpcf7_version\" value=\"5.8.7\" \/>\n<input type=\"hidden\" name=\"_wpcf7_locale\" value=\"hu_HU\" \/>\n<input type=\"hidden\" name=\"_wpcf7_unit_tag\" value=\"wpcf7-f3769-o3\" \/>\n<input type=\"hidden\" name=\"_wpcf7_container_post\" value=\"0\" \/>\n<input type=\"hidden\" name=\"_wpcf7_posted_data_hash\" value=\"\" \/>\n<input type=\"hidden\" name=\"_wpcf7_key\" value=\"felelos_onkorm_metan\" \/>\n<input type=\"hidden\" name=\"_cf7sg_toggles\" value=\"\" \/>\n<input type=\"hidden\" name=\"_cf7sg_version\" value=\"4.15.7\" \/>\n<input type=\"hidden\" name=\"_wpnonce\" value=\"ff2ee20e15\" \/>\n<input type=\"hidden\" name=\"_wpcf7_lang\" value=\"\" \/>\n<input type=\"hidden\" name=\"_map_author\" value=\"1\" \/>\n<input type=\"hidden\" name=\"_c2p_nonce\" value=\"3a1938e47f\" \/>\n<\/div>\n<div class=\"container\">\n  <div class=\"row\">\n    <div class=\"columns full\">\n      <div class=\"container\">\n        <div class=\"row\">\n          <div class=\"columns full\">\n            <div class=\"field textarea required\"><label for=\"\">Az elm\u00falt 4 \u00e9vben milyen k\u00f6z\u00f6ss\u00e9g szempontj\u00e1b\u00f3l kiemelked\u0151 projektek megval\u00f3s\u00edt\u00e1s\u00e1t c\u00e9lz\u00f3 megyei tan\u00e1csi hat\u00e1rozat-tervezeteket ny\u00fajtott be, \u00e9s melyikre a legb\u00fcszk\u00e9bb?<em>*<\/em><\/label><span class=\"wpcf7-form-control-wrap\" data-name=\"projektek\"><textarea cols=\"40\" rows=\"5\" class=\"wpcf7-form-control wpcf7-textarea wpcf7-validates-as-required\" aria-required=\"true\" aria-invalid=\"false\" name=\"projektek\"><\/textarea><\/span>\n              <p class=\"info-tip\"><\/p>\n            <\/div>\n          <\/div>\n        <\/div>\n      <\/div>\n      <div class=\"container\">\n        <div class=\"row\">\n          <div class=\"columns full\">\n            <div class=\"field textarea required\"><label for=\"\">Amennyiben \u00fajb\u00f3l megp\u00e1ly\u00e1zza a megyei tan\u00e1csosi poz\u00edci\u00f3t az idei szuperv\u00e1laszt\u00e1si \u00e9vben, milyen c\u00e9ljai vannak? Mit szeretne fejleszteni a helyi k\u00f6z\u00f6ss\u00e9gben?<em>*<\/em><\/label><span class=\"wpcf7-form-control-wrap\" data-name=\"celok\"><textarea cols=\"40\" rows=\"5\" class=\"wpcf7-form-control wpcf7-textarea wpcf7-validates-as-required\" aria-required=\"true\" aria-invalid=\"false\" name=\"celok\"><\/textarea><\/span>\n              <p class=\"info-tip\"><\/p>\n            <\/div>\n          <\/div>\n        <\/div>\n      <\/div>\n      <div class=\"container\">\n        <div class=\"row\">\n          <div class=\"columns full\">\n            <div class=\"field textarea required\"><label for=\"\">Az elm\u00falt 4 \u00e9vben h\u00e1ny fogad\u00f3\u00f3r\u00e1ja volt, \u00e9s h\u00e1ny lakost fogadott? A fogad\u00f3\u00f3r\u00e1kon melyek voltak a legfontosabb lakoss\u00e1gi panaszok, k\u00e9rj\u00fck, soroljon fel h\u00e1rmat:<em>*<\/em><\/label><span class=\"wpcf7-form-control-wrap\" data-name=\"fogadoorak\"><textarea cols=\"40\" rows=\"5\" class=\"wpcf7-form-control wpcf7-textarea wpcf7-validates-as-required\" aria-required=\"true\" aria-invalid=\"false\" name=\"fogadoorak\"><\/textarea><\/span>\n              <p class=\"info-tip\"><\/p>\n            <\/div>\n          <\/div>\n        <\/div>\n      <\/div>\n      <div class=\"container\">\n        <div class=\"row\">\n          <div class=\"columns full\">\n            <div class=\"field textarea required\"><label for=\"\">Az elm\u00falt 4 \u00e9vben mit tett az\u00e9rt, hogy a K\u00f6zigazgat\u00e1si t\u00f6rv\u00e9nyk\u00f6nyv (2019. \u00e9vi 57. sz. s\u00fcrg\u0151ss\u00e9gi korm\u00e1nyhat\u00e1rozat) magyar nyelvhaszn\u00e1latra vonatkoz\u00f3 cikkelyei val\u00f3s m\u00f3don alkalmaz\u00e1sra ker\u00fcljenek az \u00f6n megy\u00e9j\u00e9ben \/ a megyei tan\u00e1cs al\u00e1 tartoz\u00f3 int\u00e9zm\u00e9nyekn\u00e9l? \u00d6n milyen nyelven besz\u00e9lt a tan\u00e1cs\u00fcl\u00e9seken?<em>*<\/em><\/label><span class=\"wpcf7-form-control-wrap\" data-name=\"kodex\"><textarea cols=\"40\" rows=\"5\" class=\"wpcf7-form-control wpcf7-textarea wpcf7-validates-as-required\" aria-required=\"true\" aria-invalid=\"false\" name=\"kodex\"><\/textarea><\/span>\n              <p class=\"info-tip\"><\/p>\n            <\/div>\n          <\/div>\n        <\/div>\n      <\/div>\n      <div class=\"container\">\n        <div class=\"row\">\n          <div class=\"columns full\">\n            <div class=\"field textarea required\"><label for=\"\">Az elm\u00falt 4 \u00e9v tapasztalatai alapj\u00e1n a megye lak\u00f3i tiszt\u00e1ban vannak a jogaikkal? Ismerik a nyelvi jogaikat? J\u00e1rnak-e a megyei tan\u00e1cs \u00fcl\u00e9seire, k\u00f6vetik-e a tan\u00e1cs\u00fcl\u00e9seken megsz\u00fcletett d\u00f6nt\u00e9sek, hat\u00e1rozatok (p\u00e9ld\u00e1ul fontos beruh\u00e1z\u00e1sok) ut\u00f3\u00e9let\u00e9t?<em>*<\/em><\/label><span class=\"wpcf7-form-control-wrap\" data-name=\"civizmus\"><textarea cols=\"40\" rows=\"5\" class=\"wpcf7-form-control wpcf7-textarea wpcf7-validates-as-required\" aria-required=\"true\" aria-invalid=\"false\" name=\"civizmus\"><\/textarea><\/span>\n              <p class=\"info-tip\"><\/p>\n            <\/div>\n          <\/div>\n        <\/div>\n      <\/div>\n      <div class=\"container\">\n        <div class=\"row\">\n          <div class=\"columns full\">\n            <div class=\"field textarea required\"><label for=\"\">Milyen m\u00e9rt\u00e9k\u0171 a munkan\u00e9lk\u00fclis\u00e9g a megy\u00e9ben, milyen kezdem\u00e9nyez\u00e9sei voltak a helyzet jav\u00edt\u00e1s\u00e1\u00e9rt?<em>*<\/em><\/label><span class=\"wpcf7-form-control-wrap\" data-name=\"munkanelkuliseg\"><textarea cols=\"40\" rows=\"5\" class=\"wpcf7-form-control wpcf7-textarea wpcf7-validates-as-required\" aria-required=\"true\" aria-invalid=\"false\" name=\"munkanelkuliseg\"><\/textarea><\/span>\n              <p class=\"info-tip\"><\/p>\n            <\/div>\n          <\/div>\n        <\/div>\n      <\/div>\n      <div class=\"container\">\n        <div class=\"row\">\n          <div class=\"columns full\">\n            <div class=\"field textarea required\"><label for=\"\">Az elm\u00falt 4 \u00e9vben a megye lak\u00f3inak anyagi helyzete javult, vagy gyeng\u00fclt? Nemzetis\u00e9gre, etnikumra lebontva melyek a statisztik\u00e1k?<em>*<\/em><\/label><span class=\"wpcf7-form-control-wrap\" data-name=\"szocialis\"><textarea cols=\"40\" rows=\"5\" class=\"wpcf7-form-control wpcf7-textarea wpcf7-validates-as-required\" aria-required=\"true\" aria-invalid=\"false\" name=\"szocialis\"><\/textarea><\/span>\n              <p class=\"info-tip\"><\/p>\n            <\/div>\n          <\/div>\n        <\/div>\n      <\/div>\n      <div class=\"container\">\n        <div class=\"row\">\n          <div class=\"columns full\">\n            <div class=\"field textarea required\"><label for=\"\">Az elm\u00falt 4 \u00e9vben milyen volt a f\u00e9rfi-n\u0151 ar\u00e1ny a megyei tan\u00e1csban? Ezen bel\u00fcl az \u00f6n politikai alakulat\u00e1ban? Terveznek-e v\u00e1ltoztat\u00e1sokat ezen a t\u00e9ren (p\u00e9ld\u00e1ul n\u00f6velni a n\u0151i tan\u00e1csosok ar\u00e1ny\u00e1t)?<em>*<\/em><\/label><span class=\"wpcf7-form-control-wrap\" data-name=\"nok\"><textarea cols=\"40\" rows=\"5\" class=\"wpcf7-form-control wpcf7-textarea wpcf7-validates-as-required\" aria-required=\"true\" aria-invalid=\"false\" name=\"nok\"><\/textarea><\/span>\n              <p class=\"info-tip\"><\/p>\n            <\/div>\n          <\/div>\n        <\/div>\n      <\/div>\n      <div class=\"container\">\n        <div class=\"row\">\n          <div class=\"columns full\">\n            <div class=\"field textarea required\"><label for=\"\">A megy\u00e9ben \u00e9l\u0151 roma kisebbs\u00e9gnek vannak-e v\u00e1lasztott k\u00e9pvisel\u0151i a megyei\/v\u00e1rosi tan\u00e1csban?<em>*<\/em><\/label><span class=\"wpcf7-form-control-wrap\" data-name=\"romak\"><textarea cols=\"40\" rows=\"5\" class=\"wpcf7-form-control wpcf7-textarea wpcf7-validates-as-required\" aria-required=\"true\" aria-invalid=\"false\" name=\"romak\"><\/textarea><\/span>\n              <p class=\"info-tip\"><\/p>\n            <\/div>\n          <\/div>\n        <\/div>\n      <\/div>\n      <div class=\"container\">\n        <div class=\"row\">\n          <div class=\"columns full\">\n            <div class=\"field textarea required\"><label for=\"\">Az elm\u00falt 4 \u00e9vben milyen kezdem\u00e9nyez\u00e9sei voltak a kl\u00edmav\u00e1ltoz\u00e1s \u00e1ltal okozott k\u00e1rok m\u00e9rs\u00e9kl\u00e9se \u00e9rdek\u00e9ben (\u00e1rv\u00edzgazd\u00e1lkod\u00e1s, asz\u00e1ly elleni k\u00fczdelem, erd\u0151s\u00edt\u00e9s stb.):<em>*<\/em><\/label><span class=\"wpcf7-form-control-wrap\" data-name=\"klimavaltozas\"><textarea cols=\"40\" rows=\"5\" class=\"wpcf7-form-control wpcf7-textarea wpcf7-validates-as-required\" aria-required=\"true\" aria-invalid=\"false\" name=\"klimavaltozas\"><\/textarea><\/span>\n              <p class=\"info-tip\"><\/p>\n            <\/div>\n          <\/div>\n        <\/div>\n      <\/div>\n      <div class=\"container only-active-contact-form-7\">\n        <div class=\"row\">\n          <div class=\"columns full\">\n            <div class=\"field file\"><label for=\"\">Azt javasoljuk, hogy itt t\u00f6lts\u00f6n fel egy olyan k\u00e9pet, amelyet az ez \u00e9vi v\u00e1laszt\u00e1si kamp\u00e1ny sor\u00e1n szeretne haszn\u00e1lni, amely, amikor megosztja a k\u00e9rd\u0151\u00edvre adott v\u00e1laszait, meg fog jelenni a k\u00f6z\u00f6ss\u00e9gi oldalain. Ezen a weboldalon ez a k\u00f6z\u00f6ss\u00e9gi oldalra sz\u00e1nt fot\u00f3 NEM fog megjelenni.<\/label><span class=\"wpcf7-form-control-wrap\" data-name=\"ogimage\"><input size=\"40\" class=\"wpcf7-form-control wpcf7-file\" accept=\"image\/*\" aria-invalid=\"false\" type=\"file\" name=\"ogimage\" \/><\/span>\n              <p class=\"info-tip\"><\/p>\n            <\/div>\n          <\/div>\n        <\/div>\n      <\/div>\n      <input class=\"wpcf7-form-control wpcf7-hidden\" value=\"\" type=\"hidden\" name=\"v\" \/> <input class=\"wpcf7-form-control wpcf7-hidden\" value=\"\" type=\"hidden\" name=\"t\" \/><input class=\"wpcf7-form-control wpcf7-hidden\" value=\"\" type=\"hidden\" name=\"your-name\" \/>\n      <div class=\"container\">\n        <div class=\"row\">\n          <div class=\"columns one-half\">\n            <div class=\"field\"><label for=\"\"><\/label><input class=\"wpcf7-form-control wpcf7-save wpcf7-submit cf7_2_post_save\" type=\"submit\" value=\"Ment\u00e9s piszkozatk\u00e9nt\" \/>\n<input type=\"hidden\" name=\"save_cf7_2_post\" class=\"cf7_2_post_draft\" value=\"false\"\/>\n              <p class=\"info-tip\"><\/p>\n            <\/div>\n          <\/div>\n          <div class=\"columns one-half\">\n            <div class=\"field\"><label for=\"\"><\/label><input class=\"wpcf7-form-control wpcf7-submit has-spinner\" type=\"submit\" value=\"V\u00e9gleges v\u00e1ltozat ment\u00e9se\" \/>\n              <p class=\"info-tip\"><\/p>\n            <\/div>\n          <\/div>\n        <\/div>\n      <\/div>\n    <\/div>\n  <\/div>\n<\/div><div class=\"wpcf7-response-output\" aria-hidden=\"true\"><\/div>\n<\/fieldset><\/form>\n<\/div>\n<\/div><\/div><\/div>\n<\/div>\n\n\n\n<div class=\"wp-block-uagb-tabs-child uagb-tabs__body-container uagb-inner-tab-3 demo-contact-form-7\" aria-labelledby=\"uagb-tabs__tab3\">\n<div class=\"wp-block-contact-form-7-contact-form-selector\"><div class=\"cf7sg-container\"><div id=\"cf7sg-form-felelos_onkorm_meeln\" class=\"cf7-smart-grid has-grid key_felelos_onkorm_meeln\">\n<div class=\"wpcf7 no-js\" id=\"wpcf7-f3768-o4\" lang=\"hu-HU\" dir=\"ltr\">\n<div class=\"screen-reader-response\"><p role=\"status\" aria-live=\"polite\" aria-atomic=\"true\"><\/p> <ul><\/ul><\/div>\n<form action=\"\/index.php?rest_route=%2Fwp%2Fv2%2Fposts%2F4014#wpcf7-f3768-o4\" method=\"post\" class=\"wpcf7-form init\" aria-label=\"Kapcsolatfelv\u00e9teli \u0171rlap\" enctype=\"multipart\/form-data\" novalidate=\"novalidate\" data-status=\"init\"><fieldset >\n<div style=\"display: none;\">\n<input type=\"hidden\" name=\"_wpcf7\" value=\"3768\" \/>\n<input type=\"hidden\" name=\"_wpcf7_version\" value=\"5.8.7\" \/>\n<input type=\"hidden\" name=\"_wpcf7_locale\" value=\"hu_HU\" \/>\n<input type=\"hidden\" name=\"_wpcf7_unit_tag\" value=\"wpcf7-f3768-o4\" \/>\n<input type=\"hidden\" name=\"_wpcf7_container_post\" value=\"0\" \/>\n<input type=\"hidden\" name=\"_wpcf7_posted_data_hash\" value=\"\" \/>\n<input type=\"hidden\" name=\"_wpcf7_key\" value=\"felelos_onkorm_meeln\" \/>\n<input type=\"hidden\" name=\"_cf7sg_toggles\" value=\"\" \/>\n<input type=\"hidden\" name=\"_cf7sg_version\" value=\"4.15.7\" \/>\n<input type=\"hidden\" name=\"_wpnonce\" value=\"ff2ee20e15\" \/>\n<input type=\"hidden\" name=\"_wpcf7_lang\" value=\"\" \/>\n<input type=\"hidden\" name=\"_map_author\" value=\"1\" \/>\n<input type=\"hidden\" name=\"_c2p_nonce\" value=\"3a1938e47f\" \/>\n<\/div>\n<div class=\"container\">\n  <div class=\"row\">\n    <div class=\"columns full\">\n      <div class=\"container\">\n        <div class=\"row\">\n          <div class=\"columns full\">\n            <div class=\"field textarea required\"><label for=\"\">K\u00e9rj\u00fck, r\u00f6viden mutasson be a k\u00f6z\u00f6ss\u00e9g szempontj\u00e1b\u00f3l h\u00e1rom kiemelked\u0151 \u00f6nkorm\u00e1nyzati projektet, amelyek az elm\u00falt 4 \u00e9vben ker\u00fcltek megval\u00f3s\u00edt\u00e1sra az \u00f6n \u00e1ltal vezetett megyei tan\u00e1csn\u00e1l:<em>*<\/em><\/label><span class=\"wpcf7-form-control-wrap\" data-name=\"projektek\"><textarea cols=\"40\" rows=\"5\" class=\"wpcf7-form-control wpcf7-textarea wpcf7-validates-as-required\" aria-required=\"true\" aria-invalid=\"false\" name=\"projektek\"><\/textarea><\/span>\n              <p class=\"info-tip\"><\/p>\n            <\/div>\n          <\/div>\n        <\/div>\n      <\/div>\n      <div class=\"container\">\n        <div class=\"row\">\n          <div class=\"columns full\">\n            <div class=\"field textarea required\"><label for=\"\">Amennyiben \u00fajb\u00f3l megp\u00e1ly\u00e1zza a megyei tan\u00e1cseln\u00f6ki poz\u00edci\u00f3t az idei szuperv\u00e1laszt\u00e1si \u00e9vben, milyen c\u00e9ljai vannak? Mit szeretne fejleszteni a megy\u00e9ben? Mutassa be a h\u00e1rom legfontosabb c\u00e9lkit\u0171z\u00e9s\u00e9t:<em>*<\/em><\/label><span class=\"wpcf7-form-control-wrap\" data-name=\"celok\"><textarea cols=\"40\" rows=\"5\" class=\"wpcf7-form-control wpcf7-textarea wpcf7-validates-as-required\" aria-required=\"true\" aria-invalid=\"false\" name=\"celok\"><\/textarea><\/span>\n              <p class=\"info-tip\"><\/p>\n            <\/div>\n          <\/div>\n        <\/div>\n      <\/div>\n      <div class=\"container\">\n        <div class=\"row\">\n          <div class=\"columns full\">\n            <div class=\"field textarea required\"><label for=\"\">Az elm\u00falt 4 \u00e9vben h\u00e1ny k\u00f6zmeghallgat\u00e1st szervezett? Milyen t\u00e9mak\u00f6r\u00f6kben, h\u00e1nyan voltak jelen, hogyan hirdette meg a k\u00f6zmeghallgat\u00e1st, jegyz\u0151k\u00f6nyvek k\u00e9sz\u00fcltek-e, hol \u00e9rhet\u0151k el?<em>*<\/em><\/label><span class=\"wpcf7-form-control-wrap\" data-name=\"kozmeghallgatasok\"><textarea cols=\"40\" rows=\"5\" class=\"wpcf7-form-control wpcf7-textarea wpcf7-validates-as-required\" aria-required=\"true\" aria-invalid=\"false\" name=\"kozmeghallgatasok\"><\/textarea><\/span>\n              <p class=\"info-tip\"><\/p>\n            <\/div>\n          <\/div>\n        <\/div>\n      <\/div>\n      <div class=\"container\">\n        <div class=\"row\">\n          <div class=\"columns full\">\n            <div class=\"field textarea required\"><label for=\"\">Az elm\u00falt 4 \u00e9vben h\u00e1ny fogad\u00f3\u00f3r\u00e1ja volt, \u00e9s h\u00e1ny lakost fogadott? A fogad\u00f3\u00f3r\u00e1kon melyek voltak a legfontosabb lakoss\u00e1gi panaszok, k\u00e9rj\u00fck, soroljon fel h\u00e1rmat:<em>*<\/em><\/label><span class=\"wpcf7-form-control-wrap\" data-name=\"fogadoorak\"><textarea cols=\"40\" rows=\"5\" class=\"wpcf7-form-control wpcf7-textarea wpcf7-validates-as-required\" aria-required=\"true\" aria-invalid=\"false\" name=\"fogadoorak\"><\/textarea><\/span>\n              <p class=\"info-tip\"><\/p>\n            <\/div>\n          <\/div>\n        <\/div>\n      <\/div>\n      <div class=\"container\">\n        <div class=\"row\">\n          <div class=\"columns full\">\n            <div class=\"field textarea required\"><label for=\"\">Az elm\u00falt 4 \u00e9vben h\u00e1ny k\u00f6z\u00e9rdek\u0171 adatig\u00e9nyl\u00e9st ny\u00fajtottak be a megyei tan\u00e1cshoz? (2001. \u00e9vi 544. sz. tv.) A beny\u00fajtott adatig\u00e9nyl\u00e9sekr\u0151l k\u00e9sz\u00edtett \u00e9vi \u00f6sszes\u00edt\u00e9sek linkj\u00e9t k\u00e9rj\u00fck, mell\u00e9kelje:<em>*<\/em><\/label><span class=\"wpcf7-form-control-wrap\" data-name=\"adatigenylesek\"><textarea cols=\"40\" rows=\"5\" class=\"wpcf7-form-control wpcf7-textarea wpcf7-validates-as-required\" aria-required=\"true\" aria-invalid=\"false\" name=\"adatigenylesek\"><\/textarea><\/span>\n              <p class=\"info-tip\"><\/p>\n            <\/div>\n          <\/div>\n        <\/div>\n      <\/div>\n      <div class=\"container\">\n        <div class=\"row\">\n          <div class=\"columns full\">\n            <div class=\"field textarea required\"><label for=\"\">Az elm\u00falt 4 \u00e9vben hogyan ker\u00fcltek alkalmaz\u00e1sra a K\u00f6zigazgat\u00e1si t\u00f6rv\u00e9nyk\u00f6ny (2019. \u00e9vi 57. sz. s\u00fcrg\u0151ss\u00e9gi korm\u00e1nyhat\u00e1rozat) magyar nyelvhaszn\u00e1latra vonatkoz\u00f3 cikkelyei?<em>*<\/em><\/label><span class=\"wpcf7-form-control-wrap\" data-name=\"kodex\"><textarea cols=\"40\" rows=\"5\" class=\"wpcf7-form-control wpcf7-textarea wpcf7-validates-as-required\" aria-required=\"true\" aria-invalid=\"false\" name=\"kodex\"><\/textarea><\/span>\n              <p class=\"info-tip\"><\/p>\n            <\/div>\n          <\/div>\n        <\/div>\n      <\/div>\n      <div class=\"container\">\n        <div class=\"row\">\n          <div class=\"columns eleven offset-one\">\n            <div class=\"field textarea required\"><label for=\"\">Milyen nyelven - nyelveken zajlanak a tan\u00e1cs\u00fcl\u00e9sek?<em>*<\/em><\/label><span class=\"wpcf7-form-control-wrap\" data-name=\"tanacsulesek\"><textarea cols=\"40\" rows=\"5\" class=\"wpcf7-form-control wpcf7-textarea wpcf7-validates-as-required\" aria-required=\"true\" aria-invalid=\"false\" name=\"tanacsulesek\"><\/textarea><\/span>\n              <p class=\"info-tip\"><\/p>\n            <\/div>\n          <\/div>\n        <\/div>\n      <\/div>\n      <div class=\"container\">\n        <div class=\"row\">\n          <div class=\"columns eleven offset-one\">\n            <div class=\"field textarea required\"><label for=\"\">A megyei tan\u00e1cs hirdet\u0151t\u00e1bl\u00e1in milyen nyelveken ker\u00fclnek ki a k\u00f6z\u00e9rdek\u0171 inform\u00e1ci\u00f3k?<em>*<\/em><\/label><span class=\"wpcf7-form-control-wrap\" data-name=\"hirdetotablak\"><textarea cols=\"40\" rows=\"5\" class=\"wpcf7-form-control wpcf7-textarea wpcf7-validates-as-required\" aria-required=\"true\" aria-invalid=\"false\" name=\"hirdetotablak\"><\/textarea><\/span>\n              <p class=\"info-tip\"><\/p>\n            <\/div>\n          <\/div>\n        <\/div>\n      <\/div>\n      <div class=\"container\">\n        <div class=\"row\">\n          <div class=\"columns eleven offset-one\">\n            <div class=\"field textarea required\"><label for=\"\">Leford\u00edtj\u00e1k-e a normat\u00edv jelleg\u0171 tan\u00e1cshat\u00e1rozatokat magyar nyelvre?<em>*<\/em><\/label><span class=\"wpcf7-form-control-wrap\" data-name=\"hatarozatok\"><textarea cols=\"40\" rows=\"5\" class=\"wpcf7-form-control wpcf7-textarea wpcf7-validates-as-required\" aria-required=\"true\" aria-invalid=\"false\" name=\"hatarozatok\"><\/textarea><\/span>\n              <p class=\"info-tip\"><\/p>\n            <\/div>\n          <\/div>\n        <\/div>\n      <\/div>\n      <div class=\"container\">\n        <div class=\"row\">\n          <div class=\"columns eleven offset-one\">\n            <div class=\"field textarea required\"><label for=\"\">Milyen nyelv\u0171ek az irod\u00e1k feliratai? K\u00e9pek.<em>*<\/em><\/label><span class=\"wpcf7-form-control-wrap\" data-name=\"irodak\"><textarea cols=\"40\" rows=\"5\" class=\"wpcf7-form-control wpcf7-textarea wpcf7-validates-as-required\" aria-required=\"true\" aria-invalid=\"false\" name=\"irodak\"><\/textarea><\/span>\n              <p class=\"info-tip\"><\/p>\n            <\/div>\n          <\/div>\n        <\/div>\n      <\/div>\n      <div class=\"container\">\n        <div class=\"row\">\n          <div class=\"columns eleven offset-one\">\n            <div class=\"field textarea required\"><label for=\"\">H\u00e1ny magyar nyelv\u0171 beadv\u00e1nyt\/k\u00e9rv\u00e9nyt ny\u00fajtottak be az elm\u00falt 4 \u00e9vben?<em>*<\/em><\/label><span class=\"wpcf7-form-control-wrap\" data-name=\"beadvanyok\"><textarea cols=\"40\" rows=\"5\" class=\"wpcf7-form-control wpcf7-textarea wpcf7-validates-as-required\" aria-required=\"true\" aria-invalid=\"false\" name=\"beadvanyok\"><\/textarea><\/span>\n              <p class=\"info-tip\"><\/p>\n            <\/div>\n          <\/div>\n        <\/div>\n      <\/div>\n      <div class=\"container\">\n        <div class=\"row\">\n          <div class=\"columns eleven offset-one\">\n            <div class=\"field textarea required\"><label for=\"\">Az \u00fcgyf\u00e9lszolg\u00e1laton vannak-e magyar nyelvet ismer\u0151 alkalmazottak, \u00e9s besz\u00e9lnek-e magyarul a magyar lakosokkal?<em>*<\/em><\/label><span class=\"wpcf7-form-control-wrap\" data-name=\"ugyfelszolgalat\"><textarea cols=\"40\" rows=\"5\" class=\"wpcf7-form-control wpcf7-textarea wpcf7-validates-as-required\" aria-required=\"true\" aria-invalid=\"false\" name=\"ugyfelszolgalat\"><\/textarea><\/span>\n              <p class=\"info-tip\"><\/p>\n            <\/div>\n          <\/div>\n        <\/div>\n      <\/div>\n      <div class=\"container\">\n        <div class=\"row\">\n          <div class=\"columns full\">\n            <div class=\"field textarea required\"><label for=\"\">Az elm\u00falt 4 \u00e9v tapasztalatai alapj\u00e1n az \u00f6n \u00e1ltal vezetett megye lak\u00f3i tiszt\u00e1ban vannak a jogaikkal? Ismerik a nyelvi jogaikat? J\u00e1rnak-e a megyei tan\u00e1cs \u00fcl\u00e9seire, k\u00f6vetik-e a tan\u00e1cs\u00fcl\u00e9seken megsz\u00fcletett d\u00f6nt\u00e9sek, hat\u00e1rozatok (p\u00e9ld\u00e1ul fontos beruh\u00e1z\u00e1sok) ut\u00f3\u00e9let\u00e9t?<em>*<\/em><\/label><span class=\"wpcf7-form-control-wrap\" data-name=\"civizmus\"><textarea cols=\"40\" rows=\"5\" class=\"wpcf7-form-control wpcf7-textarea wpcf7-validates-as-required\" aria-required=\"true\" aria-invalid=\"false\" name=\"civizmus\"><\/textarea><\/span>\n              <p class=\"info-tip\"><\/p>\n            <\/div>\n          <\/div>\n        <\/div>\n      <\/div>\n      <div class=\"container\">\n        <div class=\"row\">\n          <div class=\"columns full\">\n            <div class=\"field textarea required\"><label for=\"\">Milyen m\u00e9rt\u00e9k\u0171 a munkan\u00e9lk\u00fclis\u00e9g a megy\u00e9ben, mennyi az \u00e1tlagfizet\u00e9s a t\u00f6bbi megy\u00e9hez viszony\u00edtva az \u00f6n \u00e1ltal vezetett megy\u00e9ben, \u00e9s \u00f6n mit tett a helyzet jav\u00edt\u00e1s\u00e1\u00e9rt?<em>*<\/em><\/label><span class=\"wpcf7-form-control-wrap\" data-name=\"munkanelkuliseg\"><textarea cols=\"40\" rows=\"5\" class=\"wpcf7-form-control wpcf7-textarea wpcf7-validates-as-required\" aria-required=\"true\" aria-invalid=\"false\" name=\"munkanelkuliseg\"><\/textarea><\/span>\n              <p class=\"info-tip\"><\/p>\n            <\/div>\n          <\/div>\n        <\/div>\n      <\/div>\n      <div class=\"container\">\n        <div class=\"row\">\n          <div class=\"columns full\">\n            <div class=\"field textarea required\"><label for=\"\">Az elm\u00falt 4 \u00e9vben a megye lak\u00f3inak anyagi helyzete javult, vagy gyeng\u00fclt? Nemzetis\u00e9gre, etnikumra lebontva melyek a statisztik\u00e1k?<em>*<\/em><\/label><span class=\"wpcf7-form-control-wrap\" data-name=\"szocialis\"><textarea cols=\"40\" rows=\"5\" class=\"wpcf7-form-control wpcf7-textarea wpcf7-validates-as-required\" aria-required=\"true\" aria-invalid=\"false\" name=\"szocialis\"><\/textarea><\/span>\n              <p class=\"info-tip\"><\/p>\n            <\/div>\n          <\/div>\n        <\/div>\n      <\/div>\n      <div class=\"container\">\n        <div class=\"row\">\n          <div class=\"columns full\">\n            <div class=\"field textarea required\"><label for=\"\">Az elm\u00falt 4 \u00e9vben milyen volt a f\u00e9rfi-n\u0151 ar\u00e1ny a megyei tan\u00e1csban? Ezen bel\u00fcl az \u00f6n politikai alakulat\u00e1ban? Terveznek-e v\u00e1ltoztat\u00e1sokat ezen a t\u00e9ren (p\u00e9ld\u00e1ul n\u00f6velni a n\u0151i tan\u00e1csosok ar\u00e1ny\u00e1t)?<em>*<\/em><\/label><span class=\"wpcf7-form-control-wrap\" data-name=\"nok\"><textarea cols=\"40\" rows=\"5\" class=\"wpcf7-form-control wpcf7-textarea wpcf7-validates-as-required\" aria-required=\"true\" aria-invalid=\"false\" name=\"nok\"><\/textarea><\/span>\n              <p class=\"info-tip\"><\/p>\n            <\/div>\n          <\/div>\n        <\/div>\n      <\/div>\n      <div class=\"container\">\n        <div class=\"row\">\n          <div class=\"columns full\">\n            <div class=\"field textarea required\"><label for=\"\">A megy\u00e9ben \u00e9l\u0151 roma kisebbs\u00e9gnek vannak-e v\u00e1lasztott k\u00e9pvisel\u0151i a megyei\/v\u00e1rosi tan\u00e1csban?<em>*<\/em><\/label><span class=\"wpcf7-form-control-wrap\" data-name=\"romak\"><textarea cols=\"40\" rows=\"5\" class=\"wpcf7-form-control wpcf7-textarea wpcf7-validates-as-required\" aria-required=\"true\" aria-invalid=\"false\" name=\"romak\"><\/textarea><\/span>\n              <p class=\"info-tip\"><\/p>\n            <\/div>\n          <\/div>\n        <\/div>\n      <\/div>\n      <div class=\"container\">\n        <div class=\"row\">\n          <div class=\"columns full\">\n            <div class=\"field textarea required\"><label for=\"\">Az elm\u00falt 4 \u00e9vben milyen int\u00e9zked\u00e9seket hozott a kl\u00edmav\u00e1ltoz\u00e1s \u00e1ltal okozott k\u00e1rok m\u00e9rs\u00e9kl\u00e9se \u00e9rdek\u00e9ben (\u00e1rv\u00edzgazd\u00e1lkod\u00e1s, asz\u00e1ly elleni k\u00fczdelem, erd\u0151s\u00edt\u00e9s stb.):<em>*<\/em><\/label><span class=\"wpcf7-form-control-wrap\" data-name=\"klimavaltozas\"><textarea cols=\"40\" rows=\"5\" class=\"wpcf7-form-control wpcf7-textarea wpcf7-validates-as-required\" aria-required=\"true\" aria-invalid=\"false\" name=\"klimavaltozas\"><\/textarea><\/span>\n              <p class=\"info-tip\"><\/p>\n            <\/div>\n          <\/div>\n        <\/div>\n      <\/div>\n      <div class=\"container\">\n        <div class=\"row\">\n          <div class=\"columns full\">\n            <div class=\"field textarea required\"><label for=\"\">Az elm\u00falt 4 \u00e9vben meg\u00fcnnepelte-e a megyei tan\u00e1cs a F\u00f6ld napj\u00e1t? Szerveztek-e tudatos\u00edt\u00f3 kamp\u00e1nyokat a patakok, foly\u00f3k szennyez\u00e9s\u00e9r\u0151l, az iv\u00f3v\u00edz min\u0151s\u00e9g\u00e9r\u0151l, az \u00f6nkorm\u00e1nyzat \u00e9s a lakoss\u00e1g jogair\u00f3l \u00e9s k\u00f6telezetts\u00e9geir\u0151l a kl\u00edmav\u00e1ltoz\u00e1s kapcs\u00e1n?<em>*<\/em><\/label><span class=\"wpcf7-form-control-wrap\" data-name=\"kampanyok\"><textarea cols=\"40\" rows=\"5\" class=\"wpcf7-form-control wpcf7-textarea wpcf7-validates-as-required\" aria-required=\"true\" aria-invalid=\"false\" name=\"kampanyok\"><\/textarea><\/span>\n              <p class=\"info-tip\"><\/p>\n            <\/div>\n          <\/div>\n        <\/div>\n      <\/div>\n      <div class=\"container\">\n        <div class=\"row\">\n          <div class=\"columns full\">\n            <div class=\"field textarea required\"><label for=\"\">Amennyiben \u00fajraindul a v\u00e1laszt\u00e1sokon, j\u00f3 gazd\u00e1nak tartja-e mag\u00e1t, \u00e9s mi\u00e9rt?<em>*<\/em><\/label><span class=\"wpcf7-form-control-wrap\" data-name=\"gazda\"><textarea cols=\"40\" rows=\"5\" class=\"wpcf7-form-control wpcf7-textarea wpcf7-validates-as-required\" aria-required=\"true\" aria-invalid=\"false\" name=\"gazda\"><\/textarea><\/span>\n              <p class=\"info-tip\"><\/p>\n            <\/div>\n          <\/div>\n        <\/div>\n      <\/div>\n      <div class=\"container only-active-contact-form-7\">\n        <div class=\"row\">\n          <div class=\"columns full\">\n            <div class=\"field file\"><label for=\"\">Azt javasoljuk, hogy itt t\u00f6lts\u00f6n fel egy olyan k\u00e9pet, amelyet az ez \u00e9vi v\u00e1laszt\u00e1si kamp\u00e1ny sor\u00e1n szeretne haszn\u00e1lni, amely, amikor megosztja a k\u00e9rd\u0151\u00edvre adott v\u00e1laszait, meg fog jelenni a k\u00f6z\u00f6ss\u00e9gi oldalain. Ezen a weboldalon ez a k\u00f6z\u00f6ss\u00e9gi oldalra sz\u00e1nt fot\u00f3 NEM fog megjelenni.<\/label><span class=\"wpcf7-form-control-wrap\" data-name=\"ogimage\"><input size=\"40\" class=\"wpcf7-form-control wpcf7-file\" accept=\"image\/*\" aria-invalid=\"false\" type=\"file\" name=\"ogimage\" \/><\/span>\n              <p class=\"info-tip\"><\/p>\n            <\/div>\n          <\/div>\n        <\/div>\n      <\/div>\n      <input class=\"wpcf7-form-control wpcf7-hidden\" value=\"\" type=\"hidden\" name=\"v\" \/> <input class=\"wpcf7-form-control wpcf7-hidden\" value=\"\" type=\"hidden\" name=\"t\" \/><input class=\"wpcf7-form-control wpcf7-hidden\" value=\"\" type=\"hidden\" name=\"your-name\" \/>\n      <div class=\"container\">\n        <div class=\"row\">\n          <div class=\"columns one-half\">\n            <div class=\"field\"><label for=\"\"><\/label><input class=\"wpcf7-form-control wpcf7-save wpcf7-submit cf7_2_post_save\" type=\"submit\" value=\"Ment\u00e9s piszkozatk\u00e9nt\" \/>\n<input type=\"hidden\" name=\"save_cf7_2_post\" class=\"cf7_2_post_draft\" value=\"false\"\/>\n              <p class=\"info-tip\"><\/p>\n            <\/div>\n          <\/div>\n          <div class=\"columns one-half\">\n            <div class=\"field\"><label for=\"\"><\/label><input class=\"wpcf7-form-control wpcf7-submit has-spinner\" type=\"submit\" value=\"V\u00e9gleges v\u00e1ltozat ment\u00e9se\" \/>\n              <p class=\"info-tip\"><\/p>\n            <\/div>\n          <\/div>\n        <\/div>\n      <\/div>\n    <\/div>\n  <\/div>\n<\/div><div class=\"wpcf7-response-output\" aria-hidden=\"true\"><\/div>\n<\/fieldset><\/form>\n<\/div>\n<\/div><\/div><\/div>\n<\/div>\n<\/div><\/div>\n","protected":false},"excerpt":{"rendered":"<p>A \u201eDemokratikus egyp\u00e1rtrendszer\u201d projekten bel\u00fcl a 2024 szuperv\u00e1laszt\u00e1si \u00e9v m\u00e1rcius\u00e1ban elind\u00edtottuk a \u201eFelel\u0151ss\u00e9gteljes \u00d6nkorm\u00e1nyz\u00e1s\u201d projekt\u00fcnket, amelynek c\u00e9lja a demokratikus \u00e9s k\u00f6z\u00f6ss\u00e9gcentrikus \u00f6nkorm\u00e1nyz\u00e1s meger\u0151s\u00edt\u00e9se a rom\u00e1niai magyar k\u00f6z\u00f6ss\u00e9gen bel\u00fcl. A projekt keret\u00e9n bel\u00fcl szeretn\u00e9nk felt\u00e9rk\u00e9pezni, hogy az egyes v\u00e1lasztott k\u00e9pvisel\u0151k mennyire azonosulnak a demokratikus \u00e9rt\u00e9kekkel, mennyire fontosak nekik a k\u00f6z\u00f6ss\u00e9g\u00fck jogai, ezeket mennyire k\u00e9pviselt\u00e9k az elm\u00falt [&hellip;]<\/p>\n","protected":false},"author":1,"featured_media":0,"comment_status":"closed","ping_status":"open","sticky":false,"template":"","format":"standard","meta":{"_uag_custom_page_level_css":"","footnotes":""},"categories":[17,15],"tags":[],"class_list":["post-4014","post","type-post","status-publish","format-standard","hentry","category-demokratikus-egypartrendszer","category-tiszta-kozelet"],"yoast_head":"<!-- This site is optimized with the Yoast SEO plugin v22.3 - https:\/\/yoast.com\/wordpress\/plugins\/seo\/ -->\n<title>Felel\u0151ss\u00e9gteljes \u00d6nkorm\u00e1nyz\u00e1s - Concerned Citizens group<\/title>\n<meta name=\"robots\" content=\"index, follow, max-snippet:-1, max-image-preview:large, max-video-preview:-1\" \/>\n<link rel=\"canonical\" href=\"https:\/\/concernedcitizens.ro\/?p=4014\" \/>\n<meta property=\"og:locale\" content=\"en_US\" \/>\n<meta property=\"og:type\" content=\"article\" \/>\n<meta property=\"og:title\" content=\"Felel\u0151ss\u00e9gteljes \u00d6nkorm\u00e1nyz\u00e1s - Concerned Citizens group\" \/>\n<meta property=\"og:description\" content=\"A \u201eDemokratikus egyp\u00e1rtrendszer\u201d projekten bel\u00fcl a 2024 szuperv\u00e1laszt\u00e1si \u00e9v m\u00e1rcius\u00e1ban elind\u00edtottuk a \u201eFelel\u0151ss\u00e9gteljes \u00d6nkorm\u00e1nyz\u00e1s\u201d projekt\u00fcnket, amelynek c\u00e9lja a demokratikus \u00e9s k\u00f6z\u00f6ss\u00e9gcentrikus \u00f6nkorm\u00e1nyz\u00e1s meger\u0151s\u00edt\u00e9se a rom\u00e1niai magyar k\u00f6z\u00f6ss\u00e9gen bel\u00fcl. A projekt keret\u00e9n bel\u00fcl szeretn\u00e9nk felt\u00e9rk\u00e9pezni, hogy az egyes v\u00e1lasztott k\u00e9pvisel\u0151k mennyire azonosulnak a demokratikus \u00e9rt\u00e9kekkel, mennyire fontosak nekik a k\u00f6z\u00f6ss\u00e9g\u00fck jogai, ezeket mennyire k\u00e9pviselt\u00e9k az elm\u00falt [&hellip;]\" \/>\n<meta property=\"og:url\" content=\"https:\/\/concernedcitizens.ro\/?p=4014\" \/>\n<meta property=\"og:site_name\" content=\"Concerned Citizens group\" \/>\n<meta property=\"article:published_time\" content=\"2024-03-03T17:36:25+00:00\" \/>\n<meta property=\"article:modified_time\" content=\"2024-04-27T12:04:33+00:00\" \/>\n<meta name=\"author\" content=\"Concerned Citizens\" \/>\n<meta name=\"twitter:card\" content=\"summary_large_image\" \/>\n<meta name=\"twitter:label1\" content=\"Written by\" \/>\n\t<meta name=\"twitter:data1\" content=\"Concerned Citizens\" \/>\n\t<meta name=\"twitter:label2\" content=\"Est. reading time\" \/>\n\t<meta name=\"twitter:data2\" content=\"2 minutes\" \/>\n<!-- \/ Yoast SEO plugin. -->","yoast_head_json":{"title":"Felel\u0151ss\u00e9gteljes \u00d6nkorm\u00e1nyz\u00e1s - Concerned Citizens group","robots":{"index":"index","follow":"follow","max-snippet":"max-snippet:-1","max-image-preview":"max-image-preview:large","max-video-preview":"max-video-preview:-1"},"canonical":"https:\/\/concernedcitizens.ro\/?p=4014","og_locale":"en_US","og_type":"article","og_title":"Felel\u0151ss\u00e9gteljes \u00d6nkorm\u00e1nyz\u00e1s - Concerned Citizens group","og_description":"A \u201eDemokratikus egyp\u00e1rtrendszer\u201d projekten bel\u00fcl a 2024 szuperv\u00e1laszt\u00e1si \u00e9v m\u00e1rcius\u00e1ban elind\u00edtottuk a \u201eFelel\u0151ss\u00e9gteljes \u00d6nkorm\u00e1nyz\u00e1s\u201d projekt\u00fcnket, amelynek c\u00e9lja a demokratikus \u00e9s k\u00f6z\u00f6ss\u00e9gcentrikus \u00f6nkorm\u00e1nyz\u00e1s meger\u0151s\u00edt\u00e9se a rom\u00e1niai magyar k\u00f6z\u00f6ss\u00e9gen bel\u00fcl. A projekt keret\u00e9n bel\u00fcl szeretn\u00e9nk felt\u00e9rk\u00e9pezni, hogy az egyes v\u00e1lasztott k\u00e9pvisel\u0151k mennyire azonosulnak a demokratikus \u00e9rt\u00e9kekkel, mennyire fontosak nekik a k\u00f6z\u00f6ss\u00e9g\u00fck jogai, ezeket mennyire k\u00e9pviselt\u00e9k az elm\u00falt [&hellip;]","og_url":"https:\/\/concernedcitizens.ro\/?p=4014","og_site_name":"Concerned Citizens group","article_published_time":"2024-03-03T17:36:25+00:00","article_modified_time":"2024-04-27T12:04:33+00:00","author":"Concerned Citizens","twitter_card":"summary_large_image","twitter_misc":{"Written by":"Concerned Citizens","Est. reading time":"2 minutes"},"schema":{"@context":"https:\/\/schema.org","@graph":[{"@type":"Article","@id":"https:\/\/concernedcitizens.ro\/?p=4014#article","isPartOf":{"@id":"https:\/\/concernedcitizens.ro\/?p=4014"},"author":{"name":"Concerned Citizens","@id":"https:\/\/concernedcitizens.ro\/#\/schema\/person\/5a96341ea4f932a6bbd61bd76d51dcf8"},"headline":"Felel\u0151ss\u00e9gteljes \u00d6nkorm\u00e1nyz\u00e1s","datePublished":"2024-03-03T17:36:25+00:00","dateModified":"2024-04-27T12:04:33+00:00","mainEntityOfPage":{"@id":"https:\/\/concernedcitizens.ro\/?p=4014"},"wordCount":773,"publisher":{"@id":"https:\/\/concernedcitizens.ro\/#organization"},"articleSection":["Demokratikus egyp\u00e1rtrendszer","Tiszta k\u00f6z\u00e9let"],"inLanguage":"en-US"},{"@type":"WebPage","@id":"https:\/\/concernedcitizens.ro\/?p=4014","url":"https:\/\/concernedcitizens.ro\/?p=4014","name":"Felel\u0151ss\u00e9gteljes \u00d6nkorm\u00e1nyz\u00e1s - Concerned Citizens group","isPartOf":{"@id":"https:\/\/concernedcitizens.ro\/#website"},"datePublished":"2024-03-03T17:36:25+00:00","dateModified":"2024-04-27T12:04:33+00:00","breadcrumb":{"@id":"https:\/\/concernedcitizens.ro\/?p=4014#breadcrumb"},"inLanguage":"en-US","potentialAction":[{"@type":"ReadAction","target":["https:\/\/concernedcitizens.ro\/?p=4014"]}]},{"@type":"BreadcrumbList","@id":"https:\/\/concernedcitizens.ro\/?p=4014#breadcrumb","itemListElement":[{"@type":"ListItem","position":1,"name":"Home","item":"https:\/\/concernedcitizens.ro\/"},{"@type":"ListItem","position":2,"name":"Felel\u0151ss\u00e9gteljes \u00d6nkorm\u00e1nyz\u00e1s"}]},{"@type":"WebSite","@id":"https:\/\/concernedcitizens.ro\/#website","url":"https:\/\/concernedcitizens.ro\/","name":"Concerned Citizens group","description":"","publisher":{"@id":"https:\/\/concernedcitizens.ro\/#organization"},"potentialAction":[{"@type":"SearchAction","target":{"@type":"EntryPoint","urlTemplate":"https:\/\/concernedcitizens.ro\/?s={search_term_string}"},"query-input":"required name=search_term_string"}],"inLanguage":"en-US"},{"@type":"Organization","@id":"https:\/\/concernedcitizens.ro\/#organization","name":"Concerned Citizens group","url":"https:\/\/concernedcitizens.ro\/","logo":{"@type":"ImageObject","inLanguage":"en-US","@id":"https:\/\/concernedcitizens.ro\/#\/schema\/logo\/image\/","url":"https:\/\/concernedcitizens.ro\/wp-content\/uploads\/2024\/02\/concerned_citizens-1.webp","contentUrl":"https:\/\/concernedcitizens.ro\/wp-content\/uploads\/2024\/02\/concerned_citizens-1.webp","width":589,"height":616,"caption":"Concerned Citizens group"},"image":{"@id":"https:\/\/concernedcitizens.ro\/#\/schema\/logo\/image\/"}},{"@type":"Person","@id":"https:\/\/concernedcitizens.ro\/#\/schema\/person\/5a96341ea4f932a6bbd61bd76d51dcf8","name":"Concerned Citizens","image":{"@type":"ImageObject","inLanguage":"en-US","@id":"https:\/\/concernedcitizens.ro\/#\/schema\/person\/image\/","url":"https:\/\/secure.gravatar.com\/avatar\/cc17af2fb15212257c85ce2881aa24988b8104bec600d1068ccdf8c9b04bea11?s=96&d=mm&r=g","contentUrl":"https:\/\/secure.gravatar.com\/avatar\/cc17af2fb15212257c85ce2881aa24988b8104bec600d1068ccdf8c9b04bea11?s=96&d=mm&r=g","caption":"Concerned Citizens"},"sameAs":["https:\/\/concernedcitizens.ro"],"url":"https:\/\/concernedcitizens.ro\/?author=1"}]}},"uagb_featured_image_src":{"full":false,"thumbnail":false,"medium":false,"medium_large":false,"large":false,"1536x1536":false,"2048x2048":false},"uagb_author_info":{"display_name":"Concerned Citizens","author_link":"https:\/\/concernedcitizens.ro\/?author=1"},"uagb_comment_info":0,"uagb_excerpt":"A \u201eDemokratikus egyp\u00e1rtrendszer\u201d projekten bel\u00fcl a 2024 szuperv\u00e1laszt\u00e1si \u00e9v m\u00e1rcius\u00e1ban elind\u00edtottuk a \u201eFelel\u0151ss\u00e9gteljes \u00d6nkorm\u00e1nyz\u00e1s\u201d projekt\u00fcnket, amelynek c\u00e9lja a demokratikus \u00e9s k\u00f6z\u00f6ss\u00e9gcentrikus \u00f6nkorm\u00e1nyz\u00e1s meger\u0151s\u00edt\u00e9se a rom\u00e1niai magyar k\u00f6z\u00f6ss\u00e9gen bel\u00fcl. A projekt keret\u00e9n bel\u00fcl szeretn\u00e9nk felt\u00e9rk\u00e9pezni, hogy az egyes v\u00e1lasztott k\u00e9pvisel\u0151k mennyire azonosulnak a demokratikus \u00e9rt\u00e9kekkel, mennyire fontosak nekik a k\u00f6z\u00f6ss\u00e9g\u00fck jogai, ezeket mennyire k\u00e9pviselt\u00e9k az elm\u00falt&hellip;","_links":{"self":[{"href":"https:\/\/concernedcitizens.ro\/index.php?rest_route=\/wp\/v2\/posts\/4014","targetHints":{"allow":["GET"]}}],"collection":[{"href":"https:\/\/concernedcitizens.ro\/index.php?rest_route=\/wp\/v2\/posts"}],"about":[{"href":"https:\/\/concernedcitizens.ro\/index.php?rest_route=\/wp\/v2\/types\/post"}],"author":[{"embeddable":true,"href":"https:\/\/concernedcitizens.ro\/index.php?rest_route=\/wp\/v2\/users\/1"}],"replies":[{"embeddable":true,"href":"https:\/\/concernedcitizens.ro\/index.php?rest_route=%2Fwp%2Fv2%2Fcomments&post=4014"}],"version-history":[{"count":12,"href":"https:\/\/concernedcitizens.ro\/index.php?rest_route=\/wp\/v2\/posts\/4014\/revisions"}],"predecessor-version":[{"id":5812,"href":"https:\/\/concernedcitizens.ro\/index.php?rest_route=\/wp\/v2\/posts\/4014\/revisions\/5812"}],"wp:attachment":[{"href":"https:\/\/concernedcitizens.ro\/index.php?rest_route=%2Fwp%2Fv2%2Fmedia&parent=4014"}],"wp:term":[{"taxonomy":"category","embeddable":true,"href":"https:\/\/concernedcitizens.ro\/index.php?rest_route=%2Fwp%2Fv2%2Fcategories&post=4014"},{"taxonomy":"post_tag","embeddable":true,"href":"https:\/\/concernedcitizens.ro\/index.php?rest_route=%2Fwp%2Fv2%2Ftags&post=4014"}],"curies":[{"name":"wp","href":"https:\/\/api.w.org\/{rel}","templated":true}]}}