{"id":3960,"date":"2024-02-28T18:34:34","date_gmt":"2024-02-28T18:34:34","guid":{"rendered":"https:\/\/concernedcitizens.ro\/?p=3960"},"modified":"2024-03-10T16:44:00","modified_gmt":"2024-03-10T16:44:00","slug":"add-title","status":"publish","type":"post","link":"https:\/\/concernedcitizens.ro\/?p=3960&lang=ro","title":{"rendered":"Comunicat de pres\u0103 &#8211; campania &#8220;multietnic\u0103&#8221; a lui Marcel Ciolacu"},"content":{"rendered":"\n<p><em>Grupul civic Concerned Citizens a fost \u00eenfiin\u021bat \u00een decembrie 2023 cu scopul de a contribui activ la consolidarea transparen\u021bei \u0219i integrit\u0103\u021bii vie\u021bii publice \u00een Rom\u00e2nia, inclusiv \u00een comunitatea maghiar\u0103 din Rom\u00e2nia. Desf\u0103\u0219ur\u0103m activit\u0103\u021bi \u00een domenii strategice pentru dezvoltarea democra\u021biei, monitoriz\u00e2nd \u0219i analiz\u00e2nd activitatea partidelor politice, a societ\u0103\u021bii civile \u0219i a mass-media. Scopul proiectelor noastre este de a \u00eencuraja ale\u0219ii locali, actorii societ\u0103\u021bii civile \u0219i mass-media s\u0103 contribuie activ la consolidarea democra\u021biei \u0219i a statului de drept \u00een Rom\u00e2nia, inclusiv \u00een comunitatea maghiar\u0103. \u00cen anul super-electoral 2024, vom monitoriza constant mesajele de campanie ale partidelor politice rom\u00e2ne\u0219ti \u0219i modul \u00een care acestea sunt reprezentate de mass-media.<\/em><\/p>\n\n\n\n<p>Marcel Ciolacu, prim-ministrul Rom\u00e2niei \u0219i pre\u0219edintele PSD, a demarat recent campania electoral\u0103 \u00een acest an super-electoral.<\/p>\n\n\n\n<p>Consider\u0103m inacceptabil \u0219i condamn\u0103m faptul c\u0103 prim-ministrul Rom\u00e2niei construie\u0219te campania sa pe un discurs contrar valorilor Uniunii Europene \u0219i euroatlantice: discursurile sale de campanie desf\u0103\u0219urate p\u00e2n\u0103 acum \u00een ora\u0219ele Transilvaniei au fost fundamentate pe mesaje na\u021bionaliste.<\/p>\n\n\n\n<p>Premierul Ciolacu, prima oar\u0103 pe 27 ianuarie la Satu Mare, apoi pe 23 februarie la T\u00e2rgu Mure\u0219 \u0219i o zi mai t\u00e2rziu la Topli\u021ba \u0219i Covasna, contrar Constitu\u021biei Rom\u00e2niei \u0219i ignor\u00e2nd dreptul interna\u021bional, a definit comunitatea maghiar\u0103 din Rom\u00e2nia drept rom\u00e2ni de etnie maghiar\u0103 (&#8220;cu to\u021bi suntem rom\u00e2ni&#8221;, &#8220;Ei sunt cu adev\u0103rat rom\u00e2ni de etnie maghiar\u0103, c\u0103 tr\u0103iesc \u00een Rom\u00e2nia&#8221;, &#8220;\u0218i ei sunt rom\u00e2ni&#8221;, &#8220;Rom\u00e2ni de etnie maghiar\u0103&#8221;, &#8220;rom\u00e2ni, indiferent de etnie&#8221;, &#8220;situa\u021bia mai special\u0103&#8221;, &#8220;vorbim de fapt de rom\u00e2ni de etnii diferite&#8221;, &#8220;este evident c\u0103 aici convie\u021buim cu to\u021bi \u00eempreun\u0103, vorbim de fapt, \u0219i cred c\u0103 nimeni nu o s\u0103 spun\u0103 altceva, vorbim de fapt de rom\u00e2ni, de rom\u00e2ni de etnii diferite, de etnie maghiar\u0103, de etnie ucrainean\u0103, de etnie german\u0103, care convie\u021buim \u00eempreun\u0103 \u00een Rom\u00e2nia&#8221;). Astfel, Ciolacu a ignorat Constitu\u021bia Rom\u00e2niei, care garanteaz\u0103 dreptul la identitate al minorit\u0103\u021bilor na\u021bionale, omi\u021b\u00e2nd \u00een mod con\u0219tient termenul \u201ecet\u0103\u021bean\u201d din defini\u021bia minorit\u0103\u021bilor na\u021bionale, care oficial sunt denumite&nbsp;<strong><em>cet\u0103\u021beni<\/em><\/strong>&nbsp;rom\u00e2ni de diverse etnii.<\/p>\n\n\n\n<p>Constitu\u021bia Rom\u00e2niei prevede:<\/p>\n\n\n\n<p>ARTICOLUL 6.<\/p>\n\n\n\n<p><em>(1) Statul recunoa\u015fte \u015fi garanteaz\u0103 persoanelor apar\u0163in\u00e2nd minorit\u0103\u0163ilor na\u0163ionale dreptul la p\u0103strarea, la dezvoltarea \u015fi la exprimarea identit\u0103\u0163ii lor etnice, culturale, lingvistice \u015fi religioase.<\/em><\/p>\n\n\n\n<p><em>(2) M\u0103surile de protec\u0163ie luate de stat pentru p\u0103strarea, dezvoltarea \u015fi exprimarea identit\u0103\u0163ii persoanelor apar\u0163in\u00e2nd minorit\u0103\u0163ilor na\u0163ionale trebuie s\u0103 fie conforme cu principiile de egalitate \u015fi de nediscriminare \u00een raport cu ceilal\u0163i&nbsp;<\/em><strong><em>cet\u0103\u0163eni<\/em><\/strong><em>&nbsp;rom\u00e2ni.<\/em><\/p>\n\n\n\n<p>Constitu\u021bia stabile\u0219te clar c\u0103 identitatea minorit\u0103\u021bilor na\u021bionale trebuie respectat\u0103 \u0219i c\u0103 Rom\u00e2nia garanteaz\u0103 p\u0103strarea, dezvoltarea \u0219i exprimarea identit\u0103\u021bii minorit\u0103\u021bilor na\u021bionale, iar legile rom\u00e2ne\u0219ti de asemenea prev\u0103d \u00een acest spirit drepturile minorit\u0103\u021bilor.<\/p>\n\n\n\n<p>\u00cei recomand\u0103m prim-ministrului s\u0103 ia \u00een considerare c\u0103 alineatul al doilea al articolului men\u021bionat se \u00eencheie astfel: &#8220;&#8230; cu ceilal\u021bi&nbsp;<strong>cet\u0103\u021beni<\/strong>&nbsp;rom\u00e2ni&#8221;, \u0219i \u00een niciun caz astfel: &#8220;&#8230; cu ceilal\u021bi rom\u00e2ni&#8221;.<\/p>\n\n\n\n<p>Pe l\u00e2ng\u0103 faptul c\u0103 \u00een discursul s\u0103u Marcel Ciolacu a privat comunitatea maghiar\u0103 din Rom\u00e2nia de propria identitate, a abordat subtil c\u0103sniciile \u0219i prieteniile mixte rom\u00e2no-maghiare dintr-o perspectiv\u0103 majoritar\u0103, f\u0103r\u0103 a lua \u00een considerare caracterul delicat al acestor rela\u021bii, mai ales din punctul de vedere al unei minorit\u0103\u021bi.<\/p>\n\n\n\n<p>Discursul premierului la Topli\u021ba a fost marcat de prejudec\u0103\u021bi stereotipice. A eviden\u021biat dezavantajele cauzate de utilizarea limbii materne de c\u0103tre comunitatea maghiar\u0103:<\/p>\n\n\n\n<p>\u201e<em>Mai veneau la mine \u015fi \u00eemi spuneau am fost pe la Topli\u0163a \u015fi am intrat \u00eentr-un magazin, iar doamna care m\u0103 servea nu \u015ftia rom\u00e2ne\u015fte. Este posibil \u015fi acest lucru. Dar, ierta\u0163i-m\u0103, se condamn\u0103 singur\u0103 acea doamn\u0103 care nu \u015ftie rom\u00e2ne\u015fte \u00een inima Rom\u00e2niei. Cine o \u00eendeamn\u0103 s\u0103 nu \u00eenve\u0163e rom\u00e2ne\u015fte \u00een Rom\u00e2nia fiind cet\u0103\u0163ean rom\u00e2n, gre\u015fe\u015fte. De fapt \u015fi de drept singur\u0103 se izoleaz\u0103 \u00eentr-o anumit\u0103 arie geografic\u0103. Dac\u0103 ar termina o facultate la Bucure\u015fti nu ar avea nicio \u015fans\u0103 s\u0103 \u00ee\u015fi g\u0103seasc\u0103 o meserie la Bucure\u015fti sau la Ia\u015fi sau \u00een alt\u0103 parte a \u0163\u0103rii. Nu e ceva care \u00eemi inspire m\u00e2ndria. Nu \u015ftiu s\u0103 vorbesc rom\u00e2ne\u015fte \u00een Rom\u00e2nia, de fapt, te condamni singur s\u0103 nu evoluezi<\/em>\u201d<\/p>\n\n\n\n<p>Subliniem c\u0103 la Topli\u021ba nu exist\u0103, nici m\u0103car accidental, vreun v\u00e2nz\u0103tor maghiar care s\u0103 nu \u0219tie rom\u00e2ne\u0219te. \u00cen micul ora\u0219, procentul persoanelor cu limba matern\u0103 maghiar\u0103 este de doar 16,94%, \u0219i locuiesc dispersat prin ora\u0219.<\/p>\n\n\n\n<p>Prim-ministrul recunoa\u0219te \u00een discursul s\u0103u c\u0103, de fapt, nu se adreseaz\u0103 acestei doamne (inexistente), ci se adreseaz\u0103 regiunii geografice \u021ainutului Secuiesc, care se \u00eentinde \u00een imediat\u0103 vecin\u0103tate a ora\u0219ului \u0219i este par\u021bial sub aceea\u0219i administra\u021bie, \u0219i atribuie responsabilitatea exclusiv\u0103 pentru problemele sociale specifice regiunii pe seama minorit\u0103\u021bii maghiare care tr\u0103ie\u0219te \u00een num\u0103r mare \u00een zona respectiv\u0103. \u00cel \u00eendemn\u0103m pe prim-ministru s\u0103 nu exploateze \u00een campania electoral\u0103 situa\u021bia social\u0103 vulnerabil\u0103 a minorit\u0103\u021bilor, \u00eentruc\u00e2t responsabilitatea statului este de a \u00eembun\u0103t\u0103\u021bi \u0219i sus\u021bine condi\u021biile sociale ale acestor grupuri, acord\u00e2nd o aten\u021bie special\u0103 femeilor, f\u0103r\u0103 a face distinc\u021bie pe baza na\u021bionalit\u0103\u021bii. Contrar celor spuse \u00een discurs, dac\u0103 un cet\u0103\u021bean rom\u00e2n de etnie maghiar\u0103 \u0219i vorbitor de maghiar\u0103 absolv\u0103 o universitate \u00een Bucure\u0219ti \u00een limba rom\u00e2n\u0103 (deoarece nu exist\u0103 facultate cu predare \u00een limba maghiar\u0103 \u00een Bucure\u0219ti), este imposibil s\u0103 nu vorbeasc\u0103 rom\u00e2ne\u0219te \u0219i, de asemenea, este imposibil s\u0103 nu-\u0219i g\u0103seasc\u0103 un loc de munc\u0103.<\/p>\n\n\n\n<p>Dac\u0103 \u00eentr-o anumit\u0103 regiune o comunitate vorbe\u0219te propria limb\u0103 matern\u0103, acest lucru nu \u00eenseamn\u0103 c\u0103 utilizarea limbii minoritare izoleaz\u0103 comunitatea. De fapt, domnul Ciolacu dore\u0219te s\u0103 transmit\u0103 maghiarilor din Rom\u00e2nia c\u0103, dac\u0103 ar renun\u021ba la drepturile lor lingvistice \u0219i culturale, nu ar mai tr\u0103i izola\u021bi \u0219i ar deveni cet\u0103\u021beni deplini ai Rom\u00e2niei, suger\u00e2nd cumva c\u0103 \u00een prezent sunt cet\u0103\u021beni de rang secund? De\u0219i Rom\u00e2nia se prezint\u0103 ca o \u021bar\u0103 \u00een care drepturile minorit\u0103\u021bilor sunt respectate, unde exist\u0103 multilingvism, multiculturalism \u0219i respect reciproc \u00eentre cet\u0103\u021beni, prim-ministrul nu are dreptul s\u0103 utilizeze \u00een campania PSD mesaje care s\u0103 judece minorit\u0103\u021bile. Pentru un prim-ministru al unei \u021b\u0103ri membre a Uniunii Europene, multilingvismul ca valoare ar trebui s\u0103 se reflecte \u00een discursurile de campanie \u021binute \u00eentr-o regiune multilingv\u0103, \u0219i \u00een niciun caz nu ar trebui s\u0103 vorbeasc\u0103 despre limba matern\u0103 a unei minorit\u0103\u021bi na\u021bionale \u00eentr-un context negativ. C\u00e2nd va veni momentul \u00een care un partid politic din Rom\u00e2nia va recunoa\u0219te \u00eentr-un discurs de campanie electoral\u0103 valoarea multilingvismului \u0219i a unei comunit\u0103\u021bi multietnice?<\/p>\n\n\n\n<p>Secuimea este o regiune geografic\u0103 care de secole \u00eentregi a fost denumit\u0103 astfel de c\u0103tre popoarele care tr\u0103iesc acolo. Ne place sau nu, acesta este un fapt. Din p\u0103cate, mul\u021bi cred c\u0103 P\u0103m\u00e2ntul este plat, dar el r\u0103m\u00e2ne rotund. \u00cen mesajele sale de campanie, Ciolacu a enumerat toate toposurile anti-maghiare existente: limba maghiar\u0103 ca factor de izolare, s\u0103r\u0103cire, cauzator de dezavantaje sociale \u0219i eterna \u0219i plictisitoarea legend\u0103 urban\u0103 &#8220;\u00cen Secuime nu am putut s\u0103 cump\u0103r p\u00e2ine&#8221;. Se pare c\u0103 Ciolacu inten\u021bioneaz\u0103 s\u0103 c\u00e2\u0219tige aceste alegeri, printre altele, promov\u00e2nd un anti-maghiarism subtil. Poporul rom\u00e2n \u0219i aleg\u0103torii merit\u0103 mai mult de at\u00e2t. \u00cen interiorul comunit\u0103\u021bii maghiare, singurul beneficiar al acestor mesaje este UDMR, care, la fel ca Ciolacu, c\u00e2\u0219tig\u0103 alegerile cu mesaje de campanie dep\u0103\u0219ite de 30 de ani \u0219i le transmite aleg\u0103torilor maghiari c\u0103 &#8220;doar noi v\u0103 putem proteja de anti-maghiarism&#8221;.<\/p>\n\n\n\n<p>Declara\u021bia lui Ciolacu conform c\u0103reia \u00een Secuime nu a existat niciodat\u0103 autonomie, sau dac\u0103 a existat, nu &#8220;rom\u00e2nii&#8221; au luat-o, este cu siguran\u021b\u0103 fals\u0103, pentru c\u0103 chiar \u0219i sub administra\u021bia rom\u00e2n\u0103 a existat Regiunea Autonom\u0103 Maghiar\u0103, apoi Regiunea Mure\u0219-Autonom\u0103 Maghiar\u0103 \u00eentre anii 1952 \u0219i 1968, \u0219i lumea nu s-a pr\u0103bu\u0219it, nici m\u0103car nu a fost zguduit\u0103.<\/p>\n\n\n\n<p>Ar fi binevenit ca \u00een acest an super-electoral, dac\u0103 liderii sau candida\u021bii PSD sau ai altor partide vor sim\u021bi nevoia s\u0103 se refere la comunitatea maghiar\u0103 din Rom\u00e2nia, s\u0103 utilizeze termenul de \u201e<strong><em>cet\u0103\u021beni<\/em><\/strong>&nbsp;rom\u00e2ni de na\u021bionalitate maghiar\u0103\u201d \u0219i s\u0103 evite folosirea expresiei \u201erom\u00e2ni de na\u021bionalitate maghiar\u0103\u201d.<\/p>\n\n\n\n<p>Premierul a mai anun\u0163at c\u0103 \u201ceu nu voi accepta excese \u015fi legi care s\u0103 favorizeze anumi\u0163i rom\u00e2ni de alt\u0103 etnie\u201d. Este regretabil c\u0103 un prim-ministru al unei \u021b\u0103ri membre a Uniunii Europene nu \u00een\u021belege \u0219i nu cunoa\u0219te natura conven\u021biilor interna\u021bionale privind drepturile omului \u0219i drepturile minorit\u0103\u021bilor, care beneficiaz\u0103 grupuri vulnerabile \u0219i dezavantajate, \u00een cazul nostru, oferind drepturi minorit\u0103\u021bilor na\u021bionale din Rom\u00e2nia, prin care situa\u021bia lor dezavantajat\u0103 poate fi \u00eembun\u0103t\u0103\u021bit\u0103. Ar fi de a\u0219teptat, la 30 de ani dup\u0103 revolu\u021bie \u0219i dup\u0103 ratificarea mai multor conven\u021bii interna\u021bionale, ca prim-ministrul Rom\u00e2niei s\u0103 \u00een\u021beleag\u0103 c\u0103 exist\u0103 legi care favorizeaz\u0103 grupuri dezavantajate, minorit\u0103\u021bi na\u021bionale, femei, copii, persoane cu boli sau cu dizabilit\u0103\u021bi.<\/p>\n\n\n\n<p>\u00cen concluzie, am dori s\u0103 solicit\u0103m PSD-ului \u0219i tuturor reprezentan\u021bilor partidelor politice din Rom\u00e2nia s\u0103 formuleze mesajele campaniei electorale \u00eentr-o manier\u0103 care respect\u0103 minorit\u0103\u021bile na\u021bionale din Rom\u00e2nia, \u00eentr-un mod demn pentru o \u021bar\u0103 membr\u0103 a Uniunii Europene, \u0219i s\u0103 se ab\u021bin\u0103 de la mesaje populiste care pot alimenta tensiuni \u00eentre majoritate \u0219i minorit\u0103\u021bi, cum ar fi declara\u021bii de genul &#8220;Rom\u00e2nia apar\u021bine rom\u00e2nilor&#8221; \u0219i c\u0103 &#8220;\u00een Rom\u00e2nia to\u021bi sunt rom\u00e2ni&#8221;.<\/p>\n","protected":false},"excerpt":{"rendered":"<p>Grupul civic Concerned Citizens a fost \u00eenfiin\u021bat \u00een decembrie 2023 cu scopul de a contribui activ la consolidarea transparen\u021bei \u0219i integrit\u0103\u021bii vie\u021bii publice \u00een Rom\u00e2nia, inclusiv \u00een comunitatea maghiar\u0103 din Rom\u00e2nia. Desf\u0103\u0219ur\u0103m activit\u0103\u021bi \u00een domenii strategice pentru dezvoltarea democra\u021biei, monitoriz\u00e2nd \u0219i analiz\u00e2nd activitatea partidelor politice, a societ\u0103\u021bii civile \u0219i a mass-media. Scopul proiectelor noastre este [&hellip;]<\/p>\n","protected":false},"author":1,"featured_media":0,"comment_status":"closed","ping_status":"open","sticky":false,"template":"","format":"standard","meta":{"_uag_custom_page_level_css":"","footnotes":""},"categories":[69,67],"tags":[],"class_list":["post-3960","post","type-post","status-publish","format-standard","hentry","category-sistem-democratic-monopartid","category-tk-ro"],"yoast_head":"<!-- This site is optimized with the Yoast SEO plugin v22.3 - https:\/\/yoast.com\/wordpress\/plugins\/seo\/ -->\n<title>Comunicat de pres\u0103 - campania &quot;multietnic\u0103&quot; a lui Marcel Ciolacu - Concerned Citizens csoport<\/title>\n<meta name=\"robots\" content=\"index, follow, max-snippet:-1, max-image-preview:large, max-video-preview:-1\" \/>\n<link rel=\"canonical\" href=\"https:\/\/concernedcitizens.ro\/?p=3960&lang=ro\" \/>\n<meta property=\"og:locale\" content=\"en_US\" \/>\n<meta property=\"og:type\" content=\"article\" \/>\n<meta property=\"og:title\" content=\"Comunicat de pres\u0103 - campania &quot;multietnic\u0103&quot; a lui Marcel Ciolacu - Concerned Citizens csoport\" \/>\n<meta property=\"og:description\" content=\"Grupul civic Concerned Citizens a fost \u00eenfiin\u021bat \u00een decembrie 2023 cu scopul de a contribui activ la consolidarea transparen\u021bei \u0219i integrit\u0103\u021bii vie\u021bii publice \u00een Rom\u00e2nia, inclusiv \u00een comunitatea maghiar\u0103 din Rom\u00e2nia. Desf\u0103\u0219ur\u0103m activit\u0103\u021bi \u00een domenii strategice pentru dezvoltarea democra\u021biei, monitoriz\u00e2nd \u0219i analiz\u00e2nd activitatea partidelor politice, a societ\u0103\u021bii civile \u0219i a mass-media. Scopul proiectelor noastre este [&hellip;]\" \/>\n<meta property=\"og:url\" content=\"https:\/\/concernedcitizens.ro\/?p=3960&amp;lang=ro\" \/>\n<meta property=\"og:site_name\" content=\"Concerned Citizens csoport\" \/>\n<meta property=\"article:published_time\" content=\"2024-02-28T18:34:34+00:00\" \/>\n<meta property=\"article:modified_time\" content=\"2024-03-10T16:44:00+00:00\" \/>\n<meta name=\"author\" content=\"Concerned Citizens\" \/>\n<meta name=\"twitter:card\" content=\"summary_large_image\" \/>\n<meta name=\"twitter:label1\" content=\"Written by\" \/>\n\t<meta name=\"twitter:data1\" content=\"Concerned Citizens\" \/>\n\t<meta name=\"twitter:label2\" content=\"Est. reading time\" \/>\n\t<meta name=\"twitter:data2\" content=\"8 minutes\" \/>\n<!-- \/ Yoast SEO plugin. -->","yoast_head_json":{"title":"Comunicat de pres\u0103 - campania \"multietnic\u0103\" a lui Marcel Ciolacu - Concerned Citizens csoport","robots":{"index":"index","follow":"follow","max-snippet":"max-snippet:-1","max-image-preview":"max-image-preview:large","max-video-preview":"max-video-preview:-1"},"canonical":"https:\/\/concernedcitizens.ro\/?p=3960&lang=ro","og_locale":"en_US","og_type":"article","og_title":"Comunicat de pres\u0103 - campania \"multietnic\u0103\" a lui Marcel Ciolacu - Concerned Citizens csoport","og_description":"Grupul civic Concerned Citizens a fost \u00eenfiin\u021bat \u00een decembrie 2023 cu scopul de a contribui activ la consolidarea transparen\u021bei \u0219i integrit\u0103\u021bii vie\u021bii publice \u00een Rom\u00e2nia, inclusiv \u00een comunitatea maghiar\u0103 din Rom\u00e2nia. Desf\u0103\u0219ur\u0103m activit\u0103\u021bi \u00een domenii strategice pentru dezvoltarea democra\u021biei, monitoriz\u00e2nd \u0219i analiz\u00e2nd activitatea partidelor politice, a societ\u0103\u021bii civile \u0219i a mass-media. Scopul proiectelor noastre este [&hellip;]","og_url":"https:\/\/concernedcitizens.ro\/?p=3960&lang=ro","og_site_name":"Concerned Citizens csoport","article_published_time":"2024-02-28T18:34:34+00:00","article_modified_time":"2024-03-10T16:44:00+00:00","author":"Concerned Citizens","twitter_card":"summary_large_image","twitter_misc":{"Written by":"Concerned Citizens","Est. reading time":"8 minutes"},"schema":{"@context":"https:\/\/schema.org","@graph":[{"@type":"Article","@id":"https:\/\/concernedcitizens.ro\/?p=3960&lang=ro#article","isPartOf":{"@id":"https:\/\/concernedcitizens.ro\/?p=3960&lang=ro"},"author":{"name":"Concerned Citizens","@id":"https:\/\/concernedcitizens.ro\/#\/schema\/person\/5a96341ea4f932a6bbd61bd76d51dcf8"},"headline":"Comunicat de pres\u0103 &#8211; campania &#8220;multietnic\u0103&#8221; a lui Marcel Ciolacu","datePublished":"2024-02-28T18:34:34+00:00","dateModified":"2024-03-10T16:44:00+00:00","mainEntityOfPage":{"@id":"https:\/\/concernedcitizens.ro\/?p=3960&lang=ro"},"wordCount":1686,"publisher":{"@id":"https:\/\/concernedcitizens.ro\/#organization"},"articleSection":["Sistem democratic monopartid","TK ro"],"inLanguage":"en-US"},{"@type":"WebPage","@id":"https:\/\/concernedcitizens.ro\/?p=3960&lang=ro","url":"https:\/\/concernedcitizens.ro\/?p=3960&lang=ro","name":"Comunicat de pres\u0103 - campania \"multietnic\u0103\" a lui Marcel Ciolacu - Concerned Citizens csoport","isPartOf":{"@id":"https:\/\/concernedcitizens.ro\/#website"},"datePublished":"2024-02-28T18:34:34+00:00","dateModified":"2024-03-10T16:44:00+00:00","breadcrumb":{"@id":"https:\/\/concernedcitizens.ro\/?p=3960&lang=ro#breadcrumb"},"inLanguage":"en-US","potentialAction":[{"@type":"ReadAction","target":["https:\/\/concernedcitizens.ro\/?p=3960&lang=ro"]}]},{"@type":"BreadcrumbList","@id":"https:\/\/concernedcitizens.ro\/?p=3960&lang=ro#breadcrumb","itemListElement":[{"@type":"ListItem","position":1,"name":"Home","item":"https:\/\/concernedcitizens.ro\/"},{"@type":"ListItem","position":2,"name":"Comunicat de pres\u0103 &#8211; campania &#8220;multietnic\u0103&#8221; a lui Marcel Ciolacu"}]},{"@type":"WebSite","@id":"https:\/\/concernedcitizens.ro\/#website","url":"https:\/\/concernedcitizens.ro\/","name":"Concerned Citizens csoport","description":"","publisher":{"@id":"https:\/\/concernedcitizens.ro\/#organization"},"potentialAction":[{"@type":"SearchAction","target":{"@type":"EntryPoint","urlTemplate":"https:\/\/concernedcitizens.ro\/?s={search_term_string}"},"query-input":"required name=search_term_string"}],"inLanguage":"en-US"},{"@type":"Organization","@id":"https:\/\/concernedcitizens.ro\/#organization","name":"Concerned Citizens csoport","url":"https:\/\/concernedcitizens.ro\/","logo":{"@type":"ImageObject","inLanguage":"en-US","@id":"https:\/\/concernedcitizens.ro\/#\/schema\/logo\/image\/","url":"https:\/\/concernedcitizens.ro\/wp-content\/uploads\/2024\/02\/concerned_citizens-1.webp","contentUrl":"https:\/\/concernedcitizens.ro\/wp-content\/uploads\/2024\/02\/concerned_citizens-1.webp","width":589,"height":616,"caption":"Concerned Citizens csoport"},"image":{"@id":"https:\/\/concernedcitizens.ro\/#\/schema\/logo\/image\/"}},{"@type":"Person","@id":"https:\/\/concernedcitizens.ro\/#\/schema\/person\/5a96341ea4f932a6bbd61bd76d51dcf8","name":"Concerned Citizens","image":{"@type":"ImageObject","inLanguage":"en-US","@id":"https:\/\/concernedcitizens.ro\/#\/schema\/person\/image\/","url":"https:\/\/secure.gravatar.com\/avatar\/cc17af2fb15212257c85ce2881aa24988b8104bec600d1068ccdf8c9b04bea11?s=96&d=mm&r=g","contentUrl":"https:\/\/secure.gravatar.com\/avatar\/cc17af2fb15212257c85ce2881aa24988b8104bec600d1068ccdf8c9b04bea11?s=96&d=mm&r=g","caption":"Concerned Citizens"},"sameAs":["https:\/\/concernedcitizens.ro"],"url":"https:\/\/concernedcitizens.ro\/?author=1"}]}},"uagb_featured_image_src":{"full":false,"thumbnail":false,"medium":false,"medium_large":false,"large":false,"1536x1536":false,"2048x2048":false},"uagb_author_info":{"display_name":"Concerned Citizens","author_link":"https:\/\/concernedcitizens.ro\/?author=1"},"uagb_comment_info":0,"uagb_excerpt":"Grupul civic Concerned Citizens a fost \u00eenfiin\u021bat \u00een decembrie 2023 cu scopul de a contribui activ la consolidarea transparen\u021bei \u0219i integrit\u0103\u021bii vie\u021bii publice \u00een Rom\u00e2nia, inclusiv \u00een comunitatea maghiar\u0103 din Rom\u00e2nia. Desf\u0103\u0219ur\u0103m activit\u0103\u021bi \u00een domenii strategice pentru dezvoltarea democra\u021biei, monitoriz\u00e2nd \u0219i analiz\u00e2nd activitatea partidelor politice, a societ\u0103\u021bii civile \u0219i a mass-media. Scopul proiectelor noastre este&hellip;","_links":{"self":[{"href":"https:\/\/concernedcitizens.ro\/index.php?rest_route=\/wp\/v2\/posts\/3960","targetHints":{"allow":["GET"]}}],"collection":[{"href":"https:\/\/concernedcitizens.ro\/index.php?rest_route=\/wp\/v2\/posts"}],"about":[{"href":"https:\/\/concernedcitizens.ro\/index.php?rest_route=\/wp\/v2\/types\/post"}],"author":[{"embeddable":true,"href":"https:\/\/concernedcitizens.ro\/index.php?rest_route=\/wp\/v2\/users\/1"}],"replies":[{"embeddable":true,"href":"https:\/\/concernedcitizens.ro\/index.php?rest_route=%2Fwp%2Fv2%2Fcomments&post=3960"}],"version-history":[{"count":7,"href":"https:\/\/concernedcitizens.ro\/index.php?rest_route=\/wp\/v2\/posts\/3960\/revisions"}],"predecessor-version":[{"id":4244,"href":"https:\/\/concernedcitizens.ro\/index.php?rest_route=\/wp\/v2\/posts\/3960\/revisions\/4244"}],"wp:attachment":[{"href":"https:\/\/concernedcitizens.ro\/index.php?rest_route=%2Fwp%2Fv2%2Fmedia&parent=3960"}],"wp:term":[{"taxonomy":"category","embeddable":true,"href":"https:\/\/concernedcitizens.ro\/index.php?rest_route=%2Fwp%2Fv2%2Fcategories&post=3960"},{"taxonomy":"post_tag","embeddable":true,"href":"https:\/\/concernedcitizens.ro\/index.php?rest_route=%2Fwp%2Fv2%2Ftags&post=3960"}],"curies":[{"name":"wp","href":"https:\/\/api.w.org\/{rel}","templated":true}]}}