{"id":3947,"date":"2024-02-24T15:01:56","date_gmt":"2024-02-24T15:01:56","guid":{"rendered":"https:\/\/concernedcitizens.ro\/?p=3947"},"modified":"2024-03-10T17:01:09","modified_gmt":"2024-03-10T17:01:09","slug":"roman-sajtoanyaghoz-ciolacu-kapcsan","status":"publish","type":"post","link":"https:\/\/concernedcitizens.ro\/?p=3947","title":{"rendered":"Marcel Ciolacu minisztereln\u00f6k &#8220;multietnikus&#8221; kamp\u00e1nya"},"content":{"rendered":"\n<p>Marcel Ciolacu, Rom\u00e1nia minisztereln\u00f6ke \u00e9s a PSD eln\u00f6ke a k\u00f6zelm\u00faltban elkezdte az idei szuperv\u00e1laszt\u00e1si \u00e9v kamp\u00e1ny\u00e1t.<\/p>\n\n\n\n<p>Elfogadhatatlannak tartjuk \u00e9s egyben el\u00edt\u00e9lj\u00fck, hogy Rom\u00e1nia minisztereln\u00f6ke az Eur\u00f3pai Uni\u00f3s \u00e9s az euroatlanti \u00e9rt\u00e9kekkel szembemen\u0151 diskurzusra \u00e9p\u00edti a kamp\u00e1ny\u00e1t: az erd\u00e9lyi v\u00e1rosokban eddig lezajlott kamp\u00e1nybesz\u00e9deit r\u00e9szben nacionalista \u00fczenetekre \u00e9p\u00edtette.<\/p>\n\n\n\n<p>Macel Ciolacu el\u0151sz\u00f6r janu\u00e1r 27-\u00e9n Szatm\u00e1rn\u00e9metiben, majd febru\u00e1r 23-\u00e1n Marosv\u00e1s\u00e1rhelyen \u00e9s egy nappal k\u00e9s\u0151bb Marosh\u00e9vizen \u00e9s Kov\u00e1szn\u00e1n, Rom\u00e1nia Alkotm\u00e1ny\u00e1val ellent\u00e9tesen \u00e9s nemzetk\u00f6zi jogot is mell\u0151zve, a rom\u00e1niai magyar k\u00f6z\u00f6ss\u00e9get k\u00f6vetkezetesen magyar enikum\u00fa rom\u00e1nokk\u00e9nt defini\u00e1lta (<strong>&#8220;cu to\u021bii suntem rom\u00e2ni&#8221; &#8230; &#8220;Ei sunt cu adev\u0103rat rom\u00e2ni de etnie maghiar\u0103, c\u0103 tr\u0103iesc \u00een Rom\u00e2nia&#8221; &#8230; &#8220;\u0218i ei sunt rom\u00e2ni&#8221; &#8230; &#8220;Rom\u00e2ni de etnie maghiar\u0103&#8221;, &#8220;rom\u00e2ni, indiferent de etnie&#8221;, &#8220;situa\u021bie mai special\u0103&#8221;, &#8220;vorbim de fapt de rom\u00e2ni de etnii diferite&#8221;, &#8220;este evident c\u0103 aici convie\u021buim cu to\u021bi \u00eempreun\u0103, vorbim de fapt, \u0219i cred c\u0103 nimeni nu o s\u0103 spun\u0103 altceva, vorbim de fapt de rom\u00e2ni, de rom\u00e2ni de etnii diferite, de etnie maghiar\u0103, de etnie ucrainean\u0103, de etnie german\u0103, care convie\u021buim \u00eempreun\u0103 \u00een Rom\u00e2nia&#8221;          &#8220;magyar nemzetis\u00e9g\u0171 rom\u00e1nok&#8221;, &#8220;m\u00e1s etnikum\u00fa rom\u00e1nok&#8221;, &#8220;mindannyian rom\u00e1nok vagyunk&#8221;.<\/strong>       &#8220;mindannyian rom\u00e1nok vagyunk&#8221; &#8230; &#8220;\u0150k val\u00f3ban magyar nemzetis\u00e9g\u0171 rom\u00e1nok, mivel Rom\u00e1ni\u00e1ban \u00e9lnek&#8221; &#8230; &#8220;\u0150k is rom\u00e1nok&#8221; &#8230; &#8220;Magyar nemzetis\u00e9g\u0171 rom\u00e1nok&#8221;, &#8220;rom\u00e1nok, f\u00fcggetlen\u00fcl a nemzetis\u00e9gt\u0151l&#8221;, &#8220;k\u00fcl\u00f6nleges helyzet&#8221;, &#8220;val\u00f3j\u00e1ban k\u00fcl\u00f6nb\u00f6z\u0151 nemzetis\u00e9g\u0171 rom\u00e1nokr\u00f3l besz\u00e9l\u00fcnk&#8221;, &#8220;nyilv\u00e1nval\u00f3, hogy itt mindannyian egy\u00fctt \u00e9l\u00fcnk, val\u00f3j\u00e1ban err\u0151l besz\u00e9l\u00fcnk, \u00e9s azt hiszem, senki sem fog m\u00e1st mondani, val\u00f3j\u00e1ban rom\u00e1nokr\u00f3l besz\u00e9l\u00fcnk, k\u00fcl\u00f6nb\u00f6z\u0151 nemzetis\u00e9g\u0171 rom\u00e1nokr\u00f3l, magyar nemzetis\u00e9g\u0171ekr\u0151l, ukr\u00e1n nemzetis\u00e9g\u0171ekr\u0151l, n\u00e9met nemzetis\u00e9g\u0171ekr\u0151l, akik egy\u00fctt \u00e9lnek Rom\u00e1ni\u00e1ban&#8221;). Ezzel Ciolacu megs\u00e9rtette Rom\u00e1nia Alkotm\u00e1ny\u00e1t, amely szavatolja a nemzeti kisebbs\u00e9gek identit\u00e1shoz val\u00f3 jog\u00e1t.<\/p>\n\n\n\n<p>Rom\u00e1nia Alkotm\u00e1nya kimondja:<\/p>\n\n\n\n<ol class=\"wp-block-list\" start=\"6\">\n<li>szakasz \u2013 Az identit\u00e1shoz val\u00f3 jog<br>(1) Az \u00e1llam elismeri \u00e9s biztos\u00edtja a nemzeti kisebbs\u00e9gekhez tartoz\u00f3 szem\u00e9lyek jog\u00e1t az etnikai,<br>kultur\u00e1lis, nyelvi \u00e9s vall\u00e1si identit\u00e1suk meg\u0151rz\u00e9s\u00e9hez, fejleszt\u00e9s\u00e9hez \u00e9s kifejez\u00e9s\u00e9hez.<br>(2) A nemzeti kisebbs\u00e9gekhez tartoz\u00f3 szem\u00e9lyek identit\u00e1s\u00e1nak megtart\u00e1s\u00e1t, fejleszt\u00e9s\u00e9t \u00e9s kifejez\u00e9s\u00e9t<br>c\u00e9lz\u00f3 \u00e1llami v\u00e9d\u0151 int\u00e9zked\u00e9seknek meg kell felelni\u00fck a t\u00f6bbi rom\u00e1n \u00e1llampolg\u00e1rhoz viszony\u00edtva az<br>egyenl\u0151s\u00e9g \u00e9s a diszkrimin\u00e1ci\u00f3 tilalma elveinek.<\/li>\n<\/ol>\n\n\n\n<p>ARTICOLUL 6.<\/p>\n\n\n\n<p><em>(1) Statul recunoa\u015fte \u015fi garanteaz\u0103 persoanelor apar\u0163in\u00e2nd minorit\u0103\u0163ilor na\u0163ionale dreptul la p\u0103strarea, la dezvoltarea \u015fi la exprimarea identit\u0103\u0163ii lor etnice, culturale, lingvistice \u015fi religioase.<\/em><\/p>\n\n\n\n<p><em>(2) M\u0103surile de protec\u0163ie luate de stat pentru p\u0103strarea, dezvoltarea \u015fi exprimarea identit\u0103\u0163ii persoanelor apar\u0163in\u00e2nd minorit\u0103\u0163ilor na\u0163ionale trebuie s\u0103 fie conforme cu principiile de egalitate \u015fi de nediscriminare \u00een raport cu ceilal\u0163i cet\u0103\u0163eni rom\u00e2ni.<\/em><\/p>\n\n\n\n<p>Azon t\u00fal, hogy Marcel Ciolacu besz\u00e9d\u00e9ben megfosztotta a rom\u00e1niai magyar k\u00f6z\u00f6ss\u00e9get a saj\u00e1t identit\u00e1s\u00e1t\u00f3l, a kamp\u00e1ny\u00fczenet\u00e9nek k\u00f6zponti eleme a magyarelleness\u00e9g: p\u00e9ld\u00e1ul a magyar k\u00f6z\u00f6ss\u00e9g anyanyelvhaszn\u00e1lata \u00e1ltal okozott h\u00e1tr\u00e1nyt hangs\u00falyozta, \u00e9s a magyar k\u00f6z\u00f6ss\u00e9g etnikai szavaz\u00e1s\u00e1t \u00fagy jellemezte, mintha az idej\u00e9tm\u00falt \u00e9s felesleges kisebbs\u00e9gi attit\u0171d lenne. Ez ut\u00f3bbi \u00e1ltal a rom\u00e1niai magyar k\u00f6z\u00f6ss\u00e9g szavazati jog\u00e1t, ami minden egyes \u00e1llampolg\u00e1r mag\u00e1n\u00fcgye, a b\u00e9k\u00e9s rom\u00e1n-magyar kapcsolatok felel\u0151s\u00e9v\u00e9 tette, azt sugallva, hogy a rom\u00e1niai magyarok szavazat\u00e1n m\u00falik, hogy a rom\u00e1n \u00e9s a magyar k\u00f6z\u00f6ss\u00e9g k\u00f6z\u00f6tti viszony konfliktusmentes marad.<\/p>\n\n\n\n<p>Az Alkotm\u00e1ny r\u00f6gz\u00edti, hogy a nemzeti kisebbs\u00e9gek identit\u00e1s\u00e1t tiszteletben kell tartani, \u00e9s hogy Rom\u00e1nia garant\u00e1lja a nemzeti kisebbs\u00e9gek identit\u00e1s\u00e1nak meg\u0151rz\u00e9s\u00e9t, fejl\u0151d\u00e9s\u00e9t \u00e9s kifejez\u00e9s\u00e9t, a rom\u00e1n t\u00f6rv\u00e9nyek pedig ugyancsak ebben a szellemben rendelkeznek a kisebbs\u00e9gek jogair\u00f3l.<\/p>\n\n\n\n<p>A minisztereln\u00f6k figyelm\u00e9be aj\u00e1nljuk, hogy a beid\u00e9zett hatodik cikkely m\u00e1sodik pontja \u00edgy v\u00e9gz\u0151dik: &#8220;&#8230; cu ceilal\u0163i <em>cet\u0103\u0163eni<\/em> rom\u00e2ni&#8221;, \u00e9s semmik\u00e9ppen sem \u00edgy: &#8220;&#8230; cu ceilal\u0163i rom\u00e2ni&#8221;.<\/p>\n\n\n\n<p>Sztereotip el\u0151\u00edt\u00e9let jellemezte a marosh\u00e9vizi besz\u00e9d\u00e9t, amikor a k\u00f6vetkez\u0151t mondta:<\/p>\n\n\n\n<p>\u201e<em>Mai veneau la mine \u015fi \u00eemi spuneau am fost pe la Topli\u0163a \u015fi am intrat \u00eentr-un magazin, iar doamna care m\u0103 servea nu \u015ftia rom\u00e2ne\u015fte. Este posibil \u015fi acest lucru. Dar, ierta\u0163i-m\u0103, se condamn\u0103 singur\u0103 acea doamn\u0103 care nu \u015ftie rom\u00e2ne\u015fte \u00een inima Rom\u00e2niei. Cine o \u00eendeamn\u0103 s\u0103 nu \u00eenve\u0163e rom\u00e2ne\u015fte \u00een Rom\u00e2nia fiind cet\u0103\u0163ean rom\u00e2n, gre\u015fe\u015fte. De fapt \u015fi de drept singur\u0103 se izoleaz\u0103 \u00eentr-o anumit\u0103 arie geografic\u0103. Dac\u0103 ar termina o facultate la Bucure\u015fti nu ar avea nicio \u015fans\u0103 s\u0103 \u00ee\u015fi g\u0103seasc\u0103 o meserie la Bucure\u015fti sau la Ia\u015fi sau \u00een alt\u0103 parte a \u0163\u0103rii. Nu e ceva care \u00eemi inspire m\u00e2ndria. Nu \u015ftiu s\u0103 vorbesc rom\u00e2ne\u015fte \u00een Rom\u00e2nia, de fapt, te condamni singur s\u0103 nu evoluezi<\/em>\u201d<\/p>\n\n\n\n<p>T\u00f6bben elmes\u00e9lt\u00e9k, hogy Marosh\u00e9vizen j\u00e1rtukban bementek egy boltba, \u00e9s az a h\u00f6lgy, aki kiszolg\u00e1lta \u0151ket, nem besz\u00e9lt rom\u00e1nul. Ez is lehets\u00e9ges. De bocs\u00e1ssanak meg, maga alatt v\u00e1gja a f\u00e1t az a h\u00f6lgy, aki nem tud rom\u00e1nul Rom\u00e1nia sz\u00edv\u00e9ben. Aki arra b\u00e1tor\u00edtja \u0151t, hogy ne tanuljon meg rom\u00e1nul rom\u00e1n \u00e1llampolg\u00e1rk\u00e9nt, hib\u00e1zik. Tulajdonk\u00e9ppen mag\u00e1t szigeteli el egy bizonyos f\u00f6ldrajzi ter\u00fcleten. Ha befejezne egy egyetemet Bukarestben, semmi es\u00e9lye nem lenne arra, hogy munk\u00e1t tal\u00e1ljon Bukarestben vagy Ia\u015fiban vagy az orsz\u00e1g m\u00e1s r\u00e9sz\u00e9n. Ez nem valami, ami b\u00fcszkes\u00e9ggel t\u00f6ltene el. Nem tudok rom\u00e1nul besz\u00e9lni Rom\u00e1ni\u00e1ban. Val\u00f3j\u00e1ban, magadat k\u00e1rhoztatod arra, hogy ne fejl\u0151dj.<\/p>\n\n\n\n<p>Sz\u00f6gezz\u00fck le, hogy Marosh\u00e9vizen m\u00e9g v\u00e9letlen\u00fcl sincs egyetlen olyan magyar anyanyelv\u0171 bolti el\u00e1rus\u00edt\u00f3 sem, aki ne tudna rom\u00e1nul. A kisv\u00e1rosban a magyar anyanyelv\u0171ek ar\u00e1nya mind\u00f6ssze 16,94%, \u00e9s a v\u00e1rosban sz\u00e9tsz\u00f3rtan \u00e9lnek. Rom\u00e1ni\u00e1ban \u00f3ri\u00e1si munkaer\u0151hi\u00e1ny miatt elk\u00e9pzelhet\u0151, hogy a k\u00f6zelj\u00f6v\u0151ben \u00e1zsiai vend\u00e9gmunk\u00e1sok fognak bolti elad\u00f3k\u00e9nt dolgozni Marosh\u00e9vizen. A PSD majd \u0151ket is beemeli a kamp\u00e1nyba, mint olyan szem\u00e9lyeket, akik nem tudnak rom\u00e1nul, vagy tov\u00e1bbra is a magyarok maradnak a p\u00e1rt kamp\u00e1nyainak a f\u0151szerepl\u0151i?<\/p>\n\n\n\n<p>A minisztereln\u00f6k a besz\u00e9d\u00e9ben maga is bevallja, hogy val\u00f3j\u00e1ban nem ennek a (neml\u00e9tez\u0151) h\u00f6lgynek \u00fczen, hanem a v\u00e1rossal k\u00f6zvetlen szomsz\u00e9ds\u00e1gban elter\u00fcl\u0151 \u00e9s r\u00e9szben vele azonos adminisztr\u00e1ci\u00f3 al\u00e1 tartoz\u00f3 Sz\u00e9kelyf\u00f6ldnek, \u00e9s a r\u00e9gi\u00f3 saj\u00e1tos szoci\u00e1lis probl\u00e9m\u00e1i miatti felel\u0151ss\u00e9get kiz\u00e1r\u00f3lag az ott nagy sz\u00e1mban \u00e9l\u0151 magyar kisebbs\u00e9g nyak\u00e1ba varrja. (Ez egy olyan p\u00e1rt eln\u00f6k\u00e9t\u0151l, amely mag\u00e1t baloldalinak \u00e9rtelmezi, pl\u00e1ne visszatetsz\u0151.) Felsz\u00f3l\u00edtjuk a minisztereln\u00f6k\u00f6t, hogy ne kamp\u00e1nyoljon a kisebbs\u00e9gek s\u00e9r\u00fcl\u00e9keny szoci\u00e1lis helyzet\u00e9vel, hiszen ezeknek a csoportoknak, k\u00fcl\u00f6n\u00f6s tekintettel a n\u0151kre, szoci\u00e1lis helyzet\u00fck jav\u00edt\u00e1sa, t\u00e1mogat\u00e1sa az \u00e1llam k\u00f6telezetts\u00e9ge, nemzetis\u00e9gt\u0151l f\u00fcggetlen\u00fcl. A besz\u00e9dben elhangzottakkal ellent\u00e9tben, amennyiben egy magyar nemzetis\u00e9g\u0171 \u00e9s magyar anyanyelv\u0171 rom\u00e1n \u00e1llampolg\u00e1r Bukarestben elv\u00e9gez egy egyetemet rom\u00e1n nyelven (mert magyar nyelv\u0171 egyetemi oktat\u00e1s nincs Bukarestben), kiz\u00e1rt, hogy ne tudjon rom\u00e1nul, \u00e9s az is, hogy ne tal\u00e1ljon \u00e1ll\u00e1st.<\/p>\n\n\n\n<p>Amennyiben egy adott r\u00e9gi\u00f3ban egy k\u00f6z\u00f6ss\u00e9g a saj\u00e1t anyanyelv\u00e9t besz\u00e9li, nem jelenti azt, hogy a kisebbs\u00e9gi nyelv haszn\u00e1lat\u00e1val izol\u00e1lja mag\u00e1t a k\u00f6z\u00f6ss\u00e9g. Tulajdonk\u00e9ppen Ciolacu azt szeretn\u00e9 \u00fczenni a rom\u00e1niai magyaroknak, hogy ha lemondan\u00e1nak az anyanyelvhaszn\u00e1lati jogaikr\u00f3l \u00e9s kult\u00far\u00e1jukr\u00f3l, akkor m\u00e1r nem \u00e9ln\u00e9nek izol\u00e1ltan, \u00e9s Rom\u00e1nia egyenrang\u00fa \u00e1llampolg\u00e1raiv\u00e1 v\u00e1ln\u00e1nak, merthogy jelenleg m\u00e1sodrang\u00faak? Mik\u00f6zben Rom\u00e1nia mag\u00e1t egy kisebbs\u00e9gbar\u00e1t orsz\u00e1gnak export\u00e1lja, az orsz\u00e1g minisztereln\u00f6ke nem \u00e9p\u00edtheti a kamp\u00e1ny\u00e1t a sz\u00e9ls\u0151jobbra jellemz\u0151 kisebbs\u00e9gellenes \u00fczenetekre. Egy eur\u00f3pai uni\u00f3s tagorsz\u00e1g minisztereln\u00f6k\u00e9nek sz\u00e1m\u00e1ra a t\u00f6bbnyelv\u0171s\u00e9g mint \u00e9rt\u00e9k kellene megjelenjen egy t\u00f6bbnyelv\u0171 r\u00e9gi\u00f3ban elmondott kamp\u00e1nybesz\u00e9dben, \u00e9s semmik\u00e9ppen nem besz\u00e9lhet egy nemzei kisebbs\u00e9g anyanyelv\u00e9r\u0151l negat\u00edv kontextusban. Vajon mikor t\u00f6rt\u00e9nik meg az, hogy egy rom\u00e1niai politikai p\u00e1rt t\u00f6bbnyelv\u0171s\u00e9gr\u0151l, a multietnikus k\u00f6z\u00f6ss\u00e9g \u00e9rt\u00e9k\u00e9t fogja m\u00e9ltatni egy kamp\u00e1nybesz\u00e9dben, ahelyett, hogy egym\u00e1snak ugrasztan\u00e1 a t\u00f6bbs\u00e9get \u00e9s a kisebbs\u00e9get?<\/p>\n\n\n\n<p>Sz\u00e9kelyf\u00f6ld egy f\u00f6ldrajzi r\u00e9gi\u00f3, amelyet hossz\u00fa \u00e9vsz\u00e1zadok \u00f3ta \u00edgy neveznek az ott \u00e9l\u0151 n\u00e9pek. Vagy tetszik nek\u00fcnk, vagy nem, ez t\u00e9ny. Sajnos sokan azt hiszik, hogy lapos a F\u00f6ld, ett\u0151l m\u00e9g kerek. Ciolacu kamp\u00e1ny\u00fczeneteiben az \u00f6sszes l\u00e9tez\u0151 magyarellenes toposzt felsorakoztatta: a magyar nyelvet mint izol\u00e1ci\u00f3s, elszeg\u00e9ny\u00edt\u0151, h\u00e1tr\u00e1nyos szoci\u00e1lis helyzetet okoz\u00f3 t\u00e9nyez\u0151, a magyarok etnikai szavazata idej\u00e9t m\u00falt, a vegyes h\u00e1zass\u00e1gokban \u00e9s az interetnikus kapcsolatokban a magyar szem\u00e9ly okozhat csak fesz\u00fclts\u00e9get, \u00e9s a szok\u00e1sos &#8220;Sz\u00e9kelyf\u00f6ld\u00f6n nem tudtam kenyeret venni&#8221; c. v\u00e9gtelen\u00fcl unalmas urban legend. \u00dagy t\u0171nik, hogy ezt a v\u00e1laszt\u00e1st Ciolacu a magyarelleness\u00e9ggel szeretn\u00e9 megnyerni. A rom\u00e1n n\u00e9p \u00e9s a v\u00e1laszt\u00f3i enn\u00e9l t\u00f6bbet \u00e9rdemelnek. A magyar k\u00f6z\u00f6ss\u00e9gen bel\u00fcl ezeknek az \u00fczeneteknek egyed\u00fcli haszon\u00e9lvez\u0151je az RMDSZ, aki Ciolacuhoz hasonl\u00f3an idej\u00e9tm\u00falt kamp\u00e1ny\u00fczenetekkel nyeri meg a v\u00e1laszt\u00e1sokat imm\u00e1r 30 \u00e9ve, \u00e9s azt \u00fczeni a magyar szavaz\u00f3knak, hogy &#8220;csak mi tudunk megv\u00e9deni a rom\u00e1nelleness\u00e9gt\u0151l&#8221;.<\/p>\n\n\n\n<p>Ciolacunak az a kijelent\u00e9se biztosan nem igaz, hogy Sz\u00e9kelyf\u00f6ld\u00f6n sosem lett volna auton\u00f3mia, ugyanis m\u00e9g a rom\u00e1n k\u00f6zigazgat\u00e1sban is l\u00e9tezett a Magyar Auton\u00f3m Tartom\u00e1ny, majd a Maros-Magyar Auton\u00f3m Tartom\u00e1ny 1952 \u00e9s 68 k\u00f6z\u00f6tt, \u00e9s a vil\u00e1g m\u00e9gsem d\u0151lt \u00f6ssze, m\u00e9g csak meg se rend\u00fclt.<\/p>\n\n\n\n<p>Az idei szuperv\u00e1laszt\u00e1si \u00e9vben k\u00f6nnyen el\u0151fordulhat, hogy a PSD vagy m\u00e1s p\u00e1rtok vezet\u0151i, jel\u00f6ltjei Erd\u00e9lyben kamp\u00e1nyolnak, \u00e9s ha valamilyen okn\u00e1l fogva besz\u00e9lnek a rom\u00e1niai magyarokr\u00f3l, akkor tisztelettel k\u00e9rj\u00fck, hogy magyar nemzetis\u00e9g\u0171 rom\u00e1n \u00e1llampolg\u00e1roknak nevezz\u00e9k \u0151ket, \u00e9s ne magyar nemzetis\u00e9g\u0171 rom\u00e1noknak.<\/p>\n\n\n\n<p>&#8220;Premierul a mai anun\u0163at c\u0103 nu va accepta excese \u015fi legi care s\u0103 favorizeze anumi\u0163i rom\u00e2ni de alt\u0103 etnie.&#8221;<\/p>\n\n\n\n<p>Sajn\u00e1latos, hogy egy eur\u00f3pai uni\u00f3s tagorsz\u00e1g minisztereln\u00f6ke nem \u00e9rti, nem ismeri a nemzetk\u00f6zi emberjogi \u00e9s kisebbs\u00e9gjogi egyezm\u00e9nyek term\u00e9szet\u00e9t, amelyeknek s\u00e9r\u00fcl\u00e9keny, h\u00e1tr\u00e1nyos helyzet\u0171 csoportok a kedvezm\u00e9nyezettjei, a mi eset\u00fcnkben a Rom\u00e1ni\u00e1ban \u00e9l\u0151 nemzeti kisebbs\u00e9gek sz\u00e1m\u00e1ra tartalmaznak jogokat, amelyek seg\u00edts\u00e9g\u00e9vel javulhat h\u00e1tr\u00e1nyos helyzet\u00fck. Joggal lenne elv\u00e1rhat\u00f3, hogy 30 \u00e9vvel a rendszerv\u00e1lt\u00e1s ut\u00e1n \u00e9s sz\u00e1mos nemzetk\u00f6zi egyezm\u00e9ny ratifik\u00e1ci\u00f3j\u00e1t k\u00f6vet\u0151en Rom\u00e1nia minisztereln\u00f6ke meg\u00e9rtse, hogy vannak olyan t\u00f6rv\u00e9nyek, amelyek h\u00e1tr\u00e1nyos helyzet\u0171 csoportokat, n\u0151ket, gyerekeket, betegs\u00e9ggel, fogyat\u00e9koss\u00e1ggal k\u00fcszk\u00f6d\u0151ket, r\u00e9szes\u00edtenek el\u0151nyben.<\/p>\n\n\n\n<p>V\u00e9gezet\u00fcl szeretn\u00e9nk k\u00e9rni a PSD-t \u00e9s az \u00f6sszes rom\u00e1niai p\u00e1rt k\u00e9pvisel\u0151j\u00e9t, hogy a v\u00e1laszt\u00e1si kamp\u00e1nyuk \u00fczeneteit az orsz\u00e1gban \u00e9l\u0151 nemzeti kisebbs\u00e9geket tiszteletben tart\u00f3 eur\u00f3pai uni\u00f3s tagorsz\u00e1ghoz m\u00e9lt\u00f3an fogalmazz\u00e1k meg, \u00e9s ker\u00fclj\u00e9k a populista t\u00f6bbs\u00e9g-kisebbs\u00e9g k\u00f6z\u00f6tti fesz\u00fclts\u00e9get kelt\u0151 \u00fczeneteket, mint p\u00e9ld\u00e1ul, hogy Rom\u00e1nia a rom\u00e1nok\u00e9, \u00e9s hogy Rom\u00e1ni\u00e1ban mindenki rom\u00e1n.<\/p>\n","protected":false},"excerpt":{"rendered":"<p>Marcel Ciolacu, Rom\u00e1nia minisztereln\u00f6ke \u00e9s a PSD eln\u00f6ke a k\u00f6zelm\u00faltban elkezdte az idei szuperv\u00e1laszt\u00e1si \u00e9v kamp\u00e1ny\u00e1t. Elfogadhatatlannak tartjuk \u00e9s egyben el\u00edt\u00e9lj\u00fck, hogy Rom\u00e1nia minisztereln\u00f6ke az Eur\u00f3pai Uni\u00f3s \u00e9s az euroatlanti \u00e9rt\u00e9kekkel szembemen\u0151 diskurzusra \u00e9p\u00edti a kamp\u00e1ny\u00e1t: az erd\u00e9lyi v\u00e1rosokban eddig lezajlott kamp\u00e1nybesz\u00e9deit r\u00e9szben nacionalista \u00fczenetekre \u00e9p\u00edtette. Macel Ciolacu el\u0151sz\u00f6r janu\u00e1r 27-\u00e9n Szatm\u00e1rn\u00e9metiben, majd febru\u00e1r 23-\u00e1n [&hellip;]<\/p>\n","protected":false},"author":1,"featured_media":0,"comment_status":"closed","ping_status":"open","sticky":false,"template":"","format":"standard","meta":{"_uag_custom_page_level_css":"","footnotes":""},"categories":[17,15],"tags":[],"class_list":["post-3947","post","type-post","status-publish","format-standard","hentry","category-demokratikus-egypartrendszer","category-tiszta-kozelet"],"yoast_head":"<!-- This site is optimized with the Yoast SEO plugin v22.3 - https:\/\/yoast.com\/wordpress\/plugins\/seo\/ -->\n<title>Marcel Ciolacu minisztereln\u00f6k &quot;multietnikus&quot; kamp\u00e1nya - Concerned Citizens csoport<\/title>\n<meta name=\"robots\" content=\"index, follow, max-snippet:-1, max-image-preview:large, max-video-preview:-1\" \/>\n<link rel=\"canonical\" href=\"https:\/\/concernedcitizens.ro\/?p=3947\" \/>\n<meta property=\"og:locale\" content=\"en_US\" \/>\n<meta property=\"og:type\" content=\"article\" \/>\n<meta property=\"og:title\" content=\"Marcel Ciolacu minisztereln\u00f6k &quot;multietnikus&quot; kamp\u00e1nya - Concerned Citizens csoport\" \/>\n<meta property=\"og:description\" content=\"Marcel Ciolacu, Rom\u00e1nia minisztereln\u00f6ke \u00e9s a PSD eln\u00f6ke a k\u00f6zelm\u00faltban elkezdte az idei szuperv\u00e1laszt\u00e1si \u00e9v kamp\u00e1ny\u00e1t. Elfogadhatatlannak tartjuk \u00e9s egyben el\u00edt\u00e9lj\u00fck, hogy Rom\u00e1nia minisztereln\u00f6ke az Eur\u00f3pai Uni\u00f3s \u00e9s az euroatlanti \u00e9rt\u00e9kekkel szembemen\u0151 diskurzusra \u00e9p\u00edti a kamp\u00e1ny\u00e1t: az erd\u00e9lyi v\u00e1rosokban eddig lezajlott kamp\u00e1nybesz\u00e9deit r\u00e9szben nacionalista \u00fczenetekre \u00e9p\u00edtette. Macel Ciolacu el\u0151sz\u00f6r janu\u00e1r 27-\u00e9n Szatm\u00e1rn\u00e9metiben, majd febru\u00e1r 23-\u00e1n [&hellip;]\" \/>\n<meta property=\"og:url\" content=\"https:\/\/concernedcitizens.ro\/?p=3947\" \/>\n<meta property=\"og:site_name\" content=\"Concerned Citizens csoport\" \/>\n<meta property=\"article:published_time\" content=\"2024-02-24T15:01:56+00:00\" \/>\n<meta property=\"article:modified_time\" content=\"2024-03-10T17:01:09+00:00\" \/>\n<meta name=\"author\" content=\"Concerned Citizens\" \/>\n<meta name=\"twitter:card\" content=\"summary_large_image\" \/>\n<meta name=\"twitter:label1\" content=\"Written by\" \/>\n\t<meta name=\"twitter:data1\" content=\"Concerned Citizens\" \/>\n\t<meta name=\"twitter:label2\" content=\"Est. reading time\" \/>\n\t<meta name=\"twitter:data2\" content=\"11 minutes\" \/>\n<!-- \/ Yoast SEO plugin. -->","yoast_head_json":{"title":"Marcel Ciolacu minisztereln\u00f6k \"multietnikus\" kamp\u00e1nya - Concerned Citizens csoport","robots":{"index":"index","follow":"follow","max-snippet":"max-snippet:-1","max-image-preview":"max-image-preview:large","max-video-preview":"max-video-preview:-1"},"canonical":"https:\/\/concernedcitizens.ro\/?p=3947","og_locale":"en_US","og_type":"article","og_title":"Marcel Ciolacu minisztereln\u00f6k \"multietnikus\" kamp\u00e1nya - Concerned Citizens csoport","og_description":"Marcel Ciolacu, Rom\u00e1nia minisztereln\u00f6ke \u00e9s a PSD eln\u00f6ke a k\u00f6zelm\u00faltban elkezdte az idei szuperv\u00e1laszt\u00e1si \u00e9v kamp\u00e1ny\u00e1t. Elfogadhatatlannak tartjuk \u00e9s egyben el\u00edt\u00e9lj\u00fck, hogy Rom\u00e1nia minisztereln\u00f6ke az Eur\u00f3pai Uni\u00f3s \u00e9s az euroatlanti \u00e9rt\u00e9kekkel szembemen\u0151 diskurzusra \u00e9p\u00edti a kamp\u00e1ny\u00e1t: az erd\u00e9lyi v\u00e1rosokban eddig lezajlott kamp\u00e1nybesz\u00e9deit r\u00e9szben nacionalista \u00fczenetekre \u00e9p\u00edtette. Macel Ciolacu el\u0151sz\u00f6r janu\u00e1r 27-\u00e9n Szatm\u00e1rn\u00e9metiben, majd febru\u00e1r 23-\u00e1n [&hellip;]","og_url":"https:\/\/concernedcitizens.ro\/?p=3947","og_site_name":"Concerned Citizens csoport","article_published_time":"2024-02-24T15:01:56+00:00","article_modified_time":"2024-03-10T17:01:09+00:00","author":"Concerned Citizens","twitter_card":"summary_large_image","twitter_misc":{"Written by":"Concerned Citizens","Est. reading time":"11 minutes"},"schema":{"@context":"https:\/\/schema.org","@graph":[{"@type":"Article","@id":"https:\/\/concernedcitizens.ro\/?p=3947#article","isPartOf":{"@id":"https:\/\/concernedcitizens.ro\/?p=3947"},"author":{"name":"Concerned Citizens","@id":"https:\/\/concernedcitizens.ro\/#\/schema\/person\/5a96341ea4f932a6bbd61bd76d51dcf8"},"headline":"Marcel Ciolacu minisztereln\u00f6k &#8220;multietnikus&#8221; kamp\u00e1nya","datePublished":"2024-02-24T15:01:56+00:00","dateModified":"2024-03-10T17:01:09+00:00","mainEntityOfPage":{"@id":"https:\/\/concernedcitizens.ro\/?p=3947"},"wordCount":2197,"publisher":{"@id":"https:\/\/concernedcitizens.ro\/#organization"},"articleSection":["Demokratikus egyp\u00e1rtrendszer","Tiszta k\u00f6z\u00e9let"],"inLanguage":"en-US"},{"@type":"WebPage","@id":"https:\/\/concernedcitizens.ro\/?p=3947","url":"https:\/\/concernedcitizens.ro\/?p=3947","name":"Marcel Ciolacu minisztereln\u00f6k \"multietnikus\" kamp\u00e1nya - Concerned Citizens csoport","isPartOf":{"@id":"https:\/\/concernedcitizens.ro\/#website"},"datePublished":"2024-02-24T15:01:56+00:00","dateModified":"2024-03-10T17:01:09+00:00","breadcrumb":{"@id":"https:\/\/concernedcitizens.ro\/?p=3947#breadcrumb"},"inLanguage":"en-US","potentialAction":[{"@type":"ReadAction","target":["https:\/\/concernedcitizens.ro\/?p=3947"]}]},{"@type":"BreadcrumbList","@id":"https:\/\/concernedcitizens.ro\/?p=3947#breadcrumb","itemListElement":[{"@type":"ListItem","position":1,"name":"Home","item":"https:\/\/concernedcitizens.ro\/"},{"@type":"ListItem","position":2,"name":"Marcel Ciolacu minisztereln\u00f6k &#8220;multietnikus&#8221; kamp\u00e1nya"}]},{"@type":"WebSite","@id":"https:\/\/concernedcitizens.ro\/#website","url":"https:\/\/concernedcitizens.ro\/","name":"Concerned Citizens csoport","description":"","publisher":{"@id":"https:\/\/concernedcitizens.ro\/#organization"},"potentialAction":[{"@type":"SearchAction","target":{"@type":"EntryPoint","urlTemplate":"https:\/\/concernedcitizens.ro\/?s={search_term_string}"},"query-input":"required name=search_term_string"}],"inLanguage":"en-US"},{"@type":"Organization","@id":"https:\/\/concernedcitizens.ro\/#organization","name":"Concerned Citizens csoport","url":"https:\/\/concernedcitizens.ro\/","logo":{"@type":"ImageObject","inLanguage":"en-US","@id":"https:\/\/concernedcitizens.ro\/#\/schema\/logo\/image\/","url":"https:\/\/concernedcitizens.ro\/wp-content\/uploads\/2024\/02\/concerned_citizens-1.webp","contentUrl":"https:\/\/concernedcitizens.ro\/wp-content\/uploads\/2024\/02\/concerned_citizens-1.webp","width":589,"height":616,"caption":"Concerned Citizens csoport"},"image":{"@id":"https:\/\/concernedcitizens.ro\/#\/schema\/logo\/image\/"}},{"@type":"Person","@id":"https:\/\/concernedcitizens.ro\/#\/schema\/person\/5a96341ea4f932a6bbd61bd76d51dcf8","name":"Concerned Citizens","image":{"@type":"ImageObject","inLanguage":"en-US","@id":"https:\/\/concernedcitizens.ro\/#\/schema\/person\/image\/","url":"https:\/\/secure.gravatar.com\/avatar\/cc17af2fb15212257c85ce2881aa24988b8104bec600d1068ccdf8c9b04bea11?s=96&d=mm&r=g","contentUrl":"https:\/\/secure.gravatar.com\/avatar\/cc17af2fb15212257c85ce2881aa24988b8104bec600d1068ccdf8c9b04bea11?s=96&d=mm&r=g","caption":"Concerned Citizens"},"sameAs":["https:\/\/concernedcitizens.ro"],"url":"https:\/\/concernedcitizens.ro\/?author=1"}]}},"uagb_featured_image_src":{"full":false,"thumbnail":false,"medium":false,"medium_large":false,"large":false,"1536x1536":false,"2048x2048":false},"uagb_author_info":{"display_name":"Concerned Citizens","author_link":"https:\/\/concernedcitizens.ro\/?author=1"},"uagb_comment_info":0,"uagb_excerpt":"Marcel Ciolacu, Rom\u00e1nia minisztereln\u00f6ke \u00e9s a PSD eln\u00f6ke a k\u00f6zelm\u00faltban elkezdte az idei szuperv\u00e1laszt\u00e1si \u00e9v kamp\u00e1ny\u00e1t. Elfogadhatatlannak tartjuk \u00e9s egyben el\u00edt\u00e9lj\u00fck, hogy Rom\u00e1nia minisztereln\u00f6ke az Eur\u00f3pai Uni\u00f3s \u00e9s az euroatlanti \u00e9rt\u00e9kekkel szembemen\u0151 diskurzusra \u00e9p\u00edti a kamp\u00e1ny\u00e1t: az erd\u00e9lyi v\u00e1rosokban eddig lezajlott kamp\u00e1nybesz\u00e9deit r\u00e9szben nacionalista \u00fczenetekre \u00e9p\u00edtette. Macel Ciolacu el\u0151sz\u00f6r janu\u00e1r 27-\u00e9n Szatm\u00e1rn\u00e9metiben, majd febru\u00e1r 23-\u00e1n&hellip;","_links":{"self":[{"href":"https:\/\/concernedcitizens.ro\/index.php?rest_route=\/wp\/v2\/posts\/3947","targetHints":{"allow":["GET"]}}],"collection":[{"href":"https:\/\/concernedcitizens.ro\/index.php?rest_route=\/wp\/v2\/posts"}],"about":[{"href":"https:\/\/concernedcitizens.ro\/index.php?rest_route=\/wp\/v2\/types\/post"}],"author":[{"embeddable":true,"href":"https:\/\/concernedcitizens.ro\/index.php?rest_route=\/wp\/v2\/users\/1"}],"replies":[{"embeddable":true,"href":"https:\/\/concernedcitizens.ro\/index.php?rest_route=%2Fwp%2Fv2%2Fcomments&post=3947"}],"version-history":[{"count":13,"href":"https:\/\/concernedcitizens.ro\/index.php?rest_route=\/wp\/v2\/posts\/3947\/revisions"}],"predecessor-version":[{"id":4256,"href":"https:\/\/concernedcitizens.ro\/index.php?rest_route=\/wp\/v2\/posts\/3947\/revisions\/4256"}],"wp:attachment":[{"href":"https:\/\/concernedcitizens.ro\/index.php?rest_route=%2Fwp%2Fv2%2Fmedia&parent=3947"}],"wp:term":[{"taxonomy":"category","embeddable":true,"href":"https:\/\/concernedcitizens.ro\/index.php?rest_route=%2Fwp%2Fv2%2Fcategories&post=3947"},{"taxonomy":"post_tag","embeddable":true,"href":"https:\/\/concernedcitizens.ro\/index.php?rest_route=%2Fwp%2Fv2%2Ftags&post=3947"}],"curies":[{"name":"wp","href":"https:\/\/api.w.org\/{rel}","templated":true}]}}