{"id":149,"date":"2024-01-12T19:46:48","date_gmt":"2024-01-12T19:46:48","guid":{"rendered":"https:\/\/concernedcitizens.ro\/?p=149"},"modified":"2024-03-03T19:22:26","modified_gmt":"2024-03-03T19:22:26","slug":"valami-uj-anyag","status":"publish","type":"post","link":"https:\/\/concernedcitizens.ro\/?p=149","title":{"rendered":"Elemz\u00e9s \u00e9s komment\u00e1rok a &#8220;Vigy\u00e1zat, a p\u00e9nzcsapok z\u00e1rulnak&#8221; c. 2024. janu\u00e1r 4-i Transtelex cikk kapcs\u00e1n"},"content":{"rendered":"\n<div class=\"wp-block-group normal-szoveg has-global-padding is-layout-constrained wp-block-group-is-layout-constrained\">\n<p><\/p>\n\n\n\n<p>Az elemzett cikket <a href=\"https:\/\/transtelex.ro\/kozelet\/2024\/01\/04\/kozelet-rmdsz-fidesz-roman-kormnykoalicio-legek-2023\">itt lehet el\u00e9rni<\/a>, az elemz\u00e9s el\u0151tt \u00e9rdemes v\u00e9gigolvasni egyben, eredeti megjelen\u00e9s\u00e9nek hely\u00e9n.<\/p>\n\n\n\n<h3 class=\"wp-block-heading\">H\u00e1tt\u00e9r<\/h3>\n\n\n\n<p>A rom\u00e1niai magyar m\u00e9di\u00e1ban \u00e9s a rom\u00e1niai magyar elitk\u00f6r\u00f6kben elterjedt egy jelens\u00e9g, egy olyan diskurzus, amely a rom\u00e1niai magyar k\u00f6z\u00f6ss\u00e9get, mint homog\u00e9n egys\u00e9get destrukt\u00edv kritik\u00e1val illeti. A rom\u00e1niai magyar k\u00f6z\u00f6ss\u00e9g ir\u00e1ny\u00e1ban megfogalmazott toxikus kritika mellett a m\u00e1sik gyakran \u00f3cs\u00e1rolt k\u00f6z\u00f6ss\u00e9g a t\u00f6mbmagyars\u00e1g, pontosabban a sz\u00e9kelyek. Ez ut\u00f3bbiak a k\u00f6zszolg\u00e1lati \u00e9s nem k\u00f6zszolg\u00e1lati magyar nyelv\u0171 m\u00e9di\u00e1ban folyamatosan egy s\u00f6t\u00e9t, fejl\u0151dni nem akar\u00f3, elszeg\u00e9nyedett z\u00e1rv\u00e1nyk\u00e9nt vannak megjelen\u00edtve. Viszonylag friss p\u00e9lda a gyergy\u00f3remetei <a href=\"https:\/\/transtelex.ro\/kozelet\/2023\/12\/13\/gyergyoremete-nagyberuhazasok-riport\">riportb\u00f3l<\/a> a Vig Emese Transtelex f\u0151szerkeszt\u0151 \u00e1ltal a sz\u00e9kelyf\u00f6ldi r\u00e9gi\u00f3ra haszn\u00e1lt kifejez\u00e9s: \u201ca z\u00e1rv\u00e1nyszer\u0171 m\u0171k\u00f6d\u00e9s\u201d. \u00c9rtelmetlen \u00e9s elfogadhatatlan egy r\u00e9gi\u00f3t \u201cz\u00e1rv\u00e1nynak\u201d nevezni csup\u00e1n az\u00e9rt, mert a rom\u00e1niai \u00e1tlagn\u00e1l homog\u00e9nebb m\u00f3don legink\u00e1bb egy nyelvi \/ etnikai kisebbs\u00e9g \u00e1ltal lakott. A vil\u00e1g sz\u00e1mos r\u00e9sz\u00e9n l\u00e9teznek olyan vid\u00e9kek, ahol nagy sz\u00e1mban \u00e9lnek kisebbs\u00e9gek, Sz\u00e9kelyf\u00f6ld\u00f6n nem az\u00e9rt \u00e9lnek t\u00f6bbs\u00e9g\u00e9ben magyarok, mert a sz\u00e9kelyek odamentek, \u00e9s el\u00fcld\u00f6zt\u00e9k az ott lak\u00f3 t\u00f6bbieket, hanem az\u00e9rt, mert ez \u00edgy alakult az elm\u00falt \u00e9vsz\u00e1zadok sor\u00e1n, ezek organikusan alakult r\u00e9gi\u00f3k. Erd\u00e9ly m\u00e1s r\u00e9szein \u00e9s a Partiumban is voltak t\u00f6mbmagyar r\u00e9szek, de Ceau\u0219escu intenz\u00edv betelep\u00edt\u00e9si politik\u00e1j\u00e1nak k\u00f6vetkezt\u00e9ben ezekben a r\u00e9gi\u00f3kban az etnikai ar\u00e1nyok nagym\u00e9rt\u00e9kben megv\u00e1ltoztak. A t\u00f6mbmagyar r\u00e9sz, amelyet toxikus m\u00f3don z\u00e1rv\u00e1nyk\u00e9nt jellemeznek egyes \u00fajs\u00e1g\u00edr\u00f3k, a betelep\u00edt\u00e9s-politika \u00fctemterve szerint a legutols\u00f3 szakaszban ker\u00fclt volna megbont\u00e1sra, mivel ez a r\u00e9gi\u00f3 volt f\u00f6ldrajzilag legk\u00f6zelebb Bukaresthez. Vagyis a mostani magyar t\u00f6bbs\u00e9g\u0171 sz\u00e9kelyf\u00f6ldi r\u00e9gi\u00f3 nem a sz\u00e9kelyek gett\u00f3sod\u00e1si sz\u00e1nd\u00e9ka nyom\u00e1n alakult ki, hanem az\u00e9rt l\u00e9tezik, mert szinte egyed\u00fclik\u00e9nt t\u00fal\u00e9lte a kommunista diktat\u00far\u00e1t. A nemzetk\u00f6zi \u00e9s hazai kisebbs\u00e9gi jog ma m\u00e1r egys\u00e9gesen el\u00edt\u00e9li a tervezett betelep\u00edt\u00e9st kisebbs\u00e9gi etnikai ar\u00e1nyok megv\u00e1ltoztat\u00e1sa c\u00e9lj\u00e1b\u00f3l, azaz, azzal kiragadni egy r\u00e9gi\u00f3t \u201ca z\u00e1rv\u00e1ny \u00e1llapot\u00e1b\u00f3l\u201d, hogy oda t\u00f6bbs\u00e9gieket telep\u00edt az \u00e1llam, durva gyarmatos\u00edt\u00e1snak sz\u00e1m\u00edtana, \u00e9s \u00e9ppen az ilyen reflexek miatt, egy kisebbs\u00e9gek \u00e1ltal lakott r\u00e9gi\u00f3t a l\u00e9t\u00e9nek puszta ok\u00e1n negat\u00edv jelz\u0151kkel illetni szakmailag \u00e9s emberileg is etik\u00e1tlan, destrukt\u00edv \u00e9s el\u00edt\u00e9lend\u0151. Ugyan\u00fagy, ahogy az elm\u00falt 3 \u00e9vtizedben az eur\u00f3pai rom\u00e1k kiv\u00edvt\u00e1k maguknak azt a jogot, hogy a k\u00f6z\u00f6ss\u00e9get \u201croma\u201d n\u00e9vvel illess\u00e9k, mivel a \u201ccig\u00e1ny\u201d sz\u00f3hoz nagyon sok negat\u00edv, destrukt\u00edv, sztereotip el\u0151\u00edt\u00e9let k\u00f6t\u0151d\u00f6tt minden orsz\u00e1gban, ideje lenne a rom\u00e1niai magyar m\u00e9dia mag\u00e1t progressz\u00edvnek tekint\u0151 munkat\u00e1rsainak megtanulni semleges kifejez\u00e9seket haszn\u00e1lni a magyar kisebbs\u00e9g eset\u00e9ben is, \u00e9s amennyiben a z\u00e1rv\u00e1ny sz\u00f3t haszn\u00e1lj\u00e1k, ez ne takarjon egy ok n\u00e9lk\u00fcli negat\u00edv jelent\u00e9st, hanem t\u00e9nymeg\u00e1llap\u00edt\u00e1st tartalmazzon: azt, hogy ott legink\u00e1bb rom\u00e1niai magyarok \u00e9s magyarul besz\u00e9l\u0151 rom\u00e1k \u00e9lnek, \u00e9s ez \u00f6nmag\u00e1ban nem jelenti azt, hogy az ott \u00e9l\u0151 emberek s\u00f6t\u00e9tebbek, csak mert nem lakik a szomsz\u00e9djukban annyi t\u00f6bbs\u00e9gi, rom\u00e1n etnikum\u00fa ember, mint az orsz\u00e1g m\u00e1s r\u00e9szein. Mi\u00e9rt gondolja Vig Emese Transtelex f\u0151szerkeszt\u0151, hogy a z\u00e1rv\u00e1nyvid\u00e9k ab ovo egy negat\u00edv, el\u00edt\u00e9lend\u0151 valami?<\/p>\n\n\n\n<p>Etnikai \u00e9rtelemben a \u201cz\u00e1rv\u00e1ny\u201d sz\u00f3t akkor kezdte haszn\u00e1lni az amerikai szociol\u00f3giai szakirodalom (\u201cetnikai alapon szervez\u0151d\u0151 z\u00e1rv\u00e1ny &#8211; gett\u00f3\u201d), amikor az amerikai v\u00e1rosok elhagyatott, lepusztultabb r\u00e9szeibe, ahonnan elk\u00f6lt\u00f6ztek a kor\u00e1bbi lak\u00f3k, els\u0151 gener\u00e1ci\u00f3s bev\u00e1ndorl\u00f3k k\u00f6lt\u00f6ztek be, ezt nevezt\u00e9k etnikai alapon szervez\u0151d\u0151 z\u00e1rv\u00e1nyoknak. Vig Emese el\u0151szeretettel haszn\u00e1lja az ehhez hasonl\u00f3 kifejez\u00e9seket, pedig ennek semmilyen tudom\u00e1nyos alapja nincs, \u00e9s nem etikus a kiv\u00e9telezett helyzet\u00e9t arra haszn\u00e1lnia, hogy a saj\u00e1t, vagy esetleg sz\u0171kebb k\u00f6reinek el\u0151\u00edt\u00e9letes n\u00e9zeteit megpr\u00f3b\u00e1lja standardiz\u00e1lni a hazai \u00e9s magyarorsz\u00e1gi olvas\u00f3i k\u00f6r\u00e9ben.<\/p>\n\n\n\n<p>Pozit\u00edv p\u00e9lda a z\u00e1rv\u00e1ny sz\u00f3 haszn\u00e1lat\u00e1ra a Transtelex \u00e1ltal leford\u00edtott <a href=\"https:\/\/transtelex.ro\/zold\/2023\/10\/23\/europa-yellowstoneja-guardian-romania-termeszetvedelmi-terulet\">Guardian cikk<\/a>.<\/p>\n\n\n\n<p>Ha semleges meg\u00e1llap\u00edt\u00e1sokr\u00f3l, nem pedig ny\u00edlt vagy burkolt negat\u00edv \u00e9rt\u00e9k\u00edt\u00e9letekr\u0151l besz\u00e9ln\u00e9nk is: \u00f6sszess\u00e9g\u00e9ben kev\u00e9s olyan tal\u00e1lat van m\u00e1s olyan orsz\u00e1gok m\u00e9diaterm\u00e9keiben, ahol t\u00f6bb k\u00f6z\u00f6ss\u00e9g \u00e9l egy\u00fctt, hogy \u201cIrish people\u201d, \u201cthe Scots\u201d, \u201cCatalans\u201d, ez nem v\u00e9letlen, ugyanis probl\u00e9m\u00e1s \u00e9s el\u00e9g neh\u00e9z etnikai k\u00f6z\u00f6ss\u00e9geket \u00e1ltal\u00e1nos \u00e9rv\u00e9ny\u0171 kijelent\u00e9ssel jellemezni, pl\u00e1ne, ha ekkora m\u00e9ret\u0171ek, viszont a Transtelexen el\u00e9g sokszor visszak\u00f6sz\u00f6nnek a \u201crommagyar\u201d, \u201cerd\u00e9lyi magyarok\u201d kifejez\u00e9sek. A kisebbs\u00e9gi jogok eset\u00e9ben viszont lehetne ilyen kateg\u00f3ri\u00e1kr\u00f3l besz\u00e9lni, \u00e9s az esetben fontos is lenne egys\u00e9ges k\u00f6z\u00f6ss\u00e9gk\u00e9nt besz\u00e9lni a rom\u00e1niai magyarokr\u00f3l, hiszen a jogok a k\u00f6z\u00f6ss\u00e9g minden tagj\u00e1t egyar\u00e1nt illetik meg, de a k\u00f6z\u00f6ss\u00e9g jellemz\u0151it m\u00e1r nem lehet \u00e1ltal\u00e1nos\u00edt\u00f3 kijelent\u00e9sekbe beleszuszakolni. Negat\u00edv \u00e9rt\u00e9k\u00edt\u00e9letek eset\u00e9n pedig, az ilyenfajta destrukt\u00edv t\u00e1rgyal\u00e1sm\u00f3dot nem alkalmazz\u00e1k m\u00e1s k\u00f6z\u00f6ss\u00e9gekben, m\u00e9g t\u00f6bbs\u00e9gi k\u00f6z\u00f6ss\u00e9gekben sem, \u00e9s sehol sem m\u0171k\u00f6dik.<\/p>\n\n\n\n<p>Olyan cikkekkel, interj\u00fakkal, amelyekben ilyen sztereotip kifejez\u00e9sek szerepelnek, kiz\u00e1r\u00f3lag a bulv\u00e1r\u00fajs\u00e1gokban tal\u00e1lkozunk. Egy olyan m\u00e9dium eset\u00e9ben viszont, amely nemzetk\u00f6zi finansz\u00edroz\u00e1s\u00fa projekteket implement\u00e1l (EU-s \u00e9s m\u00e1s donorok), k\u00f6telez\u0151 m\u00f3don figyelni kell arra, hogy kiemelten fontos elv\u00e1r\u00e1s a donorok r\u00e9sz\u00e9r\u0151l, hogy a biased thinking \/ el\u0151\u00edt\u00e9letes gondolkod\u00e1s <em>ellen<\/em> l\u00e9pjenek fel a t\u00e1mogat\u00e1s haszon\u00e9lvez\u0151i a m\u00e9di\u00e1ban, \u00e9s megengedhetetlen, hogy a m\u00e9diumok maguk gyakorolj\u00e1k azt, pl\u00e1ne, ha kisebbs\u00e9gi nyelven \u00edrnak, \u00e9s kisebbs\u00e9gekr\u0151l tud\u00f3s\u00edtanak. Ett\u0151l f\u00fcggetlen\u00fcl is, m\u00e1r nagyon r\u00e9gen nem tal\u00e1lkozunk olyan cikkekkel a progressz\u00edv m\u00e9di\u00e1ban, ahol a cig\u00e1nyok nyak\u00e1ba varrn\u00e1k azt, hogy gett\u00f3ban \u00e9lnek \u00e9s nyomorognak. J\u00f3 lenne, ha a rom\u00e1niai magyar \u00e1ll\u00edt\u00f3lagos progressz\u00edv m\u00e9dia is tiszteletteljesen \u00e9s korrekt m\u00f3don jellemezn\u00e9 a rom\u00e1niai magyarokat is, \u00e9s kimozduln\u00e1nak abb\u00f3l a v\u00e9gtelen\u00fcl arrog\u00e1ns poz\u00edci\u00f3b\u00f3l, ami szerint nekik f\u00f6l\u00f6tt\u00fck \u00e1ll\u00f3k\u00e9nt joguk van el\u00edt\u00e9lni egy k\u00f6z\u00f6ss\u00e9get. Ugyanakkor a politikailag korrekt m\u00e9dianyelv nem z\u00e1rja ki a kritikai megk\u00f6zel\u00edt\u00e9st, ha olyan eseteket mutat be, amelyekr\u0151l van \u00e9rv\u00e9nyes, nem \u00f6nc\u00e9l\u00faan destrukt\u00edv mondanival\u00f3ja a szerz\u0151knek.<\/p>\n\n\n\n<p>Figyelembe kell venni, hogy a rom\u00e1niai magyar k\u00f6z\u00f6ss\u00e9g egy etnikai kisebbs\u00e9g, ennek sz\u00e1mos h\u00e1tr\u00e1nyos jellemz\u0151j\u00e9vel egy\u00fctt. Az orsz\u00e1gban l\u00e9tezik int\u00e9zm\u00e9nyes\u00edtett diszkrimin\u00e1ci\u00f3 az \u00e1llami int\u00e9zm\u00e9nyekben, a munkaer\u0151piacon, az oktat\u00e1sban, a rom\u00e1niai magyar m\u00e9dia \u00e9s a t\u00e1rsadalomkutat\u00f3k erre kiemelten kellene figyeljenek, \u00e9s sz\u00e1mos olyan tud\u00f3s\u00edt\u00e1ssal kellene tal\u00e1lkozzunk, amelyek a rom\u00e1niai magyarokat \u00e9rt h\u00e1tr\u00e1nyos megk\u00fcl\u00f6nb\u00f6ztet\u00e9st tematiz\u00e1lj\u00e1k. Nem csak a t\u00f6bbi rom\u00e1niai kisebbs\u00e9get, p\u00e9ld\u00e1ul a rom\u00e1kat \u00e9ri diszkrimin\u00e1ci\u00f3, hanem a rom\u00e1niai magyar k\u00f6z\u00f6ss\u00e9get is \u00e9ri diszkrimin\u00e1ci\u00f3, de a rendszeresen megjelen\u0151 k\u00f6z\u00f6ss\u00e9get \u00e9rt kritik\u00e1k mellett nem tal\u00e1lunk olyan anyagokat, amelyek felt\u00e1rn\u00e1nak int\u00e9zm\u00e9nyes\u00edtett diszkrimin\u00e1ci\u00f3t. Vajon mikor v\u00e1lt tabuv\u00e1 a rom\u00e1niai magyarokat \u00e9rt diszkrimin\u00e1ci\u00f3, jogs\u00e9rt\u00e9sek \u00e1br\u00e1zol\u00e1sa a rom\u00e1niai magyar m\u00e9di\u00e1ban? Pedig ha az \u00e1ll\u00edt\u00f3lagos progressz\u00edv m\u00e9dia p\u00e9ld\u00e1ul a rom\u00e1niai magyarokat \u00e9rt munkaer\u0151piaci diszkrimin\u00e1ci\u00f3r\u00f3l tervezne \u00edrni egy sorozatot, arra biztosan lehetne tal\u00e1lni EU-s forr\u00e1sokat. Egy ilyen projektnek a felt\u00e9tele viszont az, hogy a rom\u00e1niai magyar, mag\u00e1t szabadnak \u00e9s progressz\u00edvnek tekint\u0151 sajt\u00f3 szerkeszt\u0151i, munkat\u00e1rsai l\u00e1ss\u00e1k azt, hogy hogyan \u00e9l a val\u00f3s\u00e1gban a rom\u00e1niai magyar k\u00f6z\u00f6ss\u00e9g, milyen gondokkal k\u00fczdenek a k\u00fcl\u00f6nb\u00f6z\u0151 r\u00e9gi\u00f3kban, mert lehet, hogy mindezek az \u0151ket k\u00f6r\u00fclvev\u0151 k\u00f6zegben nem \u00e9rz\u00e9kelhet\u0151k, \u00e9s mindenek felett, felismerj\u00e9k a diszkrimin\u00e1ci\u00f3t, legyenek tiszt\u00e1ban annak megjelen\u00e9si form\u00e1ival \u00e9s t\u00f6rv\u00e9nyes h\u00e1tter\u00e9vel. Az, hogy egy kisebbs\u00e9get a saj\u00e1t m\u00e9di\u00e1ja folyamatosan m\u00f3szerolja, egyed\u00fcl\u00e1ll\u00f3 a vil\u00e1gban, mert a gyakorlat az, hogy a kisebbs\u00e9gi m\u00e9dia a saj\u00e1t k\u00f6z\u00f6ss\u00e9g\u00e9vel empatikus, \u00e9s a saj\u00e1t k\u00f6z\u00f6ss\u00e9g\u00e9ben zajl\u00f3 h\u00e1tr\u00e1nyos helyzeteket felt\u00e1r\u00f3 anyagokat jelentet meg, nem v\u00e9letlen\u00fcl, \u00e9s az is egyed\u00fcl\u00e1ll\u00f3, hogy a kisebbs\u00e9g progressz\u00edv m\u00e9di\u00e1ja rendszerint a k\u00f6z\u00f6ss\u00e9gre nem demokratikus m\u00f3don r\u00e1telep\u00fclt politikai vezet\u0151kkel szolid\u00e1ris, a k\u00f6z\u00f6ss\u00e9g ellen\u00e9ben.<\/p>\n\n\n\n<div class=\"wp-block-group has-background has-global-padding is-layout-constrained wp-container-core-group-is-layout-45f0a7f1 wp-block-group-is-layout-constrained\" style=\"border-width:1px;border-radius:10px;background-color:#659de0;margin-top:var(--wp--preset--spacing--10);margin-bottom:var(--wp--preset--spacing--10);padding-top:var(--wp--preset--spacing--10);padding-right:var(--wp--preset--spacing--10);padding-bottom:var(--wp--preset--spacing--10);padding-left:var(--wp--preset--spacing--10)\">\n<p><em>A fejlett demokr\u00e1ci\u00e1k egyik jellemz\u0151je a tiszta k\u00f6z\u00e9let. A tiszta k\u00f6z\u00e9let a politikai, korm\u00e1nyzati, igazgat\u00e1si int\u00e9zm\u00e9nyek \u00e9s szem\u00e9lyek olyan magatart\u00e1sa (szok\u00e1sai, elj\u00e1r\u00e1sai), amelyek egyar\u00e1nt megfelelnek a jogi k\u00f6vetelm\u00e9nyeknek \u00e9s az erk\u00f6lcsi norm\u00e1knak.<\/em><\/p>\n\n\n\n<p><em>Csoportunk (Concerned Citizens, a.m. \u201cagg\u00f3d\u00f3 polg\u00e1rok\u201d, a tov\u00e1bbiakban C.C. csoportk\u00e9nt r\u00f6vid\u00edtve) az\u00e9rt j\u00f6tt l\u00e9tre, hogy tev\u00e9kenys\u00e9g\u00e9vel hozz\u00e1j\u00e1ruljon a rom\u00e1niai (ezen bel\u00fcl a rom\u00e1niai magyar) k\u00f6z\u00e9let tisztas\u00e1g\u00e1nak megszil\u00e1rdul\u00e1s\u00e1hoz. C\u00e9lkit\u0171z\u00e9seinket els\u0151sorban a k\u00f6z\u00e9leti szerepl\u0151k monitoriz\u00e1l\u00e1s\u00e1n kereszt\u00fcl, elemz\u00e9sek, jelent\u00e9sek, h\u00e1tt\u00e9ranyagok \u00f6ssze\u00e1ll\u00edt\u00e1s\u00e1val szeretn\u00e9nk el\u00e9rni.<\/em><\/p>\n<\/div>\n\n\n\n<p>Mivel a \u201c<a href=\"https:\/\/transtelex.ro\/kozelet\/2024\/01\/04\/kozelet-rmdsz-fidesz-roman-kormnykoalicio-legek-2023\">Vigy\u00e1zat, a p\u00e9nzcsapok z\u00e1rulnak<\/a>\u201d c. Vig Emese &#8211; T\u0151k\u00e9s Hunor \u00e9vv\u00e9gi \u00f6sszes\u00edt\u0151 cikke nem mer\u00edti ki a progressz\u00edv m\u00e9dia tartalmi krit\u00e9riumrendszer\u00e9t, ann\u00e1l ink\u00e1bb \u00f6nc\u00e9l\u00faan vegz\u00e1lja a rom\u00e1niai magyar k\u00f6z\u00f6ss\u00e9get, indul\u00f3 projekt\u00fcnk els\u0151 elemz\u00e9s\u00e9hez ezt v\u00e1lasztottuk. A cikk elemzend\u0151 r\u00e9szeit bem\u00e1soltuk a jelen elemz\u00e9s sz\u00f6vegtest\u00e9be, a <mark style=\"background-color:#ffffff\" class=\"has-inline-color\">hi\u00e1nyz\u00f3 r\u00e9szeket jel\u00f6lt\u00fck<\/mark>. <mark style=\"background-color:#d3d3d3\" class=\"has-inline-color\">Az elemz\u00e9seinket, komment\u00e1rjainkat sz\u00fcrke h\u00e1tt\u00e9rrel \u00e9kelt\u00fck be a sz\u00f6vegbe.<\/mark><\/p>\n<\/div>\n\n\n\n<div class=\"wp-block-group vendeg-szoveg has-global-padding is-layout-constrained wp-block-group-is-layout-constrained\">\n<h2 class=\"wp-block-heading\"><strong>Vigy\u00e1zat, a p\u00e9nzcsapok z\u00e1rulnak! \u2013 2023 az egyik legsz\u0171kebb esztendeje volt a Bukarest \u00e9s Budapest k\u00f6z\u00e9 szorult magyars\u00e1gnak<\/strong><\/h2>\n\n\n\n<p>Vig Emese, T\u0151k\u00e9s Hunor<\/p>\n\n\n\n<p><strong>Annak ellen\u00e9re, hogy nagy rem\u00e9nyekkel indult az \u00e9v, sok projektet takar\u00e9kl\u00e1ngra kellett \u00e1ll\u00edtani: Bukarest \u00e9s Budapest k\u00f6z\u00f6tt a sz\u00e9k al\u00e1 esett az RMDSZ, a magyarorsz\u00e1gi t\u00e1mogat\u00e1sok is alig csordog\u00e1ltak az elm\u00falt \u00e9vben, a korm\u00e1nykoal\u00edci\u00f3b\u00f3l val\u00f3 t\u00e1voz\u00e1ssal pedig a legfontosabb p\u00e9nzforr\u00e1st\u00f3l is elesett a sz\u00f6vets\u00e9g.<\/strong><\/p>\n<\/div>\n\n\n\n<div class=\"wp-block-group normal-szoveg kozbeekeles-1 has-global-padding is-layout-constrained wp-block-group-is-layout-constrained\">\n<p>A c\u00edmben a magyar k\u00f6z\u00f6ss\u00e9g esett a padl\u00f3ra 2023-ban, az intr\u00f3ban m\u00e1r az RMDSZ.<\/p>\n\n\n\n<p>Az sem vil\u00e1gos, hogy a Transtelex szerint a felsoroltak, a padl\u00f3ra ker\u00fcl\u00e9s \u00e9s a magyarorsz\u00e1gi t\u00e1mogat\u00e1sok cs\u00f6kken\u00e9se rossz h\u00edrek-e. Az eddigi mondatok gy\u00e1szos jelleg\u00e9b\u0151l \u00fagy t\u0171nik, hogy ezek rossz h\u00edrek.<\/p>\n\n\n\n<p>Ha az RMDSZ padl\u00f3ra ker\u00fcl\u00e9se rossz h\u00edr, az nehezen \u00f6sszevethet\u0151 azzal, hogy a Transtelex szerkeszt\u0151s\u00e9ge azt deklar\u00e1lja, hogy \u0151k m\u00e1r nem p\u00e1rtlap, hanem egy f\u00fcggetlen m\u00e9dium, \u00e9s hossz\u00fa \u00e9vtizedek ut\u00e1n v\u00e9gre nem az RMDSZ finansz\u00edroz\u00e1s\u00e1b\u00f3l tartj\u00e1k fenn a port\u00e1lt. M\u00e9gis ritk\u00e1n siker\u00fcl a Transtelexnek az RMDSZ szempontrendszer\u00e9t\u0151l elt\u00e9r\u0151en elemezni a rom\u00e1niai magyar k\u00f6z\u00e9letet.<\/p>\n\n\n\n<p>Att\u00f3l m\u00e9g, hogy az RMDSZ folyamatosan azt mantr\u00e1zza a k\u00f6z\u00f6ss\u00e9gnek, hogy ha \u0151k nincsenek korm\u00e1nyon, mindenki meghal, a mag\u00e1t f\u00fcggetlen, progressz\u00edv \u00e9s men\u0151 sajt\u00f3org\u00e1numnak tart\u00f3 Transtelex nem felt\u00e9tlen\u00fcl kellene ezt teljes m\u00e9rt\u00e9kben interioriz\u00e1lja. M\u00e9g nem tal\u00e1lkoztunk olyan \u00edr\u00e1ssal, v\u00e9lem\u00e9nycikkel, amely azt taglalta volna, hogy RMDSZ n\u00e9lk\u00fcl is lehets\u00e9ges \u00e9let a F\u00f6ld\u00f6n.<\/p>\n\n\n\n<p>Nem vil\u00e1gos tov\u00e1bb\u00e1, hogy az \u00e1ll\u00edt\u00f3lagos k\u00e9t sz\u00e9k \u201cal\u00e1\u201d es\u00e9s mi\u00e9rt probl\u00e9ma a rom\u00e1niai magyaroknak a Transtelex szerint, hiszen \u00e9ppen a Transtelex hirdette eddig azt, hogy a magyarorsz\u00e1gi t\u00e1mogat\u00e1sok k\u00e1rosak a k\u00f6z\u00f6ss\u00e9gnek, \u00e9s azokat a megmond\u00f3embereket sz\u00f3laltatta meg, akik szerint a magyarorsz\u00e1gi t\u00e1mogat\u00e1sok nemzethal\u00e1lhoz vezetnek. Nem vil\u00e1gos sz\u00e1munkra, hogy mi a gondja a Transtelexnek a budapesti csapok elz\u00e1r\u00f3d\u00e1s\u00e1val, mi ez a nagy aggodalom, az eddigi tartalom alapj\u00e1n mi arra k\u00f6vetkeztett\u00fcnk volna, hogy min\u00e9l hamarabb z\u00e1r\u00f3dnak a csapok, ann\u00e1l kevesebb k\u00e1rt okoznak.<\/p>\n\n\n\n<p>2024-ben el kellene d\u00f6nteni, hogy sz\u00e9na-e vagy szalma.<\/p>\n<\/div>\n\n\n\n<div class=\"wp-block-group vendeg-szoveg has-global-padding is-layout-constrained wp-block-group-is-layout-constrained\">\n<p><\/p>\n\n\n\n<p><strong>De emellett a h\u00e1tt\u00e9ralkuk, politikai p\u00e1lfordul\u00e1sok, buk\u00e1sok \u00e9s nagy \u00f6sszeoml\u00e1sok, a p\u00f3tolhatatlan vesztes\u00e9gek \u00e9vek\u00e9nt is jellemezhetn\u00e9nk a magunk m\u00f6g\u00f6tt hagyott 2023-at. K\u00f6z\u00e9leti legjeink szubjekt\u00edv list\u00e1ja k\u00f6vetkezik.<\/strong><\/p>\n\n\n\n<p>Azt m\u00e1r 2023 elej\u00e9n sejtett\u00fck, hogy nagy v\u00e1ltoz\u00e1sokra, legal\u00e1bbis belpolitikai t\u00e9ren nem lehet sz\u00e1m\u00edtani, a p\u00e1rtok m\u00e1r 2022-t\u0151l a szuperv\u00e1laszt\u00e1si \u00e9vre gy\u00fartak. A rot\u00e1ci\u00f3 le volt zs\u00edrozva, a k\u00e9nyelmetlen koal\u00edci\u00f3s partner, a Ments\u00e9tek meg Rom\u00e1ni\u00e1t Sz\u00f6vets\u00e9g m\u00e1r csak ideges\u00edt\u0151 ellenz\u00e9ki z\u00fcmm\u00f6g\u00e9sk\u00e9nt volt jelen korm\u00e1nyp\u00e1rtok mindennapjaiban, az uni\u00f3s p\u00e9nzek kisz\u00e1m\u00edthat\u00f3an \u00e9rkeztek a m\u00e9rf\u00f6ldk\u00f6vek kipip\u00e1l\u00e1sakor \u2013 azaz minden adott volt ahhoz, hogy a politikai alakulatok ne a jelennel foglalkozzanak, hanem a j\u00f6v\u0151t pr\u00f3b\u00e1lj\u00e1k bebiztos\u00edtani.<\/p>\n\n\n\n<p>Azt\u00e1n a rot\u00e1ci\u00f3 el\u0151tt n\u00e9h\u00e1ny h\u00e9ttel minden \u00f6sszeomlott: az RMDSZ kiszorult a triumvir\u00e1tusb\u00f3l, a pedag\u00f3gusok az elm\u00falt \u00e9vtized legnagyobb sztr\u00e1jkj\u00e1t csin\u00e1lt\u00e1k v\u00e9gig<\/p>\n<\/div>\n\n\n\n<div class=\"wp-block-group normal-szoveg kozbeekeles-1 has-global-padding is-layout-constrained wp-block-group-is-layout-constrained\">\n<p><\/p>\n\n\n\n<p>Nem vil\u00e1gos, hogy a Transtelex szerint a pedag\u00f3gusok sztr\u00e1jkja egy \u00f6sszeoml\u00e1s, vagy az egyik legjobb p\u00e9lda az elm\u00falt \u00e9vekb\u0151l egy szolidarit\u00e1sra \u00e9p\u00fcl\u0151, pozit\u00edv t\u00e1rsadalmi jelens\u00e9gre. A Transtelex \u00e9v v\u00e9gi szubjekt\u00edv elemz\u00e9se az \u00e9v k\u00f6zep\u00e9n korm\u00e1nyon l\u00e9v\u0151 politikusok szempontjait kell-e k\u00f6vesse, vagy a demokratikus \u00e1llameszm\u00e9nyt? Mert ez ut\u00f3bbi eset\u00e9n a sztr\u00e1jk, mint az \u00f6sszeoml\u00e1st seg\u00edt\u0151 t\u00e9nyez\u0151, nem rendben val\u00f3.<\/p>\n<\/div>\n\n\n\n<div class=\"wp-block-group vendeg-szoveg has-global-padding is-layout-constrained wp-block-group-is-layout-constrained\">\n<p>majd miut\u00e1n ny\u00f6gvenyel\u0151sen, de m\u00e9giscsak meglett az \u00faj korm\u00e1ny, <a href=\"https:\/\/transtelex.ro\/kozelet\/2023\/12\/30\/2023-tragediai-az-allam-iden-sem-volt-kepes-megvedeni-a-polgarait\">egym\u00e1st \u00e9rt\u00e9k a trag\u00e9di\u00e1k<\/a>, amelyek az<a href=\"https:\/\/transtelex.ro\/archivum?term=&amp;filters=%7B%22and_tags%22%3A%5B%22id%C5%91sotthon%20botr%C3%A1ny%22%5D,%22superTags%22%3A%5B%5D,%22authors%22%3A%5B%5D,%22title%22%3A%5B%5D%7D\"> id\u0151sotthonok botr\u00e1ny\u00e1val<\/a> kezd\u0151dtek, aminek nyom\u00e1n Gabriela Firea, a szocdemek \u00fcdv\u00f6sk\u00e9je szinte megpillanthatta politikai karrierje v\u00e9g\u00e9t, \u00e9s a <a href=\"https:\/\/transtelex.ro\/archivum?term=&amp;filters=%7B%22and_tags%22%3A%5B%22sz%C3%A9kelyudvarhelyi%20faloml%C3%A1s%22%5D,%22superTags%22%3A%5B%5D,%22authors%22%3A%5B%5D,%22title%22%3A%5B%5D%7D\">sz\u00e9kelyudvarhelyi faloml\u00e1ssal<\/a> z\u00e1rult, aminek, \u00e9rdekes m\u00f3don, nemcsak az erd\u00e9lyi magyar k\u00f6z\u00f6ss\u00e9gen bel\u00fcl volt \u00f3ri\u00e1si visszhangja, a rom\u00e1n sajt\u00f3 \u00e9s k\u00f6zv\u00e9lem\u00e9ny is ugyanolyan \u00e9rdekl\u0151d\u00e9ssel k\u00f6vette a fejlem\u00e9nyeket, mint mi.Az \u00e9v v\u00e9g\u00e9re azonban Marcel Ciolacunak siker\u00fclt \u00f6sszehozni egy pozit\u00edv t\u00f6rt\u00e9n\u00e9st is, ami m\u00e1r nagyon kellett az im\u00e1zs\u00e1nak, ez pedig nem volt m\u00e1s, mint az <a href=\"https:\/\/transtelex.ro\/archivum?term=&amp;filters=%7B%22and_tags%22%3A%5B%22Air%20Schengen%22%5D,%22superTags%22%3A%5B%5D,%22authors%22%3A%5B%5D,%22title%22%3A%5B%5D%7D\">Air Schengen<\/a>. Az eur\u00f3pai high classhoz val\u00f3 csatlakoz\u00e1s ugyanis m\u00e1r \u00e9vek \u00f3ta priorit\u00e1sa a rom\u00e1n politikumnak, mindeddig azonban nem siker\u00fclt \u00e1tt\u00f6r\u00e9st el\u00e9rni, mi t\u00f6bb 2022 val\u00f3s\u00e1gos \u00f6sszeoml\u00e1st hozott a t\u00e1rgyal\u00e1sokban, mert Ausztria kerek perec elz\u00e1rk\u00f3zott att\u00f3l, hogy j\u00f3v\u00e1hagyja a bolg\u00e1r \u00e9s a rom\u00e1n csatlakoz\u00e1si k\u00e9relmet. Ezzel a megold\u00e1ssal, amit az amerikai \u00e9s br\u00fcsszeli diplom\u00e1ci\u00e1nak k\u00f6sz\u00f6nhet\u0151en siker\u00fclt kier\u0151szakolni, \u00fagy t\u0171nik, 2024 lesz az az \u00e9v, amikor tal\u00e1n, teljes jog\u00fa schengeni tagg\u00e1 v\u00e1lhat Rom\u00e1nia is.<\/p>\n<\/div>\n\n\n\n<div class=\"wp-block-group normal-szoveg kozbeekeles-1 has-global-padding is-layout-constrained wp-block-group-is-layout-constrained\">\n<p>Ez a sz\u00f6veg egy politikai p\u00e1rt \u00e9v v\u00e9gi bros\u00far\u00e1j\u00e1ban nagyon j\u00f3l mutatna, de szerint\u00fcnk egy progressz\u00edv m\u00e9dium a t\u00e1rsadalmi szempontok szerint kellene a schengeni csatlakoz\u00e1sr\u00f3l \u00edrjon.<\/p>\n<\/div>\n\n\n\n<div class=\"wp-block-group vendeg-szoveg has-global-padding is-layout-constrained wp-block-group-is-layout-constrained\">\n<p>Az erd\u00e9lyi magyars\u00e1g<\/p>\n<\/div>\n\n\n\n<div class=\"wp-block-group normal-szoveg kozbeekeles-1 has-global-padding is-layout-constrained wp-block-group-is-layout-constrained\">\n<p>(a &#8220;<strong>rom\u00e1niai<\/strong> magyars\u00e1g&#8221; kifejez\u00e9s picit pontosabb lenne)<\/p>\n<\/div>\n\n\n\n<div class=\"wp-block-group vendeg-szoveg has-global-padding is-layout-constrained wp-block-group-is-layout-constrained\">\n<p>mindek\u00f6zben kicsit a p\u00e1lya sz\u00e9l\u00e9r\u0151l figyelte a rom\u00e1niai politikai t\u00f6rt\u00e9n\u00e9seket, mivel az elm\u00falt \u00e9vek intenz\u00edv nemzetegyes\u00edt\u00e9s\u00e9nek k\u00f6sz\u00f6nhet\u0151en az egymilli\u00f3 rom\u00e1niai magyart sokkal kev\u00e9sb\u00e9 \u00e9rdeklik a bukaresti t\u00f6rt\u00e9n\u00e9sek, mint a budapestiek.<\/p>\n<\/div>\n\n\n\n<div class=\"wp-block-group normal-szoveg kozbeekeles-1 has-global-padding is-layout-constrained wp-block-group-is-layout-constrained\">\n<p>Nem egy\u00e9rtelm\u0171, hogy milyen \u201cp\u00e1lya sz\u00e9l\u00e9re\u201d ker\u00fclt a rom\u00e1niai magyars\u00e1g, \u00e9s az sem, hogy mikor volt a \u201cp\u00e1lya\u201d m\u00e1s, ak\u00e1r k\u00f6zponti r\u00e9sz\u00e9n a k\u00f6z\u00f6ss\u00e9g, amely az orsz\u00e1g \u00f6sszlakoss\u00e1g\u00e1nak 6%-\u00e1t teszi ki, \u00e9s hogy milyen p\u00e1ly\u00e1r\u00f3l van sz\u00f3. Vajon mennyire vil\u00e1gos a Transtelex sz\u00e1m\u00e1ra, hogy egy etnikai kisebbs\u00e9g nem egy homog\u00e9n egys\u00e9g, mint egy hangyaboly vagy egy dar\u00e1zsf\u00e9szek, ergo, a k\u00f6z\u00f6ss\u00e9g a \u201cp\u00e1ly\u00e1nak\u201d k\u00fcl\u00f6nb\u00f6z\u0151 r\u00e9szein tart\u00f3zkodhat egyidej\u0171leg. Az igaz, hogy mindig lesznek olyanok, akik p\u00e1lya sz\u00e9l\u00e9n tart\u00f3zkodnak, \u0151k a h\u00e1tr\u00e1nyos helyzet\u0171 csal\u00e1dok.&nbsp;<\/p>\n\n\n\n<p>Egy mag\u00e1t liber\u00e1lisnak \u00e9s progressz\u00edvnek tart\u00f3 m\u00e9dium nem helyezheti be egy homog\u00e9n halmazba az eg\u00e9sz rom\u00e1niai magyar k\u00f6z\u00f6ss\u00e9get, \u00e9s nem illetheti ezt a homog\u00e9n massz\u00e1t toxikus, negat\u00edv jelz\u0151kkel. Minden k\u00f6z\u00f6ss\u00e9gben, ak\u00e1r t\u00f6bbs\u00e9g, ak\u00e1r kisebbs\u00e9g, vannak olyan jelens\u00e9gek, amelyeket lehet elemezni \u00e9s kritik\u00e1val illetni, de nem re\u00e1lis \u00e9s egyben k\u00e1ros ezt a kritik\u00e1t az eg\u00e9sz k\u00f6z\u00f6ss\u00e9gre vet\u00edteni.<\/p>\n<\/div>\n\n\n\n<div class=\"wp-block-group vendeg-szoveg has-global-padding is-layout-constrained wp-block-group-is-layout-constrained\">\n<p>A legt\u00f6bb reakci\u00f3t ez\u00e9rt nem az \u00e9let\u00fcnkre konkr\u00e9t hat\u00e1ssal l\u00e9v\u0151 d\u00f6nt\u00e9sek v\u00e1ltott\u00e1k ki, hanem az olyan \u201e\u00e1l\u00fcgyek\u201d, mint a szuverenit\u00e1sv\u00e9delem, a doll\u00e1rbaloldal \u00e1rm\u00e1nykod\u00e1sai, a gyermekv\u00e9delmi t\u00f6rv\u00e9ny stb.<\/p>\n<\/div>\n\n\n\n<div class=\"wp-block-group normal-szoveg kozbeekeles-1 has-global-padding is-layout-constrained wp-block-group-is-layout-constrained\">\n<p>A rom\u00e1niai magyar kisebbs\u00e9g szempontj\u00e1b\u00f3l ezek val\u00f3ban \u00e1l\u00fcgyek, \u00e9s sajn\u00e1latos m\u00f3don a legt\u00f6bbet maga a Transtelex port\u00e1l foglalkozott ezekkel a t\u00e9m\u00e1kkal, mik\u00f6zben a k\u00f6z\u00f6ss\u00e9g szempontj\u00e1b\u00f3l \u00e9letbev\u00e1g\u00f3an fontos \u00fcgyeket, jelens\u00e9geket nem t\u00e1rt fel. Ezek szerint \u00fagy n\u00e9z ki, hogy csak a Transtelex \u00e9let\u00e9re voltak ezek az \u00e1l\u00fcgyek fontos hat\u00e1ssal.<\/p>\n\n\n\n<p>A rom\u00e1niai magyar k\u00f6z\u00f6ss\u00e9g egy olyan speci\u00e1lis helyzetben van, hogy egy id\u0151ben t\u00f6bb orsz\u00e1g m\u00e9di\u00e1j\u00e1t fogyasztja, k\u00f6vetkez\u00e9sk\u00e9ppen a k\u00f6z\u00f6ss\u00e9g tagjai k\u00f6z\u00fcl sokan a \u201cdoll\u00e1rbaloldal\u201d t\u00e9mak\u00f6r mellett ugyancsak besz\u00e9lnek a rom\u00e1niai korm\u00e1nyban zajl\u00f3 esem\u00e9nyekr\u0151l, \u00e9s sokan napirenden vannak a fontos politikai esem\u00e9nyekkel, \u00e9s ennek is k\u00f6sz\u00f6nhet\u0151en a rom\u00e1niai magyar pedag\u00f3gusok teljes mellsz\u00e9less\u00e9ggel vettek r\u00e9szt a pedag\u00f3gussztr\u00e1jkban. Mindaddig, am\u00edg egy k\u00f6z\u00f6ss\u00e9g tagjai akt\u00edvan r\u00e9szt vesznek egy ilyen fontos t\u00e1rsadalmi megmozdul\u00e1sban, nem lehet r\u00e1bizony\u00edtani a k\u00f6z\u00f6ss\u00e9gre, hogy f\u0151k\u00e9nt \u00e1l\u00fcgyekkel \u00e9s a szomsz\u00e9dos orsz\u00e1g politikai \u00fcgyeivel foglalkozna. Az viszont t\u00e9ny, hogy a szomsz\u00e9dos orsz\u00e1gban \u00e9l\u0151knek fogalmuk sincs, hogy mi zajlik a rom\u00e1niai magyar k\u00f6z\u00f6ss\u00e9gben, \u00e9s sajn\u00e1latos m\u00f3don a Telex \u00e1ltal \u00e1tvett Transtelex cikkek alapj\u00e1n egy fals k\u00e9p alakul ki benn\u00fck a rom\u00e1niai magyarokr\u00f3l, akik leggyakrabban egy retrogr\u00e1d, gett\u00f3ban \u00e9l\u0151 k\u00f6z\u00f6ss\u00e9gk\u00e9nt vannak megjelen\u00edtve, s akik olyan szerencs\u00e9sek, hogy egy RMDSZ-nek nevezett p\u00e1rt egyp\u00e1rtrendszer\u00e9ben \u00e9lhetnek, \u00e9s meg vannak k\u00edm\u00e9lve a demokr\u00e1cia ingov\u00e1nyait\u00f3l, bonyolult sokp\u00e1rtrendszer\u00e9t\u0151l.<\/p>\n\n\n\n<p>A pedag\u00f3gussztr\u00e1jk mellett a rom\u00e1niai magyarok nagy sz\u00e1mban r\u00e9szt vettek a kultur\u00e1lis int\u00e9zm\u00e9nyeket \u00e9rint\u0151 forr\u00e1smegvon\u00e1si rendelet elleni megmozdul\u00e1sokban. Ezek a k\u00e9t k\u00fcl\u00f6nb\u00f6z\u0151 ter\u00fcleten zajl\u00f3 megmozdul\u00e1sok is bizony\u00edtj\u00e1k, hogy a rom\u00e1niai magyar k\u00f6z\u00f6ss\u00e9g nem felt\u00e9tlen\u00fcl \u00e9rzi mag\u00e1t minden esetben a p\u00e1lya sz\u00e9l\u00e9n, \u00e9s felt\u00e9telezhet\u0151, hogy jobban \u00e9rdekli \u0151ket a helyi oktat\u00e1s \u00e9s kult\u00fara, mint a szomsz\u00e9dos orsz\u00e1gban zajl\u00f3 \u201cszuverenit\u00e1sv\u00e9delem\u201d.<\/p>\n<\/div>\n\n\n\n<div class=\"wp-block-group vendeg-szoveg has-global-padding is-layout-constrained wp-block-group-is-layout-constrained\">\n<p>Az ukr\u00e1noz\u00e1sban megf\u00e1radt kommenthusz\u00e1rok sz\u00e1m\u00e1ra \u00faj mun\u00edci\u00f3 \u00e9rkezett egy sziv\u00e1rv\u00e1nysz\u00edn\u0171re festett budapesti pad vagy a k\u00f6nyvf\u00f3li\u00e1z\u00e1si akci\u00f3 ment\u00e9n, de ide sorolhatn\u00e1nk L. Simon L\u00e1szl\u00f3, a budapesti Nemzeti M\u00fazeum igazgat\u00f3j\u00e1nak buk\u00e1s\u00e1t is egy olyan fot\u00f3t\u00e1rlat miatt, amit a vil\u00e1g sz\u00e1mtalan orsz\u00e1g\u00e1ban \u00e1ll\u00edtottak ki. Term\u00e9szetesen az m\u00e1r senkinek az ingerk\u00fcsz\u00f6b\u00e9t nem \u00fct\u00f6tte meg, az \u00e9rintetteken k\u00edv\u00fcl, hogy <a href=\"https:\/\/transtelex.ro\/kozelet\/2023\/11\/10\/erdely-irodalmi-lapok-nemzeti-kulturalis-alap-tamogatas\">az erd\u00e9lyi magyar irodalmi lapok egyt\u0151l egyig elestek az NKA \u00e1ltal osztogatott t\u00e1mogat\u00e1st\u00f3l<\/a>, kiv\u00e9ve az Irodalmi Jelent, amelyiknek <a href=\"https:\/\/transtelex.ro\/kozelet\/2023\/12\/12\/nka-orban-janos-denes-boszormenyi-zoltan-irodalmi-jelen\">Orb\u00e1n J\u00e1nos D\u00e9nes b\u0151s\u00e9gesen juttatott.<\/a><\/p>\n<\/div>\n\n\n\n<div class=\"wp-block-group normal-szoveg kozbeekeles-1 has-global-padding is-layout-constrained wp-block-group-is-layout-constrained\">\n<p>Egyr\u00e9szt a Transtelex a Magyarorsz\u00e1gr\u00f3l \u00e9rkez\u0151 t\u00e1mogat\u00e1sokat eleve k\u00e9nk\u00f6ves pokol kateg\u00f3ri\u00e1nak tekinti (arr\u00f3l megfeledkezve, hogy \u0151k is onnan kapnak t\u00e1mogat\u00e1sokat), m\u00e1sr\u00e9szt mivel \u00e9pp a Transtelex nehezm\u00e9nyezte, hogy \u00e9pp a magyar korm\u00e1nyt\u00f3l \u00e9rkez\u0151 t\u00e1mogat\u00e1sok hat\u00e1sak\u00e9nt a Korunk arra a szintre s\u00fcllyedt, hogy a roma kisebbs\u00e9get destrukt\u00edv, negat\u00edv jelz\u0151kkel illet\u0151 szerz\u0151 \u00edr\u00e1sa is megjelenhetett, k\u00f6vetkez\u00e9sk\u00e9ppen nem \u00e9rtj\u00fck, hogy mi\u00e9rt kellett volna a rom\u00e1niai magyar k\u00f6z\u00f6ss\u00e9g felszisszenjen egy ilyen h\u00edr hallat\u00e1n, hogy a Korunk nem kapott t\u00e1mogat\u00e1st. Hiszen ez \u00f6r\u00f6mh\u00edr, nem?<\/p>\n<\/div>\n\n\n\n<div class=\"wp-block-group vendeg-szoveg has-global-padding is-layout-constrained wp-block-group-is-layout-constrained\">\n<p>Mindek\u00f6zben saj\u00e1t, bels\u0151 \u00fcgyeinket sz\u0151nyeg al\u00e1 s\u00f6p\u00f6rt\u00fck szorgalmasan: ki\u00e1lltunk B\u00f6jte Csaba mellett ism\u00e9t, amikor f\u00e9ny der\u00fclt egy m\u00e1sik szexu\u00e1lis zaklat\u00e1si \u00fcgyre a szov\u00e1tai gyermekotthonban,<\/p>\n<\/div>\n\n\n\n<div class=\"wp-block-group normal-szoveg kozbeekeles-1 has-global-padding is-layout-constrained wp-block-group-is-layout-constrained\">\n<p>Nem vil\u00e1gos, hogy mivel bizony\u00edthat\u00f3 a fenti \u00e1ll\u00edt\u00e1s, hiszen mindamellett, hogy val\u00f3ban volt egy hangos tiltakoz\u00e1s B\u00f6jte Csaba v\u00e9delm\u00e9ben, ugyanakkor nincsenek adataink arr\u00f3l, hogy ezt az \u00fcgyet hogyan dolgozta fel a teljes rom\u00e1niai magyar k\u00f6z\u00f6ss\u00e9g. Ez csak akkor fog kider\u00fclni, amikor egy hasonl\u00f3 \u00fcgy felsz\u00ednre ker\u00fcl, \u00e9s az arra t\u00f6rt\u00e9n\u0151 v\u00e1laszok fogj\u00e1k mutatni a feldolgoz\u00e1s val\u00f3di m\u00e9rt\u00e9k\u00e9t.<\/p>\n\n\n\n<p>P\u00e9ldak\u00e9nt felhozhatjuk, hogy az angliai becs\u00fcletgyilkoss\u00e1gok hossz\u00fa ideig el lettek maszatolva, a brit rend\u0151rs\u00e9g teljes m\u00e9rt\u00e9kben passz\u00edv volt, nem tudott mit kezdeni ezekkel a jelens\u00e9gekkel, maga a k\u00f6z\u00f6ss\u00e9g sem avatkozott be, azonban hossz\u00fa ideig tart\u00f3 \u00e9rz\u00e9keny\u00edt\u00e9ssel \u00e9s tudatos\u00edt\u00e1ssal siker\u00fclt k\u00e9zzelfoghat\u00f3 eredm\u00e9nyt el\u00e9rni, nem pedig \u201cmegf\u00e1radt kommenthusz\u00e1rok\u201d-oz\u00e1ssal, mert ez ut\u00f3bbi semmilyen eredm\u00e9nyt nem hoz a k\u00f6z\u00f6ss\u00e9g szempontj\u00e1b\u00f3l.<\/p>\n\n\n\n<p>T\u00fal korai lenne m\u00e9g azt \u00e1ll\u00edtani, hogy ez az eg\u00e9sz jelens\u00e9g sz\u0151nyeg al\u00e1 lett volna s\u00f6p\u00f6rve a k\u00f6z\u00f6ss\u00e9g \u00e1ltal.<\/p>\n\n\n\n<p>Felmer\u00fcl a k\u00e9rd\u00e9s, hogy Transtelex nem seper-e ugyan\u00fagy sz\u0151nyeg al\u00e1 s\u00falyos vissza\u00e9l\u00e9seket.<\/p>\n<\/div>\n\n\n\n<div class=\"wp-block-group vendeg-szoveg has-global-padding is-layout-constrained wp-block-group-is-layout-constrained\">\n<p>csendben vett\u00fck tudom\u00e1sul, hogy az egyik legnevesebb erd\u00e9lyi iskola, a cs\u00edkszeredai M\u00e1rton \u00c1ron f\u0151gimn\u00e1zium t\u00f6rt\u00e9nelemtan\u00e1ra \u00e9vek \u00f3ta szexu\u00e1lisan vissza\u00e9l di\u00e1kjaival,<\/p>\n<\/div>\n\n\n\n<div class=\"wp-block-group normal-szoveg kozbeekeles-1 has-global-padding is-layout-constrained wp-block-group-is-layout-constrained\">\n<p>Teljesen fals, a csend ez esetben biztos nem igaz, hiszen az \u00fcgy hat\u00e1s\u00e1ra eg\u00e9sz Cs\u00edkszereda felbolydult, annyira, hogy a helyi politikum sem hagyhatta figyelmen k\u00edv\u00fcl a k\u00f6zhangulatot, tov\u00e1bb\u00e1 l\u00e1sd az <a href=\"https:\/\/atlatszo.ro\/impakt\/szexualis-visszaelesek-csikszereda-marton-aron-fogimnazium\/\">\u00c1tl\u00e1tsz\u00f3 Erd\u00e9ly ut\u00f3lagos \u00e9rt\u00e9kel\u0151j\u00e9t<\/a> azzal kapcsolatosan, hogy tulajdonk\u00e9ppen ez volt az els\u0151 k\u00f6zvetlen, azonnali impakttal j\u00e1r\u00f3 cikk\u00fck. Ez nem 5 fokos elt\u00e9r\u00e9s a val\u00f3s\u00e1gt\u00f3l, hanem \u00e9ppen 180, ilyen m\u00e9rt\u00e9k\u0171 inkorrekts\u00e9g hobbiprojektek eset\u00e9n is elfogadhatatlan, a Transtelex ugyanakkor k\u00fcls\u0151 finansz\u00edroz\u00e1sokat kap, k\u00f6zt\u00fck k\u00f6zp\u00e9nzt is.<\/p>\n<\/div>\n\n\n\n<div class=\"wp-block-group vendeg-szoveg has-global-padding is-layout-constrained wp-block-group-is-layout-constrained\">\n<p>majd felh\u00e1borodtunk, amikor az \u00f6sszeomlott sz\u00e9kelyudvarhelyi koll\u00e9gium kapcs\u00e1n a tulajdonos r\u00f3mai-katolikus egyh\u00e1zat, illetve a fel\u00faj\u00edt\u00e1si munk\u00e1val megb\u00edzott, magyar politikusokhoz k\u00f6t\u0151d\u0151 projektmenedzsert kezdte el \u201ek\u00e9rd\u00e9seivel zaklatni a sajt\u00f3\u201d.<\/p>\n<\/div>\n\n\n\n<div class=\"wp-block-group normal-szoveg kozbeekeles-1 has-global-padding is-layout-constrained wp-block-group-is-layout-constrained\">\n<p>A \u201cfelh\u00e1borodtunk az egyh\u00e1z \u00e9s a projektmenedzser v\u00e9delm\u00e9ben\u201d teljes m\u00e9rt\u00e9kben \u00e1ltal\u00e1nos\u00edt\u00f3, s\u0151t, \u00e1ltal\u00e1ban v\u00e9ve hamis. Nemhogy egy progressz\u00edv m\u00e9diumt\u00f3l, hanem semmilyen m\u00e9diumt\u00f3l nem fogadhat\u00f3 el ilyen m\u00e9rt\u00e9k\u0171 val\u00f3tlans\u00e1g, \u00e9s nem etikus. Z\u00e1rt k\u00f6z\u00f6ss\u00e9gi m\u00e9dia csoportokban val\u00f3ban elszabadulhatnak az indulatok, a z\u00e1rt csoportok m\u0171k\u00f6d\u00e9si dinamik\u00e1ja k\u00f6vetkezt\u00e9ben (k\u00f6vetkezm\u00e9nyek n\u00e9lk\u00fclis\u00e9g, az emberek bizony\u00edtottan ezekben a csoportokban \u00e9lik ki a frusztr\u00e1ci\u00f3ikat), de a val\u00f3s\u00e1gban a k\u00f6z\u00f6ss\u00e9g b\u00f6lcsen megv\u00e1rja a hat\u00f3s\u00e1gi vizsg\u00e1latokat. A z\u00e1rt csoportokban zajl\u00f3 folyamatok \u00e1ltal\u00e1nos \u00e9rv\u00e9ny\u0171v\u00e9 t\u00e9tele helyett (\u201cfelh\u00e1borodtunk\u201d) ha azt n\u00e9zte volna meg a k\u00e9t szerz\u0151, hogy mi t\u00f6rt\u00e9nik az Egyed Uf\u00f3 Zolt\u00e1n megoszt\u00e1sai alatt (v\u00f6. \u201ck\u00e9rd\u00e9seivel zaklatta a sajt\u00f3\u201d), sokkal relev\u00e1nsabb eredm\u00e9nyeket kaphattak volna arra n\u00e9zve, hogy a rom\u00e1niai magyarok \u00e1ltal\u00e1ban mennyire h\u00e1borodtak fel azon, hogy \u201ck\u00e9rd\u00e9seivel zaklatja\u201d (ez a \u201ck\u00e9rd\u00e9sekkel provok\u00e1t\u201d is egy szomsz\u00e9dos orsz\u00e1gbeli belpolitikai m\u00e9m, kedves rom\u00e1niai magyar Transtelex) a sajt\u00f3 az egyh\u00e1zat vagy a magyarorsz\u00e1gi politikusok t\u00e1skahordoz\u00f3j\u00e1t, hiszen \u0151 az egyed\u00fcli, aki oknyomoz\u00f3i munk\u00e1val el\u00e9g sok sz\u00e1lat felg\u00f6ngy\u00f6l\u00edtett. K\u00e9s\u0151bb, egy m\u00e1sik megoszt\u00e1s alatt, amelyben az egyh\u00e1z vagy a projektmenedzser egy\u00e1ltal\u00e1n nem volt \u00e9rintett, a Tam\u00e1si \u00c1ron Gimn\u00e1zium v\u00e9dem\u00e9ben val\u00f3ban el\u0151j\u00f6tt a meg\u00e1llap\u00edt\u00e1s a kommentekben, hogy az \u00fajs\u00e1g\u00edr\u00f3 \u201ck\u00e9rd\u00e9sekkel provok\u00e1l\u201d, miut\u00e1n a <em>tanint\u00e9zm\u00e9ny<\/em> v\u00e9delm\u00e9ben val\u00f3ban \u00e9rkezett egy el\u00e9gg\u00e9 \u00e9rtetlenked\u0151 komment, amely r\u00e1ad\u00e1sul kapott e percig 34 \u201cpozit\u00edv l\u00e1jkot\u201d, k\u00f6zt\u00fck a Transtelex csapat\u00e1val \u00e9vtizedek \u00f3ta r\u00e9g\u00f3ta sz\u00f6vets\u00e9ges Horv\u00e1th Ann\u00e1\u00e9t is. Horv\u00e1th Anna pedig semmik\u00e9ppen sem f\u00e9r bele a mezei, periferi\u00e1lis \u201ckommenthusz\u00e1r\u201d kateg\u00f3ri\u00e1ba, hiszen \u0151 az, aki befoly\u00e1sos politikusk\u00e9nt meghat\u00e1rozhatja, hogy mi t\u00f6rt\u00e9nik az RMDSZ-es \u00f6nkorm\u00e1nyzatokn\u00e1l. Az is igaz, hogy ott kommentel ugyanez a megoszt\u00e1s alatt egy olyan csoport is, amelyik frissen ker\u00fclt konfliktusba az \u00fajs\u00e1g\u00edr\u00f3val egy m\u00e1sik \u00fcgyben, \u00e9s miut\u00e1n a megoszt\u00e1s sz\u00f6vege a gimn\u00e1zium vezet\u00e9s\u00e9t hozz\u00e1juk hasonl\u00edtja, az is igaz, hogy nem k\u00fcl\u00f6n\u00f6sebben civiliz\u00e1ltak. Viszont tov\u00e1bbra sem az egyh\u00e1zr\u00f3l vagy a magyarorsz\u00e1gi politikusokhoz k\u00f6thet\u0151 projektmenedzser \u00e9s ezek t\u00e9vedhetetlen volt\u00e1r\u00f3l vitatkoznak, pech.<\/p>\n\n\n\n<p>Az egyh\u00e1zr\u00f3l is sz\u00f3l\u00f3 cikkn\u00e9l m\u00e9g Ember Attila sem kritiz\u00e1lta, hogy az egyh\u00e1zat k\u00e9rdezi az \u00fajs\u00e1g\u00edr\u00f3, tal\u00e1n, ha legbels\u0151bb gondolatait is igyeksz\u00fcnk kital\u00e1lni, r\u00e1 lehet fogni.<\/p>\n\n\n\n<p>\u00d6sszess\u00e9g\u00e9ben eg\u00e9szen k\u00f6zbesz\u00e9d jellege van a megoszt\u00e1sok alatti szabad diskurzusnak, a Transtelex pedig val\u00f3tlanul, rosszindulat\u00faan mutatja be a sz\u00e9kely v\u00e1rost.<\/p>\n<\/div>\n\n\n\n<div class=\"wp-block-group vendeg-szoveg has-global-padding is-layout-constrained wp-block-group-is-layout-constrained\">\n<p>Mindent \u00f6sszevetve: 2023-ban sem unatkoztunk.<\/p>\n\n\n\n<h3 class=\"wp-block-heading\"><strong>Az \u00e9v sz\u00e1ma az egymilli\u00f3, de hova t\u0171nt 200 ezer magyar?<\/strong><\/h3>\n\n\n\n<p>2022 v\u00e9g\u00e9n <a href=\"https:\/\/transtelex.ro\/kozelet\/2022\/12\/30\/nepszamlalas-2022-elso-adatok\">j\u00f6tt a h\u00edr<\/a>, hogy a megsz\u00e1ml\u00e1ltat\u00e1s eredm\u00e9nyek\u00e9ppen kider\u00fclt, \u00e9pp hogy meg\u00fcti az egymilli\u00f3t az erd\u00e9lyi magyarok sz\u00e1ma. Az RMDSZ azonban r\u00e1fek\u00fcdt a sikerkommunik\u00e1ci\u00f3s ped\u00e1lra<\/p>\n<\/div>\n\n\n\n<div class=\"wp-block-group normal-szoveg kozbeekeles-1 has-global-padding is-layout-constrained wp-block-group-is-layout-constrained\">\n<p>Egy mag\u00e1t f\u00fcggetlenk\u00e9nt \u00e9s progressz\u00edvk\u00e9nt hirdet\u0151 m\u00e9diaport\u00e1l szerkeszt\u0151i most m\u00e1r els\u0151sorban nem az RMDSZ sikerkommunik\u00e1ci\u00f3j\u00e1r\u00f3l kell kritikusan \u00edrjanak (pl\u00e1ne \u00edgy egy-k\u00e9t \u00e9v eltelt\u00e9vel), hanem az \u0151 nem l\u00e9tez\u0151 watchdog-szerepk\u00f6r\u00fckr\u0151l kellene sz\u00e1mot adniuk. Jellemz\u0151, hogy ebben a t\u00e9m\u00e1ban is az RMDSZ-szel szimbi\u00f3zisban m\u0171k\u00f6d\u0151 kutat\u00f3int\u00e9zet munkat\u00e1rsai kaphattak m\u00e9dianyilv\u00e1noss\u00e1got a Transtelexen, \u00e9s hab a tort\u00e1n, hogy Mark\u00f3 B\u00e9la elmezhette ki \u201ckritikusan\u201d azt a fogy\u00e1st, ami val\u00f3j\u00e1ban az \u0151 RMDSZ eln\u00f6ks\u00e9ge alatt elvetett magok term\u00e9se. Hiszen nem a t\u00edz\u00e9vesek t\u0171ntek el a k\u00f6z\u00f6ss\u00e9gb\u0151l, hanem azok a munkak\u00e9pes rom\u00e1niai magyarok, akiknek a gyermekei Eur\u00f3pa-szerte sz\u00fclettek meg az RMDSZ fantasztikus gazdas\u00e1gi fejl\u0151d\u00e9st el nem \u00e9r\u0151 h\u00fasz \u00e9vnyi korm\u00e1nyz\u00e1sa eredm\u00e9nyek\u00e9ppen. Az RMDSZ kisebbs\u00e9gv\u00e9delmi tev\u00e9kenys\u00e9g\u00e9t, vagy annak hi\u00e1ny\u00e1t ne is eml\u00edts\u00fck, ahogy nem eml\u00edtette az a neml\u00e9tez\u0151 Transtelexes szerkeszt\u0151s\u00e9gi v\u00e1laszcikk sem a Mark\u00f3 B\u00e9la itt linkelt elk\u00e9peszt\u0151 v\u00e9lem\u00e9nycikk\u00e9re a t\u00e9ma kapcs\u00e1n, \u00e9s egyetlen m\u00e1s v\u00e1laszcikkre sem eml\u00e9ksz\u00fcnk, amely erre a cikkre reag\u00e1lt volna a mag\u00e1t szabadnak, progressz\u00edvnek nevez\u0151 m\u00e9di\u00e1b\u00f3l. Azt\u00e1n az \u00e9v v\u00e9gi \u00e9rt\u00e9kel\u0151ben m\u00e9gis \u201cvalahonnan\u201d a szerz\u0151k \u201cesz\u00e9be jut\u201d a t\u00e1rsadalmi diskurzus hi\u00e1nya.<\/p>\n<\/div>\n\n\n\n<div class=\"wp-block-group vendeg-szoveg has-global-padding is-layout-constrained wp-block-group-is-layout-constrained\">\n<p>\u00e9s r\u00f6gt\u00f6n azt kezdte hangs\u00falyozni, hogy n\u00e9zz\u00fck a poh\u00e1rnak a teli r\u00e9sz\u00e9t: nem cs\u00f6kkent\u00fcnk egymilli\u00f3 al\u00e1. \u201eNem fenyeget a nemzethal\u00e1l\u201d \u2013 <a href=\"https:\/\/transtelex.ro\/kozelet\/2023\/01\/12\/kelemen-hunor-nepszamlalas-eredmenyek-rmdsz\">mondta Kelemen Hunor<\/a>, mintegy \u00fczenve ezzel Mark\u00f3 B\u00e9l\u00e1nak, aki kor\u00e1ntsem volt ilyen optimista <a href=\"https:\/\/transtelex.ro\/best-of\/2023\/02\/12\/demografia-nepszamlalas-nepessegfogyas-erdely-marko-bela\">abban az elemz\u00e9s\u00e9ben, amelyben a n\u00e9psz\u00e1ml\u00e1l\u00e1si adatokra reflekt\u00e1lt<\/a>.<\/p>\n<\/div>\n\n\n\n<div class=\"wp-block-group normal-szoveg kozbeekeles-1 has-global-padding is-layout-constrained wp-block-group-is-layout-constrained\">\n<p>Hol vannak azok a korabeli Transtelex cikkek, amelyek a n\u00e9psz\u00e1ml\u00e1l\u00e1s el\u0151tt r\u00e1mutattak volna p\u00e9ld\u00e1ul arra, hogy az egymilli\u00f3s b\u00e1zissz\u00e1m teljesen \u00f6nk\u00e9nyes \u00e9s propagandisztikus?<\/p>\n<\/div>\n\n\n\n<div class=\"wp-block-group vendeg-szoveg has-global-padding is-layout-constrained wp-block-group-is-layout-constrained\">\n<p>A t\u00e1rsadalomkutat\u00f3k tettek n\u00e9h\u00e1ny k\u00eds\u00e9rletet az adatok \u00e9rtelmez\u00e9s\u00e9re, de egy sz\u00e9les k\u00f6r\u0171 t\u00e1rsadalmi kibesz\u00e9l\u00e9se annak, hogy v\u00e9g\u00fcl is ez a dr\u00e1mai fogy\u00e1s minek k\u00f6sz\u00f6nhet\u0151, mekkora szerepe van ebben<\/p>\n<\/div>\n\n\n\n<div class=\"wp-block-group normal-szoveg kozbeekeles-1 has-global-padding is-layout-constrained wp-block-group-is-layout-constrained\">\n<p><\/p>\n\n\n\n<p>Amennyiben a Transtelex a saj\u00e1t agg\u00f3d\u00f3 gondolatait \u00edrta itt le, \u00e9s nem a m\u00e1sok gondolatait recit\u00e1lja most hivatkoz\u00e1s n\u00e9lk\u00fcl, \u00e9s amennyiben val\u00f3ban fontosnak tartja, tartotta ezeket a k\u00e9rd\u00e9seket, vajon mi\u00e9rt nem szervezett sz\u00e9lesk\u00f6r\u0171 p\u00e1rbesz\u00e9det ebben a t\u00e9m\u00e1ban? A sok, RMDSZ-k\u00f6zeli kult\u00farkocsm\u00e1ban megrendezett sz\u0171k k\u00f6r\u0171 Transtelex Dial\u00f3g PR-estek egyike helyett belef\u00e9rt volna. Esetleg az\u00e9rt, mert az RMDSZ nem \u00f6r\u00fclt volna?<\/p>\n\n\n\n<p>Abban, hogy ez a dr\u00e1mai fogy\u00e1s nem v\u00e1lt k\u00f6zbesz\u00e9d t\u00e1rgy\u00e1v\u00e1, \u00e9s nem lett sz\u00e9lesk\u00f6r\u00fcen megt\u00e1rgyalva, elemezve, a m\u00e9di\u00e1nak kiemelt szerepe van (nem az m1-re gondolunk). Senki m\u00e1snak nem volt akkora felel\u0151ss\u00e9ge ebben, mint \u00e9ppen a m\u00e9di\u00e1nak. Sokkal jobban \u00f6r\u00fclt\u00fcnk volna, ha a Korunk-\u00e1ldib\u00e9t helyett a h\u00edres kolozsv\u00e1ri t\u00e1rsadalomkutat\u00f3k agg\u00f3d\u00f3 v\u00e9lem\u00e9nycikkeit l\u00e1thattuk volna ebben a t\u00e9mak\u00f6rben, de sajnos val\u00f3j\u00e1ban egyet sem l\u00e1ttunk, amit m\u00e9gis, abban nincs k\u00f6sz\u00f6net. Olyan \u00e9rz\u00e9s\u00fcnk van, hogy ezt a hi\u00e1nyz\u00f3 200000 embernyi s\u00falyos k\u00f6z\u00f6ss\u00e9gi vesztes\u00e9get, amely rekordr\u00f6vids\u00e9g\u0171 id\u0151 alatt k\u00f6vetkezett be, a rom\u00e1niai magyar elit (a m\u00e9di\u00e1t bele\u00e9rtve) \u00fagy kezeli, mintha ez a jelens\u00e9g egy t\u00e1voli galaxisban zajlott volna, \u00e9s ebben nekik semmi felel\u0151ss\u00e9g\u00fck nem lenne, vagy semmi k\u00f6z\u00fck ne lenne hozz\u00e1 (l\u00e1sd Mark\u00f3 B\u00e9la volt RMDSZ eln\u00f6k, jelenlegi k\u00f6lt\u0151, Transtelex v\u00e9lem\u00e9nyform\u00e1l\u00f3, RMDSZ Sz\u00f6vets\u00e9gi \u00c1lland\u00f3 Tan\u00e1cs tag elken\u0151 \u00edr\u00e1s\u00e1t). Ez sajnos nem \u00edgy van.<\/p>\n<\/div>\n\n\n\n<div class=\"wp-block-group vendeg-szoveg has-global-padding is-layout-constrained wp-block-group-is-layout-constrained\">\n<p>p\u00e9ld\u00e1ul, a kett\u0151s \u00e1llampolg\u00e1rs\u00e1gnak,<\/p>\n<\/div>\n\n\n\n<div class=\"wp-block-group normal-szoveg kozbeekeles-1 has-global-padding is-layout-constrained wp-block-group-is-layout-constrained\">\n<p>A kett\u0151s \u00e1llampolg\u00e1rs\u00e1g int\u00e9zm\u00e9nye m\u00e1s orsz\u00e1gokban is l\u00e9tezik, \u00e9s nem okozott ekkora m\u00e9rt\u00e9k\u0171 n\u00e9pess\u00e9gfogy\u00e1st, a n\u00e9pess\u00e9gfogy\u00e1snak az okai els\u0151sorban saj\u00e1t h\u00e1zunk t\u00e1j\u00e1n keresend\u0151ek, \u00e9s az RMDSZ-hez vezetn\u00e9nek, de a Transtelex \u00e9s a t\u00e1rsadalomtud\u00f3sok nem szeretn\u00e9k ezt az ir\u00e1nyt feszegetni. Egyszer\u0171bb ezt is Orb\u00e1n Viktorra kenni.<\/p>\n<\/div>\n\n\n\n<div class=\"wp-block-group vendeg-szoveg has-global-padding is-layout-constrained wp-block-group-is-layout-constrained\">\n<p>a rom\u00e1niai magyars\u00e1g marginaliz\u00e1ci\u00f3j\u00e1nak, a magyar t\u00f6mbvid\u00e9k gyenge gazdas\u00e1gi teljes\u00edtm\u00e9ny\u00e9nek, elmaradt.<\/p>\n<\/div>\n\n\n\n<div class=\"wp-block-group normal-szoveg kozbeekeles-1 has-global-padding is-layout-constrained wp-block-group-is-layout-constrained\">\n<p>Miel\u0151tt a Transtelex az RMDSZ-es politikusokr\u00f3l ism\u00e9t elfeledkezve, ism\u00e9t t\u00f6mbvid\u00e9kezni kezd, fontos lett volna megn\u00e9zni azt is, hogy a jobban teljes\u00edt\u0151 r\u00e9gi\u00f3kban (Marosv\u00e1s\u00e1rhely, Kolozsv\u00e1r) relat\u00edve milyen m\u00e9rt\u00e9k\u0171 a fogy\u00e1s az elmaradott t\u00f6mbvid\u00e9khez viszony\u00edtva. \u00cdgy tal\u00e1n kider\u00fclhet, hogy m\u00e1s okai is vannak a n\u00e9pess\u00e9gfogy\u00e1snak, nem csup\u00e1n gazdas\u00e1giak: munkaer\u0151piaci diszkrimin\u00e1ci\u00f3, int\u00e9zm\u00e9nyes\u00edtett diszkrimin\u00e1ci\u00f3 (olyan t\u00e9m\u00e1k, amelyeket a Transtelex szerkeszt\u0151i rendszeresen torz\u00edtva \u00e9rz\u00e9kelnek \u00e9s mutatnak be, ha bemutatnak). Lehet, hogy a magyar t\u00f6mbvid\u00e9k gyeng\u00e9n teljes\u00edt, hiszen onnan ker\u00fcl ki a legt\u00f6bb RMDSZ-es k\u00e9pvisel\u0151, akik 30 \u00e9ve hat\u00e9konyan lobbiznak, \u00e9s \u00e9jt nappall\u00e1 t\u00e9ve k\u00fczdenek az\u00e9rt, hogy a magyar t\u00f6mbvid\u00e9k konszolid\u00e1l\u00f3djon, de m\u00e9gis Orb\u00e1n Viktor kell fel\u00faj\u00edtsa a templomaikat \u00e9s oktat\u00e1si int\u00e9zm\u00e9nyeiket, de ha a t\u00f6mbvid\u00e9kr\u0151l van sz\u00f3, az igazs\u00e1ghoz az is hozz\u00e1tartozik, hogy a t\u00f6mbmagyar vid\u00e9kr\u0151l sz\u00e1rmaz\u00f3 fiataloknak k\u00f6sz\u00f6nhet\u0151 az is, hogy a n\u00e9psz\u00e1ml\u00e1l\u00e1skor nem 3%-nyi magyart tal\u00e1ltak Kolozsv\u00e1ron, mert akkor a Tanstelex m\u00e1r r\u00e9g becsukhatta volna a kapuit, \u00e9s ma m\u00e1r Bukarestben, az RMDSZ sajt\u00f3irod\u00e1j\u00e1ban tologatn\u00e1k az RMDSZ szeker\u00e9t.<\/p>\n<\/div>\n\n\n\n<div class=\"wp-block-group vendeg-szoveg has-global-padding is-layout-constrained wp-block-group-is-layout-constrained\">\n<p><em>No, de r\u00e1\u00e9r\u00fcnk erre m\u00e9g<\/em>, mondhatn\u00e1nk Pet\u0151fi nyom\u00e1n Pat\u00f3 P\u00e1llal. A 200 \u00e9ve sz\u00fcletett k\u00f6lt\u0151 nemcsak sz\u00f3l\u00e1ss\u00e1 v\u00e1lt verssora miatt jutott esz\u00fcnkbe, hanem az\u00e9rt is, mert a 2023-as bicenten\u00e1riumi \u00e9vben \u00e9pp az \u0151 nev\u00e9t haszn\u00e1lt\u00e1k fel legt\u00f6bbsz\u00f6r a magyar nemzeti \u00e9rzelmek h\u0151fok\u00e1nak felteker\u00e9s\u00e9re.<\/p>\n<\/div>\n\n\n\n<div class=\"wp-block-group normal-szoveg kozbeekeles-1 has-global-padding is-layout-constrained wp-block-group-is-layout-constrained\">\n<p>Semmilyen gond nincs a \u201cmagyar nemzeti \u00e9rzelmek h\u0151fok\u00e1nak felteker\u00e9s\u00e9vel\u201d, mint ahogy a d\u00e1n vagy lengyel nemzeti \u00e9rzelmek h\u0151fok\u00e1nak felteker\u00e9s\u00e9vel sincs semmi gond \u00f6nmag\u00e1ban, hiszen minden nemzetnek sz\u00e1mos oka van arra, hogy b\u00fcszke legyen a saj\u00e1t kult\u00far\u00e1j\u00e1ra, egy kisebbs\u00e9g eset\u00e9n ezen fennakadni pl\u00e1ne probl\u00e9m\u00e1s. Vajon a Transtelexnek az a c\u00e9lja, hogy a rom\u00e1niai magyarok nemzeti \u00e9rzelmei megsz\u0171njenek, \u00e9s beolvadjanak egy, a Transtelex sz\u00e1m\u00e1ra szimpatikus t\u00f6bbs\u00e9gbe? Vajon ugyanilyen cinikusan reag\u00e1lt volna a Transtelex egy Radn\u00f3ti vagy egy Eminescu eml\u00e9k\u00e9vre is? K\u00f6lt\u0151i k\u00e9rd\u00e9s. Pet\u0151finek pedig nem csak a nev\u00e9t haszn\u00e1lt\u00e1k fel a programok sor\u00e1n, hanem a m\u0171veit is, amely, ha tetszik, ha nem, a magyar kult\u00fara szerves \u00e9s \u00e9rt\u00e9kes r\u00e9sze, tov\u00e1bb\u00e1, \u00e9ppen Pet\u0151fir\u0151l nagyon nehezen lenne lev\u00e1laszthat\u00f3 a \u201cmagyar nemzeti \u00e9rzelmek h\u0151fok\u00e1nak felteker\u00e9se\u201d mint olyan, teh\u00e1t, ha a Transtelex ennyire nem \u00e9rzi Pet\u0151fit mag\u00e1\u00e9nak, akkor felmer\u00fcl a k\u00e9rd\u00e9s, hogy mi\u00e9rt akar a kommentel\u0151kn\u00e9l t\u00f6bbet tudni a sepsiszentgy\u00f6rgyi Pet\u0151fi-szobor kapcs\u00e1n.<\/p>\n<\/div>\n\n\n\n<div class=\"wp-block-group vendeg-szoveg has-global-padding is-layout-constrained wp-block-group-is-layout-constrained\">\n<h3 class=\"wp-block-heading\"><strong>Az \u00e9v legf\u00f6l\u00f6slegesebb politikai dzsemborija: az RMDSZ temesv\u00e1ri kongresszusa<\/strong><\/h3>\n\n\n\n<p>Az egyik nagy alkalom, hogy kibesz\u00e9lj\u00fck a n\u00e9psz\u00e1ml\u00e1l\u00e1s eredm\u00e9nyeit, vagy legal\u00e1bbis megismerj\u00fck, mit gondol err\u0151l az RMDSZ, a p\u00e1rt temesv\u00e1ri kongresszusa lett volna, amit \u00e1prilisban tartottak meg a b\u00e1ns\u00e1gi v\u00e1rosban, amely Eur\u00f3pa Kultur\u00e1lis F\u0151v\u00e1rosa volt a tavaly.<\/p>\n<\/div>\n\n\n\n<div class=\"wp-block-group normal-szoveg kozbeekeles-1 has-global-padding is-layout-constrained wp-block-group-is-layout-constrained\">\n<p><\/p>\n\n\n\n<p>\u00c9rdekes, hogy a Transtelexnek \u00edgy \u00e9v v\u00e9g\u00e9n esz\u00e9be jut a t\u00e9ma, ugyanis a kongresszus alatt ezt egy\u00e1ltal\u00e1n nem tematiz\u00e1lt\u00e1k, holott jelen voltak a kongresszuson, kiz\u00e1r\u00f3lag szem\u00e9lyi \u00fcgyekkel foglalkoztak (mi\u00e9rt nincs Kelemennek kih\u00edv\u00f3ja k\u00f6rk\u00e9rd\u00e9s), \u00e9s ezen k\u00edv\u00fcl \u00f6nmagukhoz h\u00edven, szolgaian le\u00edrt\u00e1k, hogy mi t\u00f6rt\u00e9nt ott.<\/p>\n\n\n\n<p>Egy p\u00e1rt kongresszusa nem megfelel\u0151 f\u00f3rum arra, hogy egy demogr\u00e1fiai fogy\u00e1st megvitassanak, demogr\u00e1fiai k\u00e9rd\u00e9sekr\u0151l vit\u00e1zzanak. A t\u00e1rsadalom, ezen bel\u00fcl a sajt\u00f3 feladata a p\u00e1rtot r\u00e1b\u00edrni, hogy a p\u00e1rtok fontos t\u00e1rsadalmi k\u00e9rd\u00e9seket ne tudjanak kiker\u00fclni. (Mondjuk eset\u00fcnkben nincs \u00e9rtelme a t\u00f6bbes sz\u00e1mnak.) Esetleg a Transtelex m\u00e9gis az RMDSZ-t\u0151l v\u00e1rja a k\u00e9rd\u00e9s szakmai megvitat\u00e1s\u00e1t, \u00e9s nem a Transtelex has\u00e1bjain el\u0151szeretettel megsz\u00f3laltatott \u00e9s a Dial\u00f3g esteken sokszor megh\u00edvott t\u00e1rsadalomtud\u00f3sokt\u00f3l?<\/p>\n<\/div>\n\n\n\n<div class=\"wp-block-group vendeg-szoveg has-global-padding is-layout-constrained wp-block-group-is-layout-constrained\">\n<p>A sz\u00f6vets\u00e9g azonban \u00fagy d\u00f6nt\u00f6tt, hogy a kongresszuson a korm\u00e1nyzati szerep\u00e9re helyezi a hangs\u00falyt,<\/p>\n<\/div>\n\n\n\n<div class=\"wp-block-group normal-szoveg kozbeekeles-1 has-global-padding is-layout-constrained wp-block-group-is-layout-constrained\">\n<p>Politikai kisokos \u00fajs\u00e1g\u00edr\u00f3k sz\u00e1m\u00e1ra, \u201cA\u201d bet\u0171: Nincs olyan p\u00e1rt sz\u00e9les e vil\u00e1gon, term\u00e9szetesen bele\u00e9rtve az izlandi viccp\u00e1rtot, amely ne a politikai szerep\u00e9r\u0151l besz\u00e9lne a saj\u00e1t kongresszus\u00e1n, \u00e9s ne az lenne a c\u00e9lja, hogy korm\u00e1nyra ker\u00fclj\u00f6n.<\/p>\n\n\n\n<p>Politikai kisokos \u00fajs\u00e1g\u00edr\u00f3k sz\u00e1m\u00e1ra, \u201cB\u201d bet\u0171: Az RMDSZ kisebbs\u00e9gi p\u00e1rt. Nem hi\u00e1nyoztak a kisebbs\u00e9gekkel kapcsolatos k\u00e9rd\u00e9sek a kongresszusr\u00f3l? (El\u00e1ruljuk: de.)<\/p>\n<\/div>\n\n\n\n<div class=\"wp-block-group vendeg-szoveg has-global-padding is-layout-constrained wp-block-group-is-layout-constrained\">\n<p>\u00e9s ki is tal\u00e1lta hozz\u00e1 a megfelel\u0151 szlogent: <em>A k\u00f6z\u00f6ss\u00e9g\u00e9rt korm\u00e1nyozunk!<\/em> \u00c9pp a <a href=\"https:\/\/transtelex.ro\/kozelet\/2023\/05\/04\/transtelex-dialog-rmdsz-erdely-politika\">Transtelex Dial\u00f3g ki\u00e9rt\u00e9kel\u0151j\u00e9n<\/a> hangzott el Kiss Tam\u00e1s szociol\u00f3gus r\u00e9sz\u00e9r\u0151l, hogy az RMDSZ temesv\u00e1ri kongresszus\u00e1n bemutatott <a href=\"https:\/\/rmdsz.ro\/upload\/RMDSZ_Prioritasai_2023-04-29_PAGE.pdf\">programdokumentum<\/a> a p\u00e1rtnak a rom\u00e1n korm\u00e1nnyal \u00e9s az Eur\u00f3pai Uni\u00f3val val\u00f3 kapcsolat\u00e1t hangs\u00falyozta, mik\u00f6zben a Fideszr\u0151l nem tett eml\u00edt\u00e9st. Ezzel a sz\u00f6vets\u00e9g azt jelezte volna, hogy a magyarorsz\u00e1gi er\u0151forr\u00e1sok megcsappan\u00e1sa \u00e9s a rom\u00e1niai er\u0151forr\u00e1sok fel\u00e9rt\u00e9kel\u0151d\u00e9se miatt l\u00e9pett egyet Bukarest ir\u00e1ny\u00e1ba. Csakhogy elk\u00e9sett. Mondhatni elv\u00e9tette a t\u00e1ncl\u00e9p\u00e9st.<\/p>\n<\/div>\n\n\n\n<div class=\"wp-block-group normal-szoveg kozbeekeles-1 has-global-padding is-layout-constrained wp-block-group-is-layout-constrained\">\n<p>Politikai kisokos t\u00e1rsadalomtud\u00f3soknak \u00e9s m\u00e9di\u00e1ban dolgoz\u00f3knak, \u201cC\u201d bet\u0171: Az el\u0151z\u0151 dokumentumot <a href=\"https:\/\/rmdsz.ro\/upload\/dokumetumok\/Kongresszus%202021\/CselekvesiTerv_RMDSZ_Kongresszus2021.pdf\">megn\u00e9zt\u00e9k<\/a>? Aj\u00e1nlott keres\u0151sz\u00f6veg: \u201cmagyar korm\u201d. Mindkett\u0151ben ugyanaz van: nem a Fidesz, hanem Magyarorsz\u00e1g Korm\u00e1nya szerepel mindkett\u0151ben, azzal kapcsolatosan, hogy folytatj\u00e1k az egy\u00fcttm\u0171k\u00f6d\u00e9st.<\/p>\n\n\n\n<p>\u00c9s, hogy a Fidesz nem szerepel egyik dokumentumban sem, term\u00e9szetes is: az RMDSZ egy rom\u00e1niai p\u00e1rt, a programdokumentum\u00e1ban term\u00e9szetes m\u00f3don, saj\u00e1t \u00e9rdek\u00e9ben a rom\u00e1n korm\u00e1nnyal \u00e9s az EU-val val\u00f3 kapcsolat\u00e1t kell taglalja, nem egy szomsz\u00e9dos orsz\u00e1g politikai p\u00e1rtj\u00e1val val\u00f3 kapcsolat\u00e1t.<\/p>\n\n\n\n<p>Szerencs\u00e9s lenne, hogyha a Transtelex a j\u00f6v\u0151ben crowdfundinggal alkalmazna egy valamire val\u00f3, f\u00fcggetlen, politikai elemz\u00e9shez \u00e9rt\u0151 \u00fajs\u00e1g\u00edr\u00f3t (ami neh\u00e9z lesz, mert ilyen nem l\u00e9tezik a rom\u00e1niai magyar k\u00f6z\u00f6ss\u00e9gben), vagy legal\u00e1bb id\u0151nk\u00e9nt megsz\u00f3laltathatn\u00e1nak egyet (\u00e9s nem Kiss Tam\u00e1st, mert \u0151 nem politikai elemz\u0151), ugyanis ez az elemz\u00e9s teljes m\u00e9rt\u00e9kben spekulat\u00edv. Az RMDSZ a Fidesszel, a KDNP-vel \u00e9s a magyar korm\u00e1nnyal el\u00e9g hossz\u00fa ideje egy\u00fcttm\u0171k\u00f6dik, \u00e9s ez nem jelentett akad\u00e1lyt a korm\u00e1nyzati szerep bet\u00f6lt\u00e9s\u00e9ben, mint ahogy a tavalyi \u00e9vben sem ez volt az oka annak, hogy az RMDSZ kiker\u00fclt a korm\u00e1nyb\u00f3l. K\u00f6nnyen meglehet, hogy ez egy tudatos taktik\u00e1z\u00e1s az RMDSZ r\u00e9sz\u00e9r\u0151l, \u00e9s az am\u00fagy is j\u00f3l bev\u00e1lt \u201cha nem lesz\u00fcnk korm\u00e1nyon, mind meghalunk\u201d \u00fczenet\u00fcket real life szimul\u00e1ci\u00f3val tervezt\u00e9k implement\u00e1lni, hiszen a k\u00f6zv\u00e9lem\u00e9nykutat\u00e1sok azt m\u00e9rt\u00e9k, hogy a p\u00e1rt nehezen \u00e9rn\u00e9 el az 5%-ot, viszont a f\u00e9lelemkelt\u00e9s mindig sok szavazatot hozott az RMDSZ konyh\u00e1j\u00e1ra. Ennek megfelel\u0151en m\u00e1r t\u00f6bb h\u00f3napja zajlik a szok\u00e1sos kamp\u00e1ny, ahol pet\u00edci\u00f3z\u00e1ssal \u00e9s adathal\u00e1sz\u00e1ssal (l\u00e1sd Antal \u00c1rp\u00e1d happeningje a sepsiszentgy\u00f6rgyi v\u00e1rosi z\u00e1szl\u00f3 k\u00f6r\u00fcl) haszn\u00e1lja ki az RMDSZ a saj\u00e1t rossz korm\u00e1nyzati teljes\u00edtm\u00e9ny\u00e9t. RMDSZ &#8211; rom\u00e1niai magyarok meccsen 2:0 az \u00e1ll\u00e1s, \u00e9s nincs a m\u00e9rk\u0151z\u00e9snek szakkomment\u00e1tora. Ugyanerre p\u00e9lda a 2019-es EP v\u00e1laszt\u00e1sok el\u0151tt h\u00e1rom nappal az RMDSZ korm\u00e1nykoal\u00edci\u00f3s meg\u00e1llapod\u00e1sb\u00f3l val\u00f3 kil\u00e9p\u00e9se, amely k\u00e9t EP-mand\u00e1tumot hozott az RMDSZ-nek.<\/p>\n<\/div>\n\n\n\n<div class=\"wp-block-group vendeg-szoveg has-global-padding is-layout-constrained wp-block-group-is-layout-constrained\">\n<h3 class=\"wp-block-heading\"><strong>Az \u00e9v meglepet\u00e9se: az RMDSZ kipender\u00edt\u00e9se a korm\u00e1nykoal\u00edci\u00f3b\u00f3l<\/strong><\/h3>\n\n\n\n<p><mark style=\"background-color:#ffffff\" class=\"has-inline-color\">[&#8230;&#8230;&#8230;.]<\/mark><\/p>\n\n\n\n<p>&#8230;a liber\u00e1lisok r\u00e1rep\u00fcltek a k\u00f6rnyezetv\u00e9delmi miniszt\u00e9riumra, az RMDSZ sarokba szorult. A politikai partnerek sorra olyan aj\u00e1nlatokkal \u00e1lltak el\u0151, amit az RMDSZ nem fogadhatott el. Lassan kih\u00fazt\u00e1k azt\u00e1n al\u00f3la a Cseke Attila vezette fejleszt\u00e9si miniszt\u00e9riumot, a k\u00f6rnyezetv\u00e9delmi t\u00e1rca is el\u00faszott, \u00e9s miut\u00e1n mindenb\u0151l kiforgatt\u00e1k, olyan jelent\u00e9ktelen t\u00e1rc\u00e1kat k\u00edn\u00e1ltak fel neki, amir\u0151l egy\u00e9rtelm\u0171 volt, hogy ezt elfogadni nem lehet. \u00cdgy esett, hogy a nagy rot\u00e1ci\u00f3s p\u00f6rg\u00e9sben a centrifug\u00e1lis er\u0151 kivetette az RMDSZ-t a rendszerb\u0151l, \u00e9s j\u00fanius \u00f3ta az alakulat a p\u00e1lya sz\u00e9l\u00e9r\u0151l figyeli a nagypolitik\u00e1t.<\/p>\n<\/div>\n\n\n\n<div class=\"wp-block-group normal-szoveg kozbeekeles-1 has-global-padding is-layout-constrained wp-block-group-is-layout-constrained\">\n<p>Tal\u00e1n ez az a pont, ahol v\u00e9gre meg\u00e9rthetj\u00fck, hogy val\u00f3j\u00e1ban az RMDSZ p\u00e1ly\u00e1j\u00e1r\u00f3l volt sz\u00f3 a cikk elej\u00e9n a rom\u00e1niai magyarok p\u00e1ly\u00e1n val\u00f3 elhelyezked\u00e9si koordin\u00e1t\u00e1i kapcs\u00e1n. Teh\u00e1t ez ugyanannak a p\u00e1ly\u00e1nak sz\u00e9le, mint a cikk elej\u00e9n eml\u00edtett p\u00e1lya sz\u00e9le, ahol a rom\u00e1niai magyar k\u00f6z\u00f6ss\u00e9g \u00e9s az RMDSZ mind\u00f6r\u00f6kre sz\u00e9tv\u00e1laszthatatlanul, egy\u00fctt hegyezik a zabot, \u00e1rulj\u00e1k a petrezselymet &#8211; vagy futnak be gy\u0151ztesen, egy\u00fctt a p\u00e1lya (sz\u00e9l\u00e9nek a) k\u00f6zep\u00e9re.<\/p>\n<\/div>\n\n\n\n<div class=\"wp-block-group vendeg-szoveg has-global-padding is-layout-constrained wp-block-group-is-layout-constrained\">\n<p>A rossz nyelvek azonban azt besz\u00e9lik, hogy b\u00e1r nincs korm\u00e1nyon az RMDSZ, az\u00e9rt a szoci\u00e1ldemokrata korm\u00e1nyf\u0151 sz\u00e1m\u00edthat a seg\u00edts\u00e9g\u00e9re, tal\u00e1n ennek k\u00f6sz\u00f6nhet\u0151en siker\u00fclt az RMDSZ-nek megtartania prefektusait \u00e9s alprefektusait, meg\u0151riznie az \u00e1llamtitk\u00e1r\u00e1t az oktat\u00e1s\u00fcgyi miniszt\u00e9riumban, \u00e9s ki\u00fcgyeskedni egy sz\u00e1mvev\u0151sz\u00e9ki \u00e1ll\u00e1st Laczik\u00f3 Enik\u0151nek, aki<a href=\"https:\/\/transtelex.ro\/kozelet\/2023\/10\/11\/lacziko-eniko-rmdsz-dri-allamtitkarsag-tavozas\"> t\u00e1vozott az Etikumk\u00f6zi Kapcsolatok Hivatal\u00e1nak \u00e9l\u00e9r\u0151l<\/a>. Laczik\u00f3t egy\u00e9bk\u00e9nt <a href=\"https:\/\/transtelex.ro\/kozelet\/2023\/10\/25\/lacziko-eniko-dri-nemzeti-kisebbsegek-jogok-interju\">meg is interj\u00favoltuk<\/a>, hogy l\u00e1ssuk, hogyan \u00e9rt\u00e9keli a DRI \u00e9l\u00e9n elt\u00f6lt\u00f6tt \u00e9veit.<\/p>\n<\/div>\n\n\n\n<div class=\"wp-block-group normal-szoveg kozbeekeles-1 has-global-padding is-layout-constrained wp-block-group-is-layout-constrained\">\n<p><\/p>\n\n\n\n<p>A Laczik\u00f3 Enik\u0151 interj\u00fat nem szeretn\u00e9nk min\u0151s\u00edteni. Viszont a tartalm\u00e1nak \u00f6r\u00fclhetnek az asszimil\u00e1lt rom\u00e1niai tat\u00e1rok, akinek a jogai\u00e9rt Laczik\u00f3 Enik\u0151 nagyon kem\u00e9nyen k\u00fczd\u00f6tt a DRI \u00e9l\u00e9n, miut\u00e1n az RMDSZ-nek \u00e1tutalta azt a p\u00e9nzt, amelyet a rom\u00e1n \u00e1llam nagyvonal\u00faan a rom\u00e1niai magyaroknak biztos\u00edt. Javasoljuk, hogy a Transtelex n\u00e9zzen v\u00e9gre ut\u00e1na annak, hogy ezek a p\u00e9nzek kiknek a zseb\u00e9be, sz\u00e1ml\u00e1j\u00e1ra ker\u00fclnek, a Transtelex szerkeszt\u0151i azok, akik l\u00e1tj\u00e1k, l\u00e1tt\u00e1k a politik\u00e1t bel\u00fcr\u0151l, \u00e9rintettk\u00e9nt felt\u00e1rhatj\u00e1k, hogy hogyan korrump\u00e1lja a rom\u00e1niai magyar elitet az RMDSZ ezzel a p\u00e9nzzel is. Ennek az \u00e9vente t\u00edz milli\u00f3 eur\u00f3s t\u00e9telnek a sz\u00e9toszt\u00e1si m\u00f3dj\u00e1nak k\u00e1rt\u00e9kony hat\u00e1s\u00e1r\u00f3l m\u00e9g nem olvastunk semmit a Transtelexen, csak a magyarorsz\u00e1gi t\u00e1mogat\u00e1sok felette k\u00e1ros volt\u00e1r\u00f3l. \u00d6sszehasonl\u00edt\u00e1sul, meg lehet n\u00e9zni, hogy ebben a rom\u00e1niai magyar progressz\u00edv m\u00e9diaterm\u00e9kben mind\u00f6ssze <a href=\"https:\/\/transtelex.ro\/kozelet\/2023\/08\/04\/iden-a-politikai-partok-osszesen-258-millio-lej-kozpenzt-kapnak-derul-ki-az-efor-2023-as-politikai-parttamogatasokrol-szolo-jelentesebol\">ez a k\u00e9t<\/a><a href=\"https:\/\/transtelex.ro\/kozelet\/2023\/03\/16\/rmdsz-koltsegvetes-penz-kisebbsegi-alap\">cikk van a<\/a> t\u00e9m\u00e1ban, \u00e9s az is hogyan mism\u00e1sol. De csak ak\u00e1r egy <a href=\"https:\/\/www.libertatea.ro\/stiri\/guvernul-a-impartit-48-de-milioane-de-euro-pentru-minoritati-udmr-va-incasa-ca-organizatie-10-milioane-ca-partid-ar-fi-primit-doar-trei-4481119\">ilyen m\u00e9lys\u00e9g\u0171 cikket<\/a> mikor olvashatunk a Transetelexen? El\u00e9g ijeszt\u0151 jelens\u00e9g, hogy a rom\u00e1niai magyarok kev\u00e9sb\u00e9 ismerik a saj\u00e1t p\u00e1rtjuk \u201cfantasztikus politikai teljes\u00edtm\u00e9ny\u00e9t\u201d, mint a t\u00f6bbs\u00e9gi t\u00e1rsadalom, vagy annak pontos szerep\u00e9t a rom\u00e1niai politikai rendszerben, \u00e9s hogy ennek semmi k\u00f6ze a rom\u00e1niai magyarok k\u00e9pviselet\u00e9hez, tal\u00e1n err\u0151l kellett volna szubjekt\u00edv elemz\u00e9st \u00edrni az \u00e9v v\u00e9g\u00e9n, \u00e9s mindegyik \u00e9v v\u00e9g\u00e9n az elm\u00falt 25 \u00e9vben. Ha ezt szerett\u00e9k volna jelezni azzal, hogy az erd\u00e9lyi magyarok nincsenek a p\u00e1ly\u00e1n, el is tudn\u00e1nk fogadni, de err\u0151l sz\u00f3 sincs.<\/p>\n<\/div>\n\n\n\n<div class=\"wp-block-group vendeg-szoveg has-global-padding is-layout-constrained wp-block-group-is-layout-constrained\">\n<p><mark style=\"background-color:#ffffff\" class=\"has-inline-color\">[&#8230;&#8230;&#8230;.]<\/mark><\/p>\n\n\n\n<h3 class=\"wp-block-heading\"><strong>Az \u00e9v ki\u00e1ll\u00e1sa: a pedag\u00f3gusok sztr\u00e1jkja<\/strong><\/h3>\n\n\n\n<p>A nyolcadikos di\u00e1kok k\u00e9pess\u00e9gfelm\u00e9r\u0151j\u00e9t id\u00e9n a tan\u00fcgyi alkalmazottak sztr\u00e1jkja el\u0151zte meg, a Spiru Haret Szakszervezeti Sz\u00f6vets\u00e9g szerint t\u00f6bb mint 150 ezer pedag\u00f3gus \u00e9s tov\u00e1bbi 60-70 ezer kiseg\u00edt\u0151 szem\u00e9lyzet vett r\u00e9szt a sztr\u00e1jkban. A rom\u00e1niai fels\u0151oktat\u00e1si szakszervezetek is szolidarit\u00e1si sztr\u00e1jkot tartottak a k\u00f6zoktat\u00e1si dolgoz\u00f3k mellett. A magyarorsz\u00e1gi Pedag\u00f3gusok Demokratikus Szakszervezete is szolidarit\u00e1s\u00e1t fejezte ki a rom\u00e1niai koll\u00e9g\u00e1kkal: <em>\u201eGratul\u00e1lunk a kitart\u00e1sotokhoz \u00e9s a magas r\u00e9szv\u00e9telhez. B\u00edzunk benne hogy a sztr\u00e1jk folytat\u00e1s\u00e1val \u00e9s a mai napra meghirdetett nagy demonstr\u00e1ci\u00f3val siker\u00fcl korm\u00e1nyotokat val\u00f3s aj\u00e1nlat megt\u00e9tel\u00e9re sarkallni. Ne h\u00e1tr\u00e1ljatok. A magyar pedag\u00f3gusok, di\u00e1kok \u00e9s sz\u00fcl\u0151k Veletek vannak!\u201d \u2013 <\/em>\u00edrt\u00e1k.&nbsp;<\/p>\n\n\n\n<p>A magyarorsz\u00e1gi szolidarit\u00e1si \u00fczenet nem v\u00e9letlen: eg\u00e9sz \u00e9vben t\u00fcntettek oda\u00e1t is a di\u00e1kok, pedag\u00f3gusok az\u00e9rt, mert a korm\u00e1ny ellehetetlen\u00edtette a tan\u00fcgy j\u00f6v\u0151j\u00e9t.<\/p>\n<\/div>\n\n\n\n<div class=\"wp-block-group normal-szoveg kozbeekeles-1 has-global-padding is-layout-constrained wp-block-group-is-layout-constrained\">\n<p>A Transtelex szerint a rom\u00e1niai pedag\u00f3gus sztr\u00e1jk legfontosabb momentuma, hogy egy <em>szomsz\u00e9dos orsz\u00e1g<\/em> pedag\u00f3gusai hogyan reag\u00e1ltak a t\u00fcntet\u00e9s\u00fck kapcs\u00e1n. Mivel a rom\u00e1niai tan\u00fcgyi sztr\u00e1jkot \u00f3ri\u00e1si szimp\u00e1ti\u00e1val k\u00f6vette a magyarorsz\u00e1gi k\u00f6zv\u00e9lem\u00e9ny, a Transtelex nem tehette meg, hogy ne k\u00f6vesse a sztr\u00e1jkot, \u00edgy a kolozsv\u00e1ri t\u00fcntet\u00e9sekr\u0151l is k\u00e9sz\u00edtett helysz\u00edni riportokat, amelyekben megsz\u00f3lalt n\u00e9h\u00e1ny magyar nemzetis\u00e9g\u0171 sztr\u00e1jkol\u00f3 tan\u00e1r is, de ezen t\u00falmen\u0151en nem biztos\u00edtott megsz\u00f3lal\u00e1si lehet\u0151s\u00e9get a t\u00e1rsadalom tagjainak, oktat\u00e1si szakembereknek, hogy a sztr\u00e1jkr\u00f3l val\u00f3 korabeli RMDSZ-uralta hektikus k\u00f6zbesz\u00e9det helyre\u00e1ll\u00edts\u00e1k. Az RMDSZ-t mint korm\u00e1nyp\u00e1rtot sem helyezt\u00e9k nyom\u00e1s al\u00e1, holott a Maszolon megjelent cikkekb\u0151l is l\u00e1tni lehetett, hogy az RMDSZ arra j\u00e1tszik, hogy min\u00e9l ink\u00e1bb le\u00e9p\u00edtse a t\u00e1rsadalmi szolidarit\u00e1st a rom\u00e1niai magyarok k\u00f6r\u00e9ben. A Transtelexen ezzel kapcsolatosan megjelent egyetlen v\u00e9lem\u00e9nycikk tudatosan v\u00e9lem\u00e9nycikk\u00e9nt fogadja el azt a Maszol-cikket is, amelyre reag\u00e1l, \u201celfelejti\u201d, hogy a Maszolon megjelen\u0151 v\u00e9lem\u00e9nyek ir\u00e1ny\u00edtottak, \u00e9s ezzel elker\u00fcli a ny\u00edlt konfront\u00e1ci\u00f3t a minisztereln\u00f6k-helyettessel, Kelemen Hunorral, aki egy\u00e9bk\u00e9nt maga is megsz\u00f3lalt a Maszolon. H\u00e1la istennek teh\u00e1t, hogy Magyarorsz\u00e1gon sz\u00fcletnek bizonyos nyilatkozatok, amelyek nyilv\u00e1noss\u00e1got is kapnak, ezeket sokkal egyszer\u0171bb \u00e1tvenni, \u00edgy nem kell szakszer\u0171 anyagokat \u00edrni a rom\u00e1niai magyar oktat\u00e1si k\u00e9rd\u00e9sekr\u0151l.<\/p>\n\n\n\n<p>A magyar korm\u00e1ny \u00e1ltal ellehetetlen\u00edtett tan\u00fcgyh\u00f6z k\u00e9pest a rom\u00e1niai magyar oktat\u00e1s ezer sebb\u0151l v\u00e9rzik, hossz\u00fa \u00e9vek \u00f3ta nincsenek magyar tank\u00f6nyvek, \u00e9s a Transtelex \u00e1ltal nagyon \u00fcdv\u00f6z\u00f6lt, \u00e9s nagyra tartott holokauszt t\u00f6rt\u00e9nete (Istoria evreilor. Holocaustul) tant\u00e1rgyat, amelyet 2023-ban vezettek be, szint\u00e9n rom\u00e1n nyelv\u0171 tank\u00f6nyvb\u0151l tan\u00edtj\u00e1k a magyar gyermekeknek. Ezt a fontos kisebbs\u00e9gi t\u00e9mak\u00f6rt taglal\u00f3 tant\u00e1rgy bevezet\u00e9s\u00e9t egy hosszas folyamat el\u0151zte meg. Ez alatt az id\u0151 alatt az RMDSZ korm\u00e1nyon volt, r\u00e1ad\u00e1sul Laczik\u00f3 Enik\u0151 elmond\u00e1sa szerint az \u00e1ltala vezetett DRI (interetnikus kapcsolatok hivatala) javasolta a tant\u00e1rgy bevezet\u00e9s\u00e9t, \u00e9s mindezek mellett, m\u00e9gsem jutott az esz\u00e9be senkinek az RMDSZ-ben, hogy ezt a k\u00f6nyvet le kell ford\u00edtani magyarra is. \u00c9s esetleg figyelni a tartalm\u00e1ra is, hogy ne csak az \u00e9szak-erd\u00e9lyi holokausztr\u00f3l legyen sz\u00f3 benne. K\u00e9t fontos magyar d\u00f6nt\u00e9shoz\u00f3 szerepl\u0151 jelenl\u00e9te mellett a holokauszt oktat\u00e1s szempontj\u00e1b\u00f3l a magyar k\u00f6z\u00f6ss\u00e9g val\u00f3ban k\u00e9t sz\u00e9k k\u00f6z\u00f6tt a padl\u00f3ra esett. \u00c9s ez\u00e9rt nem Orb\u00e1n Viktor a hib\u00e1s.<\/p>\n<\/div>\n\n\n\n<div class=\"wp-block-group vendeg-szoveg has-global-padding is-layout-constrained wp-block-group-is-layout-constrained\">\n<h3 class=\"wp-block-heading\"><strong>Aki m\u00e9g George Simiont is kiel\u0151zte a populista versenyben: Diana \u0218o\u0219oac\u0103<\/strong><\/h3>\n\n\n\n<p><mark style=\"background-color:#ffffff\" class=\"has-inline-color\">[&#8230;&#8230;&#8230;.]<\/mark><\/p>\n\n\n\n<p>A rom\u00e1n parlament Sz\u00f6rnyell\u00e1ja<\/p>\n<\/div>\n\n\n\n<div class=\"wp-block-group normal-szoveg kozbeekeles-1 has-global-padding is-layout-constrained wp-block-group-is-layout-constrained\">\n<p>A \u201cSz\u00f6rnyella\u201d kifejez\u00e9s s\u00farolja a szexizmus hat\u00e1rait. Az\u00e9rt is, mert ugyanekkor George Simion nem kapott semmif\u00e9le jelz\u0151t, \u00e9s maga a kifejez\u00e9s is szexista. Putyinnak t\u00f6meggyilkosk\u00e9nt mi volt az eddigi legkem\u00e9nyebb jelz\u0151je a Transtelexen? Az ilyen kifejez\u00e9sekkel f\u0151leg nem az \u00e9rintett m\u00e9lt\u00f3s\u00e1ga miatt kell cs\u00ednj\u00e1n b\u00e1njon a progressz\u00edv m\u00e9dia, hanem az\u00e9rt, mert ez szubtilis \u00fczenet minden fiatal l\u00e1nyolvas\u00f3nak, aki politikai p\u00e1ly\u00e1ra l\u00e9pne.<\/p>\n<\/div>\n\n\n\n<div class=\"wp-block-group vendeg-szoveg has-global-padding is-layout-constrained wp-block-group-is-layout-constrained\">\n<p>Zelenszkij ellen is t\u00fcntetett, amikor az ukr\u00e1n eln\u00f6k Bukarestben tett l\u00e1togat\u00e1st, \u00e9s Nagy-Rom\u00e1nia t\u00e9rk\u00e9ppel a kez\u00e9ben k\u00f6vetelte vissza azokat a ter\u00fcleteket, amelyek megl\u00e1t\u00e1sa szerint Rom\u00e1ni\u00e1t illetn\u00e9k.<\/p>\n\n\n\n<p>Diana \u0218o\u0219oac\u0103 oroszbar\u00e1ts\u00e1ga is messze f\u00f6ld\u00f6n h\u00edres, a Transtelexen t\u00f6bbsz\u00f6r \u00edrtunk r\u00f3la, hogy <a href=\"https:\/\/transtelex.ro\/kozelet\/2023\/05\/04\/sosoaca-erolteti-az-oroszpartisagot-allando-vendeg-a-bukaresti-orosz-nagykovetseg-rendezvenyein\">elmaradhatatlan vend\u00e9ge az orosz nagyk\u00f6vets\u00e9g rendezv\u00e9nyeinek<\/a>.<\/p>\n<\/div>\n\n\n\n<div class=\"wp-block-group normal-szoveg kozbeekeles-1 has-global-padding is-layout-constrained wp-block-group-is-layout-constrained\">\n<p>\u00dajra jelezni szeretn\u00e9nk, hogy nagy sz\u00fcks\u00e9g volna egy f\u00fcggetlen politikai elemz\u0151re a Transtelex szerkeszt\u0151s\u00e9gben, ugyanis az AUR-nak \u0218o\u0219oac\u00e1n\u00e1l sokkal kiterjedtebb orosz kapcsolatrendszere van, \u00e9s az\u00e9rt valamivel nagyobb p\u00e1rt is, mint a \u0218o\u0219oac\u0103 form\u00e1ci\u00f3ja, de nyilv\u00e1n egy n\u0151i politikust szexibb kritiz\u00e1lni a 21. sz\u00e1zadban. (V\u00f6. \u201cTe agresez sexual, scroafo\u201d &#8211; George Simion.) Ez\u00e9rt sem Orb\u00e1n Viktor a hib\u00e1s.<\/p>\n<\/div>\n\n\n\n<div class=\"wp-block-group vendeg-szoveg has-global-padding is-layout-constrained wp-block-group-is-layout-constrained\">\n<h3 class=\"wp-block-heading\"><strong>Agy\u0151, antiszemitizmus, j\u00f6vel, korm\u00e1nyz\u00e1s! \u2013 A szuperv\u00e1laszt\u00e1si \u00e9v meglepet\u00e9se lehet az AUR<\/strong><\/h3>\n\n\n\n<p>Korm\u00e1nyz\u00e1sra k\u00e9sz\u00fcl a Rom\u00e1nok Egyes\u00fcl\u00e9s\u00e9\u00e9rt Sz\u00f6vets\u00e9g (AUR), mondt\u00e1k ki els\u0151k\u00e9nt a liber\u00e1lisok, akik szerint a szoci\u00e1ldemokrat\u00e1k m\u00e1r meg is k\u00f6t\u00f6tt\u00e9k a rom\u00e1n sz\u00e9ls\u0151jobbosokkal a h\u00e1tt\u00e9ralkut a 2024-es v\u00e1laszt\u00e1sok ut\u00e1nra vonatkoz\u00f3an. A Fidesz retorik\u00e1j\u00e1t piros-s\u00e1rga-k\u00e9kben alkalmaz\u00f3 nacionalist\u00e1k komolyan veszik a lehet\u0151s\u00e9get: m\u00e1ris elhat\u00e1rol\u00f3dtak kor\u00e1bbi antiszemita megnyilv\u00e1nul\u00e1saikt\u00f3l, \u00e9s minden k\u00f6vet megmozgatnak, hogy beker\u00fcljenek az eur\u00f3pai konzervat\u00edv \u00e9s szuverenista p\u00e1rtok klubj\u00e1ba.<\/p>\n<\/div>\n\n\n\n<div class=\"wp-block-group normal-szoveg kozbeekeles-1 has-global-padding is-layout-constrained wp-block-group-is-layout-constrained\">\n<p>A rom\u00e1niai politikai rendszer nagy m\u00e9rt\u00e9kben k\u00fcl\u00f6nb\u00f6zik a magyarorsz\u00e1gi politikai \u00e9lett\u0151l (ha azt egy\u00e1ltal\u00e1n \u00e9letnek nevezhetj\u00fck). Teljesen felesleges folyton a Fidesz \u00e9s AUR p\u00e1rhuzamot er\u0151ltetni, mert Rom\u00e1ni\u00e1ban soha nem lesz az AUR-nak k\u00e9tharmados t\u00f6bbs\u00e9ge.<\/p>\n<\/div>\n\n\n\n<div class=\"wp-block-group vendeg-szoveg has-global-padding is-layout-constrained wp-block-group-is-layout-constrained\">\n<p><mark style=\"background-color:#ffffff\" class=\"has-inline-color\">[&#8230;&#8230;&#8230;.]<\/mark><\/p>\n\n\n\n<p>Az elemz\u0151k szerint is az ut\u00f3bbi id\u0151ben az AUR \u201ekifeh\u00e9r\u00edt\u00e9s\u00e9nek\u201d lehet\u00fcnk tan\u00fai.<\/p>\n<\/div>\n\n\n\n<div class=\"wp-block-group normal-szoveg kozbeekeles-1 has-global-padding is-layout-constrained wp-block-group-is-layout-constrained\">\n<p>Politikai elemz\u0151 kerestetik! Plusz kisokos, \u201cD\u201d pont: A p\u00e1rtok m\u00e1r csak \u00edgy m\u0171k\u00f6dnek.<\/p>\n<\/div>\n\n\n\n<div class=\"wp-block-group vendeg-szoveg has-global-padding is-layout-constrained wp-block-group-is-layout-constrained\">\n<p><mark style=\"background-color:#ffffff\" class=\"has-inline-color\">[&#8230;&#8230;&#8230;.]<\/mark><\/p>\n\n\n\n<p>Ha ehhez hozz\u00e1tessz\u00fck azt a h\u00edrt, hogy az AUR eln\u00f6ke George Simiont 2023-ban az izraeli nagyk\u00f6vet is fogadta, \u00e9s az antiszemita megnyilv\u00e1nul\u00e1sair\u00f3l h\u00edres p\u00e1rt eln\u00f6ke elismerte Rom\u00e1nia felel\u0151ss\u00e9g\u00e9t az orsz\u00e1g ter\u00fclet\u00e9n megt\u00f6rt\u00e9nt holokausztban, vil\u00e1goss\u00e1 v\u00e1lik, hogy Simiont bizonyos bel- \u00e9s k\u00fclpolitikai sz\u00e1m\u00edt\u00e1sok vez\u00e9rlik.<\/p>\n<\/div>\n\n\n\n<div class=\"wp-block-group normal-szoveg kozbeekeles-1 has-global-padding is-layout-constrained wp-block-group-is-layout-constrained\">\n<p>\u00c9ppen a Transtelex \u00e1ltal kedvelt t\u00e1rsadalomtud\u00f3sok k\u00e9sz\u00edtettek kutat\u00e1st arr\u00f3l, hogy a xenof\u00f3b, kisebbs\u00e9gellenes tartalom nem annyira jellemz\u0151 az AUR-ra, nem kifizet\u0151d\u0151 jelenleg, vagy nincs erre az AUR-nak sz\u00fcks\u00e9ge. Fontos k\u00fcl\u00f6nbs\u00e9g, hogy mik\u00f6zben Rom\u00e1ni\u00e1ban az AUR-nak demonstr\u00e1lnia kell, hogy moder\u00e1ltabb, elfogadhat\u00f3bb, politikailag korrektebb ir\u00e1nyt fog venni ahhoz, hogy p\u00e9ld\u00e1ul az EP-be bejussanak, hogy a mainstream politik\u00e1ban hosszabb ideig megmaradhassanak, addig a Fidesz egyre radik\u00e1lisabb \u00e9s elfogadhatatlanabb \u00fczeneteket kell megfogalmazzon, hogy hatalm\u00e1t megtarthassa.<\/p>\n\n\n\n<p>Politikai kisokos, \u201cE\u201d. A Transtelex vajon azt gondolja, hogy Simion, vagy ak\u00e1r Ciolacu vagy Kelemen a vil\u00e1gb\u00e9ke el\u00e9r\u00e9s\u00e9nek c\u00e9lj\u00e1val ker\u00fcltek be a parlamentbe, \u00e9s egy id\u0151 ut\u00e1n kider\u00fclt, hogy gonosz m\u00f3don \u201cbizonyos bel- \u00e9s k\u00fclpolitikai sz\u00e1m\u00edt\u00e1sok vez\u00e9rlik\u201d \u0151ket? Nagyon meglep\u0151, radik\u00e1lis, populista fordulat Simion r\u00e9sz\u00e9r\u0151l, erre t\u00e9nyleg nem lehetett sz\u00e1m\u00edtani! Ez\u00e9rt lehet, hogy Orb\u00e1n Viktor a hib\u00e1s!<\/p>\n<\/div>\n\n\n\n<div class=\"wp-block-group vendeg-szoveg has-global-padding is-layout-constrained wp-block-group-is-layout-constrained\">\n<p>Szalonk\u00e9pess\u00e9 kell ugyanis tenni a form\u00e1ci\u00f3t ahhoz, hogy r\u00e9szt vehessen Rom\u00e1nia korm\u00e1nyz\u00e1s\u00e1ban. Az AUR \u00e9s vez\u00e9re teh\u00e1t egy \u00e1tgondolt strat\u00e9gi\u00e1t k\u00f6vet, amit 2023-ban alapozott meg, de eredm\u00e9nyess\u00e9ge 2024-ben d\u0151l el.<\/p>\n\n\n\n<h3 class=\"wp-block-heading\"><strong>Orb\u00e1n 2023-as tusv\u00e1nyosi mondata gyeng\u00e9csk\u00e9re sikeredett: csak a Horthy-im\u00e1d\u00f3 magyaroknak tudott \u00fczenni vele<\/strong><\/h3>\n\n\n\n<p>Am\u00fagy Simion el\u00e9gedett lehet, mert p\u00e9ldak\u00e9p\u00e9nek, Orb\u00e1n Viktor magyar minisztereln\u00f6knek ism\u00e9t siker\u00fclt nagyot alkotnia <a href=\"https:\/\/transtelex.ro\/kozelet\/2023\/07\/23\/orvan-viktor-tusvanyos-reakciok\">tusv\u00e1nyosi performansz\u00e1ban<\/a>, \u00e9s k\u00e9t l\u00e1bbal bele\u00e1llnia a rom\u00e1nokba is. Bal l\u00e1ba a rom\u00e1n korm\u00e1nyf\u0151t triggerelte, ami miatt a magyar nagyk\u00f6vetet is <a href=\"https:\/\/transtelex.ro\/kozelet\/2023\/07\/24\/bekerettek-a-bukaresti-magyar-nagykovetet-a-roman-kulugyminiszteriumba-orban-viktor-kijelentesei-miatt\">bek\u00e9rett\u00e9k<\/a>.<\/p>\n\n\n\n<p><mark style=\"background-color:#ffffff\" class=\"has-inline-color\">[&#8230;&#8230;&#8230;.]<\/mark><\/p>\n\n\n\n<p>Orb\u00e1n Tusn\u00e1df\u00fcrd\u0151n azt \u00e1ll\u00edtotta, a szombati tusv\u00e1nyosi fell\u00e9p\u00e9se el\u0151tt hivatalos levelet kapott a rom\u00e1n k\u00fcl\u00fcgyminiszt\u00e9riumt\u00f3l, amiben pr\u00f3b\u00e1lt\u00e1k megszabni neki, mir\u0151l besz\u00e9lhet \u00e9s mir\u0151l nem. A ker\u00fclend\u0151 t\u00e9m\u00e1k k\u00f6z\u00f6tt volt a nem l\u00e9tez\u0151 rom\u00e1niai k\u00f6zigazgat\u00e1si ter\u00fcleti egys\u00e9gek, ami a minisztereln\u00f6k szerint Erd\u00e9lyre \u00e9s Sz\u00e9kelyf\u00f6ldre vonatkozhatott, \u00e9s hozz\u00e1 is tette: \u201emi sohasem \u00e1ll\u00edtottuk, hogy ezek rom\u00e1n ter\u00fcleti egys\u00e9gek lenn\u00e9nek\u201d.<\/p>\n\n\n\n<p>Ami v\u00e9g\u00fclis igaz: Rom\u00e1nia megy\u00e9kre van osztva, a t\u00f6rt\u00e9nelmi r\u00e9gi\u00f3k, legyen sz\u00f3 ak\u00e1r a magyarlakta vid\u00e9kekr\u0151l, ak\u00e1r rom\u00e1nokr\u00f3l vagy m\u00e1s vegyes lakoss\u00e1g\u00fa ter\u00fcletekr\u0151l (Moldova, Havasalf\u00f6ld, Dobrudzsa stb.) nem sz\u00e1m\u00edtanak hivatalos ter\u00fcleti egys\u00e9geknek. Azaz, Orb\u00e1n \u00fagy sz\u00fart oda, hogy mindenki meg\u00e9rtette a c\u00e9lz\u00e1st, azonban sz\u00f3 szerint \u00e9rtelmezve nem \u00e1ll\u00edtott val\u00f3tlans\u00e1got. Ennek ellen\u00e9re, nem f\u00f6l\u00f6slegesen robbantott ki vastapsot a mondat\u00e1val, lelkes publikuma pontosan \u00fagy \u00e9rtette, ahogy Orb\u00e1n szerette volna, hogy \u00e9rts\u00e9k: Sz\u00e9kelyf\u00f6ld nem Rom\u00e1nia!<\/p>\n<\/div>\n\n\n\n<div class=\"wp-block-group normal-szoveg kozbeekeles-1 has-global-padding is-layout-constrained wp-block-group-is-layout-constrained\">\n<p>A Transtelex el\u0151szeretettel nevezi a rom\u00e1niai magyarokat, els\u0151sorban a sz\u00e9kelyeket horthyst\u00e1knak. Sz\u00e9kelyf\u00f6ld nem azonos \u00c9szak-Erd\u00e9llyel, \u00e9s a m\u00e1sodik vil\u00e1gh\u00e1bor\u00fa befejez\u0151d\u00f6tt 1945-ben, tov\u00e1bb\u00e1 azzal sincs semmi baj, ha valaki a rom\u00e1niai magyar k\u00f6z\u00f6ss\u00e9gen bel\u00fcl \u00fagy gondolja, hogy a Trianoni-d\u00f6nt\u00e9s nem volt igazs\u00e1gos a rom\u00e1niai magyarokkal szemben, a d\u00e9l-tiroli n\u00e9metek is ezt gondolj\u00e1k az \u0151ket \u00e9rint\u0151 d\u00f6nt\u00e9sr\u0151l, \u00e9s ett\u0151l m\u00e9g nem hitlerjugendek. Tov\u00e1bb\u00e1, az igaz, hogy Orb\u00e1n cinikusan \u00f6sszet\u00e9veszti az auton\u00f3mia-ig\u00e9nyt Rom\u00e1nia ter\u00fcleti integrit\u00e1s\u00e1val, de ugyanezt a Transtelex is megtette, azzal, hogy szerinte mindenki Horthysta, aki ter\u00fcleti vagy kultur\u00e1lis auton\u00f3mi\u00e1t szeretne, \u00e9s nem tartja jogosnak Trianont, akkor sem, ha egy\u00e9bk\u00e9nt nem c\u00e9lja orsz\u00e1ghat\u00e1rok \u00e1trajzol\u00e1sa. Ha a Transtelex szerkeszt\u0151s\u00e9g\u00e9nek tagjai netal\u00e1nt\u00e1n tal\u00e1lkozn\u00e1nak egy d\u00e9l-tirolival, akkor ne nevezz\u00e9k \u0151t hitlerjugend tagnak, csak az\u00e9rt, mert fontos neki a d\u00e9l-tiroli auton\u00f3mia.<\/p>\n<\/div>\n\n\n\n<div class=\"wp-block-group vendeg-szoveg has-global-padding is-layout-constrained wp-block-group-is-layout-constrained\">\n<p>Orb\u00e1nnak a 2022-es rasszista besz\u00f3l\u00e1s\u00e1hoz k\u00e9pest azonban a 2023-as bon mot-ja gyeng\u00e9bb volt, a nemzetk\u00f6zi k\u00f6zv\u00e9lem\u00e9ny m\u00e1r nem kapta fel r\u00e1 a fej\u00e9t, csak a rom\u00e1n minisztereln\u00f6knek lett gyomor\u00e9g\u00e9se, hiszen j\u00f3sz\u00e1nd\u00e9ka jel\u00e9\u00fcl k\u00e9t nappal kor\u00e1bban bar\u00e1ti eb\u00e9den l\u00e1tta vend\u00e9g\u00fcl a magyar korm\u00e1nyf\u0151t. Az m\u00e1r csak hab a tort\u00e1n, hogy a talit Kelemen Hunor hozta \u00f6ssze, akinek ism\u00e9t <a href=\"https:\/\/transtelex.ro\/kozelet\/2023\/08\/19\/transtelex-exkluziv-kelemen-hunor-tusvanyos-orban-beszed\">magyar\u00e1znia kellett bizony\u00edtv\u00e1ny\u00e1t<\/a>, miut\u00e1n Tusv\u00e1nyoson kiborult a bili.<\/p>\n<\/div>\n\n\n\n<div class=\"wp-block-group normal-szoveg kozbeekeles-1 has-global-padding is-layout-constrained wp-block-group-is-layout-constrained\">\n<p>Politikai elemz\u0151 kerestetik. Nem gondolja senki a Transtelexn\u00e9l, hogy azon a tal\u00e1lkoz\u00f3n esetleg sz\u00f3 esett a mindk\u00e9t orsz\u00e1g, mindk\u00e9t f\u00e9l sz\u00e1m\u00e1ra fontos dolgokr\u00f3l? N\u00e9metorsz\u00e1g ut\u00e1n Rom\u00e1nia Magyarorsz\u00e1g legfontosabb exportpiaca.<\/p>\n\n\n\n<p>A \u201cmagyar\u00e1znia kellett bizony\u00edtv\u00e1ny\u00e1t\u201d-szer\u0171 sorozatos Transtelex-interj\u00fak viszont ugyan\u00fagy ford\u00edtva s\u00fclnek el, mint a k\u00f6z\u00f6ss\u00e9g oblig\u00e1t ek\u00e9z\u00e9se, azzal Kelemen nem ker\u00fcl kellemetlen helyzetbe a v\u00e1laszt\u00f3i el\u0151tt, ha meg kell v\u00e9denie Orb\u00e1n Viktort. Felmer\u00fcl a gyan\u00fa, hogy Cseke P\u00e9ter (Maszol f\u0151szerkeszt\u0151b\u0151l \u00e1tkatapult\u00e1lt progressz\u00edv) elfelejtette kitenni az \u201cX\u201d jelet az \u00edr\u00e1sa v\u00e9g\u00e9re.&nbsp;<\/p>\n\n\n\n<p>Jellemz\u0151: a Transtelex nagyon megakasztotta Kelemen Hunort, a rom\u00e1niai magyars\u00e1g atya\u00faristen\u00e9t, na mivel? Orb\u00e1n Viktor kijelent\u00e9s\u00e9vel. Az a legfontosabb. \u00c9s nem \u00e1lprobl\u00e9ma, dehogy. Vajon akad olyan Transtelex-cikk, amelyben Kelemen Hunor nem fideszes \u00e1lprobl\u00e9m\u00e1kr\u00f3l van megk\u00e9rdezve, hanem a rom\u00e1niai magyar k\u00f6z\u00f6ss\u00e9get k\u00f6zvetlen\u00fcl \u00e9rint\u0151 t\u00e9m\u00e1ban kellett volna \u201cmagyar\u00e1zza a bizony\u00edtv\u00e1ny\u00e1t\u201d? (Alacsony b\u00e9rek Sz\u00e9kelyf\u00f6ld\u00f6n, hov\u00e1 t\u0171nt 200000 rom\u00e1niai magyar, magyar nyelv haszn\u00e1lata a hivatalokban, mi t\u00f6rt\u00e9nik a nyelvi jogokkal azokon a telep\u00fcl\u00e9seken, ahol 20% al\u00e1 cs\u00f6kkent a magyar anyanyelv\u0171ek ar\u00e1nya, stb.)<\/p>\n<\/div>\n\n\n\n<div class=\"wp-block-group vendeg-szoveg has-global-padding is-layout-constrained wp-block-group-is-layout-constrained\">\n<h3 class=\"wp-block-heading\"><strong>Az \u00e9v szavai: szuverenit\u00e1s \u00e9s doll\u00e1rbaloldal<\/strong><\/h3>\n\n\n\n<p>M\u00edg Rom\u00e1ni\u00e1ban egyel\u0151re csak az ellenz\u00e9kben politiz\u00e1l\u00f3 Simion emlegeti az eur\u00f3pai sz\u00e9ls\u0151jobb \u00e1ltal felkapott kifejez\u00e9st, addig Magyarorsz\u00e1gon m\u00e1r a Szuverenit\u00e1sv\u00e9delmi Hivatalt is l\u00e9trehozt\u00e1k, s\u0151t van egy <a href=\"https:\/\/transtelex.ro\/kulfold\/2023\/12\/13\/megszavaztak-magyarorszagon-a-szuverenitasvedelmi-torvenyt-az-uj-hatosag-barkit-ellenorizhet\">szuverenit\u00e1sv\u00e9delmi t\u00f6rv\u00e9ny<\/a> is. A folyamatosan hangoztatott panel szerint Magyarorsz\u00e1g szuverenit\u00e1s\u00e1t t\u00e1madj\u00e1k kultur\u00e1lis, gazdas\u00e1gi \u00e9s politikai t\u00e9ren, ez\u00e9rt sz\u00fcks\u00e9g van \u201ea k\u00fclf\u00f6ldr\u0151l finansz\u00edrozott \u00fajs\u00e1g\u00edr\u00f3k, \u00e1lcivilek \u00e9s doll\u00e1rpolitikusok\u201d ellen\u0151rz\u00e9s\u00e9re, korl\u00e1toz\u00e1s\u00e1ra.<\/p>\n\n\n\n<p>A hivatal, amelyet sokan egyenesen az egykori \u00c1VH-hoz hasonl\u00edtanak, kiterjedt hat\u00e1sk\u00f6rrel rendelkezik, pap\u00edron ugyan f\u00fcggetlen, \u00e1m <a href=\"https:\/\/transtelex.ro\/kulfold\/2023\/12\/28\/szuverenitasvedelmi-hivatal-magyarorszag-vezeto\">vezet\u0151j\u00e9t, L\u00e1nczi Tam\u00e1st<\/a>, \u00e9pp a korm\u00e1ny sz\u00f3cs\u00f6vek\u00e9nt m\u0171k\u00f6d\u0151 k\u00f6zt\u00e9v\u00e9sek k\u00f6z\u00fcl ejt\u0151erny\u0151zt\u00e9k a hivatal \u00e9l\u00e9re.<\/p>\n\n\n\n<p>Azt m\u00e1r tudni lehet, hogy a Szuverenit\u00e1sv\u00e9delmi Hivatal k\u00e9rhet t\u00e1j\u00e9koztat\u00e1st m\u00e1s \u00e1llami szervekt\u0151l, ami jelentheti a rend\u0151rs\u00e9get, az \u00fcgy\u00e9szs\u00e9get, vagy a titkosszolg\u00e1latot is. Vizsg\u00e1lat\u00e1nak eredm\u00e9ny\u00e9t \u00fagy hozhatja nyilv\u00e1noss\u00e1gra, hogy azzal szemben fellebbezni nem lehet, a b\u00fcntet\u00e9s s\u00falyoss\u00e1g\u00e1t tekintve pedig alkalmas lehet arra is, hogy megf\u00e9leml\u00edt\u0151 hat\u00e1ssal legyen azokra, akiket a korm\u00e1ny sarokba akar szor\u00edtani.<\/p>\n<\/div>\n\n\n\n<div class=\"wp-block-group normal-szoveg kozbeekeles-1 has-global-padding is-layout-constrained wp-block-group-is-layout-constrained\">\n<p>Felt\u00e9telezz\u00fck, hogy ez a r\u00e9sz a magyarorsz\u00e1gi t\u00e1mogat\u00f3knak, olvas\u00f3knak \u00edr\u00f3dott, akik sok-sok gurul\u00f3 doll\u00e1rral \u00e9s eur\u00f3val t\u00e1mogatt\u00e1k a Transtelexet, merthogy ez a r\u00e9sz a rom\u00e1niai magyar k\u00f6z\u00f6ss\u00e9g szempontj\u00e1b\u00f3l nem relev\u00e1ns.<\/p>\n\n\n\n<p>A Transtelex \u00fajfent bizony\u00edtotta, hogy ahhoz a k\u00f6rh\u00f6z tartozik a rom\u00e1niai magyar k\u00f6z\u00f6ss\u00e9gen bel\u00fcl, amely jobban agg\u00f3dik a szomsz\u00e9dos orsz\u00e1gban zajl\u00f3 belpolitikai folyamatok miatt \u00e9s a szomsz\u00e9dos orsz\u00e1g m\u00e9diaszabads\u00e1ga miatt, ugyanakkor kihagyja az \u00e9v\u00e9rt\u00e9kel\u0151b\u0151l a hazai m\u00e9diaszabads\u00e1got \u00e9rt nagyon s\u00falyos vesztes\u00e9get (Libertatea vs. Ringier), ez ut\u00f3bbinak sokkal \u00e9rz\u00e9kelhet\u0151bb, tapinthat\u00f3bb hat\u00e1sa lesz a rom\u00e1niai magyarokra is.<\/p>\n\n\n\n<p>A szomsz\u00e9dos orsz\u00e1gban zajl\u00f3, az ott m\u0171k\u00f6d\u0151 m\u00e9diumokat val\u00f3ban h\u00e1tr\u00e1nyosan \u00e9rint\u0151 int\u00e9zked\u00e9sek helyett fontosabb lett volna ut\u00e1nan\u00e9zni annak, hogy az RMDSZ hogyan befoly\u00e1solja a rom\u00e1niai magyar m\u00e9di\u00e1t, mi\u00e9rt k\u00f6telez\u0151 megsz\u00f3laltatni a k\u00f6zszolg\u00e1lati r\u00e1di\u00f3ban, t\u00e9v\u00e9ben \u00e9s m\u00e1s m\u00e9diumokban is minden esetben egy RMDSZ-es \u201cszak\u00e9rt\u0151t\u201d, hogyan ker\u00fclt r\u00e1 a rom\u00e1niai k\u00f6zszolg\u00e1lati r\u00e1di\u00f3 fizet\u00e9slist\u00e1j\u00e1ra sz\u00e1mtalan RMDSZ-nek dolgoz\u00f3 kommunik\u00e1ci\u00f3s szak\u00e9rt\u0151, akik egy percet sem dolgoztak a rom\u00e1n r\u00e1di\u00f3n\u00e1l, sajnos ezt a botr\u00e1nyt is a rom\u00e1n m\u00e9dia robbantotta ki, a Ziarul de Cluj, \u00e9s a rom\u00e1niai magyar m\u00e9di\u00e1b\u00f3l kiz\u00e1r\u00f3lag az \u00c1tl\u00e1tsz\u00f3 Erd\u00e9ly vette \u00e1t \u00e9s foglalkozott ezzel. Az, hogy az RMDSZ elint\u00e9zte az eset kapcs\u00e1n, hogy kir\u00fagjanak a r\u00e1di\u00f3t\u00f3l az \u00fcgy nyom\u00e1n egy rom\u00e1n \u00e9s egy magyar szerkeszt\u0151t, sz\u00f3ra sem \u00e9rdemes.<\/p>\n<\/div>\n\n\n\n<div class=\"wp-block-group vendeg-szoveg has-global-padding is-layout-constrained wp-block-group-is-layout-constrained\">\n<h3 class=\"wp-block-heading\"><strong>Az \u00e9v megmond\u00f3 emberei Erd\u00e9lyben: Dr\u00e1bik, N\u00f3gr\u00e1di, Robert C. Castel<\/strong><\/h3>\n\n\n\n<p>Hogyan lehet az olyan konte\u00f3kat, amelyek meg\u00e1gyaznak a lopakod\u00f3, vagy ak\u00e1r m\u00e1ris mas\u00edroz\u00f3 sz\u00e9ls\u0151jobbnak a legjobban terjeszteni? Term\u00e9szetesen \u201etudom\u00e1nyos\u201d m\u00f3dszerekkel. Elk\u00e9peszt\u0151 m\u00f3don megszaporodtak azok az el\u0151ad\u00e1sok, amelyeken a Magyarorsz\u00e1gr\u00f3l erd\u00e9lyi k\u00f6r\u00fatra indul\u00f3 megmond\u00f3emberek h\u00edvj\u00e1k fel a figyelmet a doll\u00e1rbaloldal \u00e1ltal terjesztett vesz\u00e9lyekre. Ezek egyike lett volna az a<a href=\"https:\/\/transtelex.ro\/velemeny\/2023\/03\/20\/tompa-gabor-drabik-janos-konteoelmeletek-kolozsvari-szinhaz\"> Dr\u00e1bik J\u00e1nos-el\u0151ad\u00e1s<\/a>, amelyet 2023 \u00e1prilis\u00e1ban a kolozsv\u00e1ri magyar sz\u00ednh\u00e1zban rendeztek volna meg, ahol a konte\u00f3doktor Tompa G\u00e1bor igazgat\u00f3-rendez\u0151vel besz\u00e9lgetett volna a \u201etalmudista-globalista konspir\u00e1ci\u00f3kr\u00f3l\u201d.<\/p>\n\n\n\n<p>T\u00f6bbnyire z\u00e1rt Facebook-csoportokban vagy bizalmas besz\u00e9lget\u00e9sekben hangzik el, hogy valami nagyon megv\u00e1ltozott a kolozsv\u00e1ri magyar sz\u00ednh\u00e1zn\u00e1l. Tompa \u00faj ir\u00e1nyba tereli az \u00e1ltala m\u00e1r t\u00f6bb mint 30 \u00e9ve vezetett int\u00e9zm\u00e9nyt. Ebbe pedig nemcsak az \u00faj SZFE-vel \u00e9s Vidny\u00e1nszky Attil\u00e1val val\u00f3 j\u00f3 kapcsolat f\u00e9r bele vagy az amerikai liberalizmus rendszeres kritik\u00e1ja, hanem a konte\u00f3k is. A rendez\u0151 ugyanis sz\u00e1mos olyan te\u00f3ri\u00e1val foglalkozik, amelyek a tudom\u00e1nyos k\u00f6z\u00f6ss\u00e9g sz\u00e9les k\u00f6rben elfogadott \u00e1ll\u00e1spontjaival ellent\u00e9tesek vagy vitatottak.A Transtelex cikke ut\u00e1ni k\u00f6zfelh\u00e1borod\u00e1s l\u00e1tt\u00e1n Tompa elhalasztotta a Dr\u00e1bikkal val\u00f3 eszmecser\u00e9t, m\u00e9ghozz\u00e1 \u00fagy, hogy err\u0151l <a href=\"https:\/\/transtelex.ro\/kultura\/2023\/04\/19\/drabik-kolozsvari-szinhaz-eloadas-elmarad\">Dr\u00e1bikot nem is \u00e9rtes\u00edtette.<\/a> Miel\u0151tt azonban b\u00e1rki is azt gondolta volna, hogy Erd\u00e9lyben valamif\u00e9le konszenzus alakult ki arr\u00f3l, hogy a Dr\u00e1bik-jelens\u00e9gnek g\u00e1tat szabjanak, \u00e9rdemes elhessegetni a d\u00e9lib\u00e1bokat, hisz amit Tompa nem tudott megrendezni mag\u00e1nak, azt a magyar \u00e1llam \u00e1ltal finansz\u00edrozott <a href=\"https:\/\/transtelex.ro\/kozelet\/2023\/10\/11\/sapientia-partiumi-kereszteny-egyetem-helyszin-nogradi-drabik-eloadasok\">Erd\u00e9lyi Magyar Tudom\u00e1nyegyetem \u00e9s Partiumi Kereszt\u00e9ny Egyetem hi\u00e1ny n\u00e9lk\u00fcl megoldotta<\/a> \u00e9s Dr\u00e1bik mellett <a href=\"https:\/\/transtelex.ro\/kozelet\/2023\/05\/08\/erdelyi-turnera-keszul-nogradi-gyorgy\">N\u00f3gr\u00e1di Gy\u00f6rgy\u00f6t<\/a> \u00e9s <a href=\"https:\/\/transtelex.ro\/kozelet\/2023\/05\/12\/robert-c-castel-orosz-ukran-haboru-kolozsvari-eloadas\">Robert C. Castelt is a \u201etudom\u00e1ny szolg\u00e1lat\u00e1ba \u00e1ll\u00edtott\u00e1k\u201d.<\/a><\/p>\n<\/div>\n\n\n\n<div class=\"wp-block-group normal-szoveg kozbeekeles-1 has-global-padding is-layout-constrained wp-block-group-is-layout-constrained\">\n<p><\/p>\n\n\n\n<p>El kellene d\u00f6nteni, hogy v\u00e9lem\u00e9nyszabads\u00e1g van-e, vagy nincs, \u00e9s a jelenlegi rom\u00e1niai magyar v\u00e9lem\u00e9nymond\u00f3k mondj\u00e1k ki tiszt\u00e1n, hogy a v\u00e9lem\u00e9nymonop\u00f3lium \u0151ket illeti. Nem kell egyet\u00e9rteni Dr\u00e1bikkal meg a t\u00f6bbiekkel, N\u00f3gr\u00e1dival vagy b\u00e1rki m\u00e1ssal, de a hat\u00e1r nem ott van, hogy betiltjuk a m\u0171soraikat, hanem megfogalmazzuk kritik\u00e1inkat. Vagy esetleg figyelembe sem vessz\u00fck az eg\u00e9szet. Mert az biztosan kijelenthet\u0151, hogy nem Dr\u00e1bik, N\u00f3gr\u00e1di \u00e9s \u201cRobert C. Castel\u201d miatt t\u0171nt el 200.000 magyar Rom\u00e1ni\u00e1b\u00f3l az elm\u00falt t\u00edz \u00e9v sor\u00e1n, \u00e9s az is bor\u00edt\u00e9kolhat\u00f3, hogy a rom\u00e1niai magyarok p\u00e1lya sz\u00e9l\u00e9n t\u00f6rt\u00e9n\u0151 piknikez\u00e9se m\u00e1s okok miatt alakult ki, ezek az okok a k\u00f6z\u00f6ss\u00e9g (politikai \u00e9s nem politikai) elitje k\u00f6r\u00fcl keresend\u0151k. Sokkal szerencs\u00e9sebb lett volna egy p\u00e1r RMDSZ-es kamp\u00e1nyel\u0151ad\u00e1s betilt\u00e1s\u00e1t kezdem\u00e9nyezni, mint h\u00e1rom, a k\u00f6z\u00f6ss\u00e9g sorsa szempontj\u00e1b\u00f3l jelent\u00e9ktelen figur\u00e1ra koncentr\u00e1lni ennyi energi\u00e1t. Jobb lenne, ha nem \u00e1lprobl\u00e9m\u00e1kkal foglalkozna a Transtelex, csak az\u00e9rt, hogy fennmaradhasson.<\/p>\n\n\n\n<p>Az igaz, hogy a v\u00e9lem\u00e9nynyilv\u00e1n\u00edt\u00e1s nem teljesen szabad akkor sem, ha az eml\u00edtett h\u00e1rom szerencs\u00e9tlen fl\u00f3t\u00e1snak is sz\u00f3 jut, ugyanis m\u00f6g\u00f6tt\u00fck is l\u00e1that\u00f3 a komoly politikai h\u00e1tsz\u00e9l. Viszont a jelenlegi rom\u00e1niai magyar v\u00e9lem\u00e9nyvez\u00e9rek is kiz\u00e1r\u00f3lag p\u00e1rth\u00e1tsz\u00e9llel ker\u00fcltek oda, ahol vannak, teh\u00e1t ha valaki a p\u00e1rth\u00e1tteret nem k\u00e9rheti sz\u00e1mon ezen a h\u00e1rom \u00fariemberen, az \u00e9ppen a Transtelex. Kezdj\u00fck teh\u00e1t a takar\u00edt\u00e1st a saj\u00e1t h\u00e1zunk k\u00f6r\u00fcl.<\/p>\n<\/div>\n\n\n\n<div class=\"wp-block-group vendeg-szoveg has-global-padding is-layout-constrained wp-block-group-is-layout-constrained\">\n<p><mark style=\"background-color:#ffffff\" class=\"has-inline-color\">[&#8230;&#8230;&#8230;.]<\/mark><\/p>\n\n\n\n<p>Mark\u00f3 B\u00e9la m\u00e1r 2013-ban r\u00e1mutatott, Kov\u00e1cs Andr\u00e1s Ferenc k\u00f6lt\u00e9szete r\u00e1c\u00e1folt arra a rossz hiedelemre, hogy alkot\u00f3 embernek nem kell a k\u00f6z\u00e9letbe belesz\u00f3lnia. \u201eDe igen, bele kell sz\u00f3lni mindah\u00e1nyszor, ahogy \u0151 is teszi! B\u0171n lenne b\u00e1rki \u00e9rtelmis\u00e9ginek elfogadnia, hogy a t\u00e1rsadalom \u00e1llapot\u00e1r\u00f3l val\u00f3 v\u00e9lem\u00e9nymond\u00e1s csup\u00e1n n\u00e9h\u00e1ny politikus privil\u00e9giuma\u201d \u2013 \u00edrta Mark\u00f3.<\/p>\n<\/div>\n\n\n\n<div class=\"wp-block-group normal-szoveg kozbeekeles-1 has-global-padding is-layout-constrained wp-block-group-is-layout-constrained\">\n<p>\u0150szint\u00e9n sz\u00f3lva nagyon cinikus, hogy \u00e9ppen ezt az id\u00e9zetet, \u00e9s \u00e9ppen Mark\u00f3t\u00f3l bev\u00e1logatta a Transtelex, mik\u00f6zben \u00e9ppen a Transtelex nehezm\u00e9nyezi ebben a cikkben, hogy a rom\u00e1niai magyarok a legfontosabb probl\u00e9m\u00e1ikat sem besz\u00e9lik ki. Mark\u00f3 B\u00e9la az RMDSZ-t 18 \u00e9vig vezette, \u00e9s regn\u00e1l\u00e1sa alatt mindent megtett az\u00e9rt, hogy le\u00e9p\u00edtse a k\u00f6zbesz\u00e9det, els\u0151sorban a kritikus hangokat, m\u00e9g a saj\u00e1t politikai form\u00e1ci\u00f3j\u00e1n bel\u00fcl is, a Neptuni tal\u00e1lkoz\u00f3, Neptuni deal k\u00f6vetkezm\u00e9nyek\u00e9nt sikeresen demobiliz\u00e1lta a k\u00f6z\u00f6ss\u00e9get. E helyett az id\u00e9zet helyett p\u00e9ld\u00e1ul ki lehetett volna emelni azt is, hogy miut\u00e1n Mark\u00f3 krokodilk\u00f6nnyeket hullat a k\u00f6z\u00f6ss\u00e9g demobiliz\u00e1lts\u00e1ga miatt (amit \u00e9ppen neki, nekik k\u00f6sz\u00f6nhet\u00fcnk), minden vita el\u00e9 menve kijelenti, hogy aki az RMDSZ kisebbs\u00e9gpolitik\u00e1j\u00e1t illet\u0151en vele vitatkozna, az \u201c\u00f6njel\u00f6lt tan\u00edt\u00f3 b\u00e1csi\u201d, akit\u0151l \u0151 ezzel \u201ctaslit kapna\u201d.<\/p>\n<\/div>\n\n\n\n<div class=\"wp-block-group vendeg-szoveg has-global-padding is-layout-constrained wp-block-group-is-layout-constrained\">\n<p><mark style=\"background-color:#ffffff\" class=\"has-inline-color\">[&#8230;&#8230;&#8230;.]<\/mark><\/p>\n\n\n\n<h3 class=\"wp-block-heading\"><strong>A robban\u00e1sok \u00e9s nagy \u00f6sszeoml\u00e1sok \u00e9ve volt 2023, amiket csendes mulaszt\u00e1saink el\u0151ztek meg<\/strong><\/h3>\n\n\n\n<p>A<a href=\"https:\/\/transtelex.ro\/kozelet\/2023\/12\/30\/2023-tragediai-az-allam-iden-sem-volt-kepes-megvedeni-a-polgarait\">z \u00e9v trag\u00e9di\u00e1it \u00f6sszegz\u0151 cikk\u00fcnkben<\/a>, ahol sorra vett\u00fck ezeknek egy r\u00e9sz\u00e9t (crevediai robban\u00e1s, tengerparti drogos g\u00e1zol\u00e1s, sz\u00e9kelyudvarhelyi faloml\u00e1s, prahovai panzi\u00f3t\u0171z), lehet, nem t\u00e9rt\u00fcnk ki el\u00e9g hangs\u00falyosan arra, hogy ezek mindegyike elker\u00fclhet\u0151 lett volna, ha mindenki teszi a dolg\u00e1t. A rend\u0151r\u00f6k, ellen\u0151r\u00f6k, orvosok, tan\u00e1rok, igazgat\u00f3k, egyszer\u0171 polg\u00e1rok lelkiismeretesen elv\u00e9gzik munk\u00e1jukat.<\/p>\n<\/div>\n\n\n\n<div class=\"wp-block-group normal-szoveg kozbeekeles-1 has-global-padding is-layout-constrained wp-block-group-is-layout-constrained\">\n<p>A Transtelex mag\u00e1t a sajt\u00f3t, mint a demokr\u00e1cia negyedik pill\u00e9r\u00e9t is bele kellene sorolja abba a list\u00e1ba, amely lelkiismeretesen el kellene v\u00e9gezze a dolg\u00e1t.<\/p>\n<\/div>\n\n\n\n<div class=\"wp-block-group vendeg-szoveg has-global-padding is-layout-constrained wp-block-group-is-layout-constrained\">\n<p>Nagy felsorol\u00e1sunkban nem is eml\u00edtett\u00fck a <a href=\"https:\/\/transtelex.ro\/archivum?term=&amp;filters=%7B%22and_tags%22%3A%5B%22sz%C3%ADvritmus-szab%C3%A1lyoz%C3%B3k%22%5D,%22superTags%22%3A%5B%5D,%22authors%22%3A%5B%5D,%22title%22%3A%5B%5D%7D\">halottakt\u00f3l elvett pacemakerek<\/a> \u00fajrafelhaszn\u00e1l\u00e1s\u00e1t, a B\u00f6jte Csaba ferences szerzetes <a href=\"https:\/\/transtelex.ro\/archivum?term=szov%C3%A1tai%20gyermekotthon&amp;filters=%7B%22and_tags%22%3A%5B%5D,%22superTags%22%3A%5B%5D,%22authors%22%3A%5B%5D,%22title%22%3A%5B%5D%7D\">szov\u00e1tai gyermekotthon\u00e1ban<\/a> felg\u00f6ngy\u00f6l\u00edtett \u00fajabb ab\u00fazust, <a href=\"https:\/\/transtelex.ro\/archivum?term=&amp;filters=%7B%22and_tags%22%3A%5B%22M%C3%A1rton%20%C3%81ron%20F%C5%91gimn%C3%A1zium%22%5D,%22superTags%22%3A%5B%5D,%22authors%22%3A%5B%5D,%22title%22%3A%5B%5D%7D\">a cs\u00edkszeredai M\u00e1rton \u00c1ron F\u0151gimn\u00e1zium <\/a>tan\u00e1r\u00e1nak \u00e9veken kereszt\u00fcl h\u00faz\u00f3d\u00f3 szexu\u00e1lis vissza\u00e9l\u00e9seit. Nem eml\u00edtett\u00fck, mert abban a cikkben csak a konkr\u00e9t \u00f6sszeoml\u00e1sokkal foglalkoztunk, de t\u00e9ved\u00e9s ne ess\u00e9k, a m\u00e1sik vonulat, ami a sajt\u00f3 \u00e1ltal felt\u00e1rt, titokban tartott, sz\u0151nyeg al\u00e1 s\u00f6p\u00f6rt ab\u00fazusok vonala, tal\u00e1n m\u00e9g s\u00falyosabb mulaszt\u00e1sokat takar.<\/p>\n\n\n\n<p>Ezek a lop\u00e1s, a hazudoz\u00e1s, a f\u00e9lren\u00e9z\u00e9s a hozz\u00e1 nem \u00e9rt\u00e9s, a klientelizmus \u00e9s a korrupci\u00f3 \u00e1ltal s\u00fajtott k\u00f6z\u00f6ss\u00e9gnek a megnyilv\u00e1nul\u00e1sai.<\/p>\n<\/div>\n\n\n\n<div class=\"wp-block-group normal-szoveg kozbeekeles-1 has-global-padding is-layout-constrained wp-block-group-is-layout-constrained\">\n<p>Ennek a felsorol\u00e1snak az \u00f6sszes eleme kellene szerepeljen krit\u00e9riumk\u00e9nt a sajt\u00f3, ezen bel\u00fcl a Transtelex rendszeres (\u00f6n?)vizsg\u00e1lat\u00e1ban is.<\/p>\n<\/div>\n\n\n\n<div class=\"wp-block-group vendeg-szoveg has-global-padding is-layout-constrained wp-block-group-is-layout-constrained\">\n<p>Az \u00e1llam m\u00e1r nem tudja ell\u00e1tni funkci\u00f3it,&nbsp;<\/p>\n<\/div>\n\n\n\n<div class=\"wp-block-group normal-szoveg kozbeekeles-1 has-global-padding is-layout-constrained wp-block-group-is-layout-constrained\">\n<p>az \u00e1llamban m\u0171k\u00f6d\u0151 kisebbs\u00e9gi sajt\u00f3, ezen bel\u00fcl a Transtelex vajon el tudja-e l\u00e1tni a funkci\u00f3it?<\/p>\n<\/div>\n\n\n\n<div class=\"wp-block-group vendeg-szoveg has-global-padding is-layout-constrained wp-block-group-is-layout-constrained\">\n<p>mert az \u00e1llamot kisemmizt\u00fck, sz\u00e9tlopkodtuk, nem vett\u00fck komolyan, olyan politikusokat v\u00e1lasztottunk meg, akik nem v\u00e9gzik el a feladatukat.<\/p>\n<\/div>\n\n\n\n<div class=\"wp-block-group normal-szoveg kozbeekeles-1 has-global-padding is-layout-constrained wp-block-group-is-layout-constrained\">\n<p><\/p>\n\n\n\n<p>A Transtelex ism\u00e9telten elfelejti azt a saj\u00e1tos helyzetet, ami a rom\u00e1niai magyar kisebbs\u00e9get jellemzi. Az egyp\u00e1rtrendszerben \u00e9l\u0151 rom\u00e1niai magyar k\u00f6z\u00f6ss\u00e9g ugyanis nem <em>v\u00e1laszt<\/em>, \u00e9s m\u00e9g ha ismern\u00e9 is a list\u00e1n szerepl\u0151 politikusok korrupt \u00fcgyeit, \u00e9s szeretne a k\u00f6vetkez\u0151 gener\u00e1ci\u00f3nak egy \u00e9lhet\u0151 j\u00f6v\u0151t \u00e9p\u00edteni, erre nincs lehet\u0151s\u00e9ge, mert a p\u00e1rt, az RMDSZ \u00e1ll\u00edtja \u00f6ssze a list\u00e1t bels\u0151 politikai j\u00e1tszm\u00e1k nyom\u00e1n, nincsenek el\u0151v\u00e1laszt\u00e1sok, m\u00e9g a f\u00fcggetlen polg\u00e1rmesterek is megv\u00e1laszt\u00e1suk ut\u00e1n el\u0151bb-ut\u00f3bb bel\u00e9pnek az RMDSZ-be.<\/p>\n<\/div>\n\n\n\n<div class=\"wp-block-group vendeg-szoveg has-global-padding is-layout-constrained wp-block-group-is-layout-constrained\">\n<p>Persze, mondhatjuk, hogy az \u00e1llami szervek nem teljes\u00edtett\u00e9k k\u00f6teless\u00e9g\u00fcket, csakhogy az \u00e1llam mi vagyunk, az \u00e1llam olyan, amilyenn\u00e9 tessz\u00fck.<\/p>\n\n\n\n<p>A mag\u00e1nk\u00e9zben l\u00e9v\u0151 \u00f6regotthonok, az alap\u00edtv\u00e1nyi gyermeknevel\u0151 int\u00e9zetek, az egyh\u00e1zi iskol\u00e1kban t\u00f6rt\u00e9nt vissza\u00e9l\u00e9sek \u00e9s trag\u00e9di\u00e1k pedig pontosan jelzik, hogy az \u00e1llami kereteken k\u00edv\u00fcl l\u00e9trehozott int\u00e9zm\u00e9nyeinkben is ugyanolyan hanyagok vagyunk. Mert nem volt puszta v\u00e9letlen az id\u0151sotthonok esete sem, az \u00e9veken kereszt\u00fcl zajl\u00f3 tan\u00e1ri ab\u00fazus sem az elitiskol\u00e1nak sz\u00e1m\u00edt\u00f3 cs\u00edkszeredai gimn\u00e1ziumban. Ezek a t\u00f6rt\u00e9netek az eg\u00e9sz k\u00f6z\u00f6ss\u00e9g ment\u00e1lis eg\u00e9szs\u00e9g\u00e9nek, korrekts\u00e9g\u00e9nek, hozz\u00e1\u00e1ll\u00e1s\u00e1nak a fokm\u00e9r\u0151je. \u00c9s bizony, 2023-ban megm\u00e9rett\u00fcnk, \u00e9s k\u00f6nny\u0171nek tal\u00e1ltattunk.<\/p>\n<\/div>\n\n\n\n<div class=\"wp-block-group normal-szoveg kozbeekeles-1 has-global-padding is-layout-constrained wp-block-group-is-layout-constrained\">\n<p>A k\u00f6z\u00f6ss\u00e9gben sz\u00e1mos pozit\u00edv jelens\u00e9g is zajlik, nagyon sok \u00e9rt\u00e9kes ember nap mint nap tesz a sz\u0171kebb-t\u00e1gabb k\u00f6z\u00f6ss\u00e9g\u00e9\u00e9rt, \u00e9s egy kisebbs\u00e9g eset\u00e9n ezeket a pozit\u00edv, rem\u00e9nykelt\u0151 p\u00e9ld\u00e1kat kiemelten fontos lett volna megeml\u00edteni egy \u00e9v v\u00e9gi \u00e9rt\u00e9kel\u00e9sben, nem pedig az eg\u00e9sz k\u00f6z\u00f6ss\u00e9get homog\u00e9n masszak\u00e9nt egy nagyon durva elmarasztal\u00e1ssal illetni \u00edgy a cikk v\u00e9g\u00e9n is, \u00e9s elfogadhatatlan a rom\u00e1niai magyar k\u00f6z\u00f6ss\u00e9g nyak\u00e1ba varrni az \u00e9v sor\u00e1n lezajlott esem\u00e9nyeket, mert l\u00e9tezik egy\u00e9ni felel\u0151ss\u00e9g is. Amennyiben a Transtelex szerkeszt\u0151s\u00e9ge 2024-ben sem k\u00e9pes egy pozit\u00edv, re\u00e1lis k\u00e9pet festeni a rom\u00e1niai magyar k\u00f6z\u00f6ss\u00e9gr\u0151l, javaslunk nekik egy csoportter\u00e1pi\u00e1t, hogy be tudj\u00e1k fejezni a saj\u00e1t bels\u0151 fesz\u00fclts\u00e9geik, kisebbs\u00e9gi komplexusaik, megoldatlan \u00fcgyeik, frusztr\u00e1ci\u00f3ik kiprojekt\u00e1l\u00e1s\u00e1t egy teljes k\u00f6z\u00f6ss\u00e9gre.&nbsp;<\/p>\n\n\n\n<p>Azon t\u00fal, hogy destrukt\u00edv ez a cikk, nagyon gyeng\u00e9n, fel\u00fcletesen van \u00f6sszecsapva. Vajon ki tal\u00e1ltatott k\u00f6nny\u0171nek?<\/p>\n<\/div>\n\n\n\n<div class=\"wp-block-group vendeg-szoveg has-global-padding is-layout-constrained wp-block-group-is-layout-constrained\">\n<p><strong>T\u00e1mogasd a Transtelexet!<\/strong><\/p>\n<\/div>\n\n\n\n<div class=\"wp-block-group normal-szoveg kozbeekeles-1 has-global-padding is-layout-constrained wp-block-group-is-layout-constrained\">\n<p><strong>Politikai elemz\u0151re lesz!<\/strong><\/p>\n<\/div>\n","protected":false},"excerpt":{"rendered":"<p>Az elemzett cikket itt lehet el\u00e9rni, az elemz\u00e9s el\u0151tt \u00e9rdemes v\u00e9gigolvasni egyben, eredeti megjelen\u00e9s\u00e9nek hely\u00e9n. H\u00e1tt\u00e9r A rom\u00e1niai magyar m\u00e9di\u00e1ban \u00e9s a rom\u00e1niai magyar elitk\u00f6r\u00f6kben elterjedt egy jelens\u00e9g, egy olyan diskurzus, amely a rom\u00e1niai magyar k\u00f6z\u00f6ss\u00e9get, mint homog\u00e9n egys\u00e9get destrukt\u00edv kritik\u00e1val illeti. A rom\u00e1niai magyar k\u00f6z\u00f6ss\u00e9g ir\u00e1ny\u00e1ban megfogalmazott toxikus kritika mellett a m\u00e1sik gyakran \u00f3cs\u00e1rolt [&hellip;]<\/p>\n","protected":false},"author":1,"featured_media":0,"comment_status":"closed","ping_status":"open","sticky":false,"template":"","format":"standard","meta":{"_uag_custom_page_level_css":"","footnotes":""},"categories":[14,15],"tags":[],"class_list":["post-149","post","type-post","status-publish","format-standard","hentry","category-regressziv","category-tiszta-kozelet"],"yoast_head":"<!-- This site is optimized with the Yoast SEO plugin v22.3 - https:\/\/yoast.com\/wordpress\/plugins\/seo\/ -->\n<title>Elemz\u00e9s \u00e9s komment\u00e1rok a &quot;Vigy\u00e1zat, a p\u00e9nzcsapok z\u00e1rulnak&quot; c. 2024. janu\u00e1r 4-i Transtelex cikk kapcs\u00e1n - Concerned Citizens csoport<\/title>\n<meta name=\"robots\" content=\"index, follow, max-snippet:-1, max-image-preview:large, max-video-preview:-1\" \/>\n<link rel=\"canonical\" href=\"https:\/\/concernedcitizens.ro\/?p=149\" \/>\n<meta property=\"og:locale\" content=\"en_US\" \/>\n<meta property=\"og:type\" content=\"article\" \/>\n<meta property=\"og:title\" content=\"Elemz\u00e9s \u00e9s komment\u00e1rok a &quot;Vigy\u00e1zat, a p\u00e9nzcsapok z\u00e1rulnak&quot; c. 2024. janu\u00e1r 4-i Transtelex cikk kapcs\u00e1n - Concerned Citizens csoport\" \/>\n<meta property=\"og:description\" content=\"Az elemzett cikket itt lehet el\u00e9rni, az elemz\u00e9s el\u0151tt \u00e9rdemes v\u00e9gigolvasni egyben, eredeti megjelen\u00e9s\u00e9nek hely\u00e9n. H\u00e1tt\u00e9r A rom\u00e1niai magyar m\u00e9di\u00e1ban \u00e9s a rom\u00e1niai magyar elitk\u00f6r\u00f6kben elterjedt egy jelens\u00e9g, egy olyan diskurzus, amely a rom\u00e1niai magyar k\u00f6z\u00f6ss\u00e9get, mint homog\u00e9n egys\u00e9get destrukt\u00edv kritik\u00e1val illeti. A rom\u00e1niai magyar k\u00f6z\u00f6ss\u00e9g ir\u00e1ny\u00e1ban megfogalmazott toxikus kritika mellett a m\u00e1sik gyakran \u00f3cs\u00e1rolt [&hellip;]\" \/>\n<meta property=\"og:url\" content=\"https:\/\/concernedcitizens.ro\/?p=149\" \/>\n<meta property=\"og:site_name\" content=\"Concerned Citizens csoport\" \/>\n<meta property=\"article:published_time\" content=\"2024-01-12T19:46:48+00:00\" \/>\n<meta property=\"article:modified_time\" content=\"2024-03-03T19:22:26+00:00\" \/>\n<meta name=\"author\" content=\"Concerned Citizens\" \/>\n<meta name=\"twitter:card\" content=\"summary_large_image\" \/>\n<meta name=\"twitter:label1\" content=\"Written by\" \/>\n\t<meta name=\"twitter:data1\" content=\"Concerned Citizens\" \/>\n\t<meta name=\"twitter:label2\" content=\"Est. reading time\" \/>\n\t<meta name=\"twitter:data2\" content=\"62 minutes\" \/>\n<!-- \/ Yoast SEO plugin. -->","yoast_head_json":{"title":"Elemz\u00e9s \u00e9s komment\u00e1rok a \"Vigy\u00e1zat, a p\u00e9nzcsapok z\u00e1rulnak\" c. 2024. janu\u00e1r 4-i Transtelex cikk kapcs\u00e1n - Concerned Citizens csoport","robots":{"index":"index","follow":"follow","max-snippet":"max-snippet:-1","max-image-preview":"max-image-preview:large","max-video-preview":"max-video-preview:-1"},"canonical":"https:\/\/concernedcitizens.ro\/?p=149","og_locale":"en_US","og_type":"article","og_title":"Elemz\u00e9s \u00e9s komment\u00e1rok a \"Vigy\u00e1zat, a p\u00e9nzcsapok z\u00e1rulnak\" c. 2024. janu\u00e1r 4-i Transtelex cikk kapcs\u00e1n - Concerned Citizens csoport","og_description":"Az elemzett cikket itt lehet el\u00e9rni, az elemz\u00e9s el\u0151tt \u00e9rdemes v\u00e9gigolvasni egyben, eredeti megjelen\u00e9s\u00e9nek hely\u00e9n. H\u00e1tt\u00e9r A rom\u00e1niai magyar m\u00e9di\u00e1ban \u00e9s a rom\u00e1niai magyar elitk\u00f6r\u00f6kben elterjedt egy jelens\u00e9g, egy olyan diskurzus, amely a rom\u00e1niai magyar k\u00f6z\u00f6ss\u00e9get, mint homog\u00e9n egys\u00e9get destrukt\u00edv kritik\u00e1val illeti. A rom\u00e1niai magyar k\u00f6z\u00f6ss\u00e9g ir\u00e1ny\u00e1ban megfogalmazott toxikus kritika mellett a m\u00e1sik gyakran \u00f3cs\u00e1rolt [&hellip;]","og_url":"https:\/\/concernedcitizens.ro\/?p=149","og_site_name":"Concerned Citizens csoport","article_published_time":"2024-01-12T19:46:48+00:00","article_modified_time":"2024-03-03T19:22:26+00:00","author":"Concerned Citizens","twitter_card":"summary_large_image","twitter_misc":{"Written by":"Concerned Citizens","Est. reading time":"62 minutes"},"schema":{"@context":"https:\/\/schema.org","@graph":[{"@type":"Article","@id":"https:\/\/concernedcitizens.ro\/?p=149#article","isPartOf":{"@id":"https:\/\/concernedcitizens.ro\/?p=149"},"author":{"name":"Concerned Citizens","@id":"https:\/\/concernedcitizens.ro\/#\/schema\/person\/5a96341ea4f932a6bbd61bd76d51dcf8"},"headline":"Elemz\u00e9s \u00e9s komment\u00e1rok a &#8220;Vigy\u00e1zat, a p\u00e9nzcsapok z\u00e1rulnak&#8221; c. 2024. janu\u00e1r 4-i Transtelex cikk kapcs\u00e1n","datePublished":"2024-01-12T19:46:48+00:00","dateModified":"2024-03-03T19:22:26+00:00","mainEntityOfPage":{"@id":"https:\/\/concernedcitizens.ro\/?p=149"},"wordCount":12442,"publisher":{"@id":"https:\/\/concernedcitizens.ro\/#organization"},"articleSection":["Rom\u00e1niai magyar regressz\u00edv m\u00e9dia","Tiszta k\u00f6z\u00e9let"],"inLanguage":"en-US"},{"@type":"WebPage","@id":"https:\/\/concernedcitizens.ro\/?p=149","url":"https:\/\/concernedcitizens.ro\/?p=149","name":"Elemz\u00e9s \u00e9s komment\u00e1rok a \"Vigy\u00e1zat, a p\u00e9nzcsapok z\u00e1rulnak\" c. 2024. janu\u00e1r 4-i Transtelex cikk kapcs\u00e1n - Concerned Citizens csoport","isPartOf":{"@id":"https:\/\/concernedcitizens.ro\/#website"},"datePublished":"2024-01-12T19:46:48+00:00","dateModified":"2024-03-03T19:22:26+00:00","breadcrumb":{"@id":"https:\/\/concernedcitizens.ro\/?p=149#breadcrumb"},"inLanguage":"en-US","potentialAction":[{"@type":"ReadAction","target":["https:\/\/concernedcitizens.ro\/?p=149"]}]},{"@type":"BreadcrumbList","@id":"https:\/\/concernedcitizens.ro\/?p=149#breadcrumb","itemListElement":[{"@type":"ListItem","position":1,"name":"Home","item":"https:\/\/concernedcitizens.ro\/"},{"@type":"ListItem","position":2,"name":"Elemz\u00e9s \u00e9s komment\u00e1rok a &#8220;Vigy\u00e1zat, a p\u00e9nzcsapok z\u00e1rulnak&#8221; c. 2024. janu\u00e1r 4-i Transtelex cikk kapcs\u00e1n"}]},{"@type":"WebSite","@id":"https:\/\/concernedcitizens.ro\/#website","url":"https:\/\/concernedcitizens.ro\/","name":"Concerned Citizens csoport","description":"","publisher":{"@id":"https:\/\/concernedcitizens.ro\/#organization"},"potentialAction":[{"@type":"SearchAction","target":{"@type":"EntryPoint","urlTemplate":"https:\/\/concernedcitizens.ro\/?s={search_term_string}"},"query-input":"required name=search_term_string"}],"inLanguage":"en-US"},{"@type":"Organization","@id":"https:\/\/concernedcitizens.ro\/#organization","name":"Concerned Citizens csoport","url":"https:\/\/concernedcitizens.ro\/","logo":{"@type":"ImageObject","inLanguage":"en-US","@id":"https:\/\/concernedcitizens.ro\/#\/schema\/logo\/image\/","url":"https:\/\/concernedcitizens.ro\/wp-content\/uploads\/2024\/02\/concerned_citizens-1.webp","contentUrl":"https:\/\/concernedcitizens.ro\/wp-content\/uploads\/2024\/02\/concerned_citizens-1.webp","width":589,"height":616,"caption":"Concerned Citizens csoport"},"image":{"@id":"https:\/\/concernedcitizens.ro\/#\/schema\/logo\/image\/"}},{"@type":"Person","@id":"https:\/\/concernedcitizens.ro\/#\/schema\/person\/5a96341ea4f932a6bbd61bd76d51dcf8","name":"Concerned Citizens","image":{"@type":"ImageObject","inLanguage":"en-US","@id":"https:\/\/concernedcitizens.ro\/#\/schema\/person\/image\/","url":"https:\/\/secure.gravatar.com\/avatar\/cc17af2fb15212257c85ce2881aa24988b8104bec600d1068ccdf8c9b04bea11?s=96&d=mm&r=g","contentUrl":"https:\/\/secure.gravatar.com\/avatar\/cc17af2fb15212257c85ce2881aa24988b8104bec600d1068ccdf8c9b04bea11?s=96&d=mm&r=g","caption":"Concerned Citizens"},"sameAs":["https:\/\/concernedcitizens.ro"],"url":"https:\/\/concernedcitizens.ro\/?author=1"}]}},"uagb_featured_image_src":{"full":false,"thumbnail":false,"medium":false,"medium_large":false,"large":false,"1536x1536":false,"2048x2048":false},"uagb_author_info":{"display_name":"Concerned Citizens","author_link":"https:\/\/concernedcitizens.ro\/?author=1"},"uagb_comment_info":0,"uagb_excerpt":"Az elemzett cikket itt lehet el\u00e9rni, az elemz\u00e9s el\u0151tt \u00e9rdemes v\u00e9gigolvasni egyben, eredeti megjelen\u00e9s\u00e9nek hely\u00e9n. H\u00e1tt\u00e9r A rom\u00e1niai magyar m\u00e9di\u00e1ban \u00e9s a rom\u00e1niai magyar elitk\u00f6r\u00f6kben elterjedt egy jelens\u00e9g, egy olyan diskurzus, amely a rom\u00e1niai magyar k\u00f6z\u00f6ss\u00e9get, mint homog\u00e9n egys\u00e9get destrukt\u00edv kritik\u00e1val illeti. A rom\u00e1niai magyar k\u00f6z\u00f6ss\u00e9g ir\u00e1ny\u00e1ban megfogalmazott toxikus kritika mellett a m\u00e1sik gyakran \u00f3cs\u00e1rolt&hellip;","_links":{"self":[{"href":"https:\/\/concernedcitizens.ro\/index.php?rest_route=\/wp\/v2\/posts\/149","targetHints":{"allow":["GET"]}}],"collection":[{"href":"https:\/\/concernedcitizens.ro\/index.php?rest_route=\/wp\/v2\/posts"}],"about":[{"href":"https:\/\/concernedcitizens.ro\/index.php?rest_route=\/wp\/v2\/types\/post"}],"author":[{"embeddable":true,"href":"https:\/\/concernedcitizens.ro\/index.php?rest_route=\/wp\/v2\/users\/1"}],"replies":[{"embeddable":true,"href":"https:\/\/concernedcitizens.ro\/index.php?rest_route=%2Fwp%2Fv2%2Fcomments&post=149"}],"version-history":[{"count":14,"href":"https:\/\/concernedcitizens.ro\/index.php?rest_route=\/wp\/v2\/posts\/149\/revisions"}],"predecessor-version":[{"id":279,"href":"https:\/\/concernedcitizens.ro\/index.php?rest_route=\/wp\/v2\/posts\/149\/revisions\/279"}],"wp:attachment":[{"href":"https:\/\/concernedcitizens.ro\/index.php?rest_route=%2Fwp%2Fv2%2Fmedia&parent=149"}],"wp:term":[{"taxonomy":"category","embeddable":true,"href":"https:\/\/concernedcitizens.ro\/index.php?rest_route=%2Fwp%2Fv2%2Fcategories&post=149"},{"taxonomy":"post_tag","embeddable":true,"href":"https:\/\/concernedcitizens.ro\/index.php?rest_route=%2Fwp%2Fv2%2Ftags&post=149"}],"curies":[{"name":"wp","href":"https:\/\/api.w.org\/{rel}","templated":true}]}}